{"id":1791,"date":"2025-05-29T17:14:56","date_gmt":"2025-05-29T20:14:56","guid":{"rendered":"http:\/\/posgraduacao.uea.edu.br\/cienciashumanas\/?p=1791"},"modified":"2025-05-29T17:31:23","modified_gmt":"2025-05-29T20:31:23","slug":"divulgado-o-resultado-da-eleicao-para-representante-discente-do-ppgich-uea-2025-2026","status":"publish","type":"post","link":"http:\/\/posgraduacao.uea.edu.br\/cienciashumanas\/index.php\/2025\/05\/29\/divulgado-o-resultado-da-eleicao-para-representante-discente-do-ppgich-uea-2025-2026\/","title":{"rendered":"Divulgado o resultado da elei\u00e7\u00e3o para representante discente do PPGICH\/UEA &#8211; 2025\/2026"},"content":{"rendered":"<figure class=\"wp-block-post-featured-image\"><img loading=\"lazy\" decoding=\"async\" width=\"2560\" height=\"2560\" src=\"http:\/\/posgraduacao.uea.edu.br\/cienciashumanas\/wp-content\/uploads\/2025\/05\/WhatsApp-Image-2025-05-29-at-15.21.38-scaled.jpeg\" class=\"attachment-post-thumbnail size-post-thumbnail wp-post-image\" alt=\"\" style=\"object-fit:cover;\" srcset=\"http:\/\/posgraduacao.uea.edu.br\/cienciashumanas\/wp-content\/uploads\/2025\/05\/WhatsApp-Image-2025-05-29-at-15.21.38-scaled.jpeg 2560w, http:\/\/posgraduacao.uea.edu.br\/cienciashumanas\/wp-content\/uploads\/2025\/05\/WhatsApp-Image-2025-05-29-at-15.21.38-300x300.jpeg 300w, http:\/\/posgraduacao.uea.edu.br\/cienciashumanas\/wp-content\/uploads\/2025\/05\/WhatsApp-Image-2025-05-29-at-15.21.38-1024x1024.jpeg 1024w, http:\/\/posgraduacao.uea.edu.br\/cienciashumanas\/wp-content\/uploads\/2025\/05\/WhatsApp-Image-2025-05-29-at-15.21.38-150x150.jpeg 150w, http:\/\/posgraduacao.uea.edu.br\/cienciashumanas\/wp-content\/uploads\/2025\/05\/WhatsApp-Image-2025-05-29-at-15.21.38-768x768.jpeg 768w, http:\/\/posgraduacao.uea.edu.br\/cienciashumanas\/wp-content\/uploads\/2025\/05\/WhatsApp-Image-2025-05-29-at-15.21.38-1536x1536.jpeg 1536w, http:\/\/posgraduacao.uea.edu.br\/cienciashumanas\/wp-content\/uploads\/2025\/05\/WhatsApp-Image-2025-05-29-at-15.21.38-2048x2048.jpeg 2048w\" sizes=\"auto, (max-width: 2560px) 100vw, 2560px\" \/><\/figure>\n\n\n<div class=\"wp-block-stackable-text stk-block-text stk-block stk-b545934\" data-block-id=\"b545934\"><p class=\"stk-block-text__text has-text-align-justify\"><span style=\"color: #134794;\" class=\"stk-highlight\">A Comiss\u00e3o Eleitoral do Programa de P\u00f3s-Gradua\u00e7\u00e3o Interdisciplinar em Ci\u00eancias Humanas da Universidade do Estado do Amazonas (PPGICH\/UEA) homologou o resultado da elei\u00e7\u00e3o para a representa\u00e7\u00e3o discente referente \u00e0 gest\u00e3o 2025\/2026.<\/span><\/p><\/div>\n\n\n\n<div class=\"wp-block-stackable-text stk-block-text stk-block stk-535a661\" data-block-id=\"535a661\"><p class=\"stk-block-text__text has-text-align-justify\"><span style=\"color: #134794;\" class=\"stk-highlight\">Com <strong>22 votos<\/strong>, foi eleita como <strong>representante titular<\/strong> a discente <strong>N\u00edsia Julia Vieira da Gama<\/strong>. Para a <strong>supl\u00eancia<\/strong>, foi eleita a discente <strong>Nayara Fernanda Barroso de Andrade<\/strong>, com <strong>15 votos<\/strong>, conforme estabelecido no Edital da Elei\u00e7\u00e3o.<\/span><\/p><\/div>\n\n\n\n<div class=\"wp-block-stackable-text stk-block-text stk-block stk-b1f977d\" data-block-id=\"b1f977d\"><p class=\"stk-block-text__text has-text-align-justify\"><span style=\"color: #134794;\" class=\"stk-highlight\">A nova representa\u00e7\u00e3o ter\u00e1 mandato de um ano e atuar\u00e1 junto \u00e0 Coordena\u00e7\u00e3o e \u00e0s comiss\u00f5es internas do Programa (Colegiado, Est\u00e1gio, Bolsas e Autoavalia\u00e7\u00e3o), conforme disposto no Regimento Interno do PPGICH.<\/span><\/p><\/div>\n\n\n\n<div class=\"wp-block-stackable-text stk-block-text stk-block stk-85cb80c\" data-block-id=\"85cb80c\"><p class=\"stk-block-text__text has-text-align-justify\"><span style=\"color: #134794;\" class=\"stk-highlight\">A Comiss\u00e3o Eleitoral, composta por Angelo Madson da Costa Barbosa, Giovanna da Silva Sampaio, Suellen Amanda da Silva Freire e Vera L\u00facia Silva de Souza, conduziu o processo com base nos princ\u00edpios de transpar\u00eancia e participa\u00e7\u00e3o democr\u00e1tica.<\/span><\/p><\/div>\n\n\n\n<div class=\"wp-block-stackable-text stk-block-text stk-block stk-c4ec424\" data-block-id=\"c4ec424\"><p class=\"stk-block-text__text has-text-align-justify\"><span style=\"color: #134794;\" class=\"stk-highlight\">A Coordena\u00e7\u00e3o do Programa parabeniza as discentes eleitas e agradece a todos(as) que participaram da vota\u00e7\u00e3o, fortalecendo o protagonismo estudantil e o compromisso coletivo com a gest\u00e3o acad\u00eamica.<\/span><\/p><\/div>\n\n\n\n<div class=\"wp-block-stackable-text stk-block-text stk-block stk-8c41368\" data-block-id=\"8c41368\"><p class=\"stk-block-text__text\"><span style=\"color: #134794;\" class=\"stk-highlight\">Confira o documento de homologa\u00e7\u00e3o do resultado da elei\u00e7\u00e3o<\/span><\/p><\/div>\n\n\n\n<div class=\"wp-block-file aligncenter\"><a href=\"http:\/\/posgraduacao.uea.edu.br\/cienciashumanas\/wp-content\/uploads\/2025\/05\/HOMOLOGACAO_DO_RESULTADO-ELEICAO_PPGICH_25-26_atualizado_assinado_assinado_assinado_assinado.pdf\" class=\"wp-block-file__button wp-element-button\" download>Homologa\u00e7\u00e3o do Resultado<\/a><\/div>\n\n\n\n<p><\/p>\n","protected":false},"excerpt":{"rendered":"<p>A Comiss\u00e3o Eleitoral do Programa de P\u00f3s-Gradua\u00e7\u00e3o Interdisciplinar em Ci\u00eancias Humanas da Universidade do Estado do Amazonas (PPGICH\/UEA) torna p\u00fablico o edital de elei\u00e7\u00e3o para escolha da nova representa\u00e7\u00e3o discente (titular e suplente) para o per\u00edodo 2025\/2026.<\/p>\n","protected":false},"author":3,"featured_media":1792,"comment_status":"open","ping_status":"open","sticky":false,"template":"","format":"standard","meta":{"footnotes":""},"categories":[10],"tags":[],"class_list":["post-1791","post","type-post","status-publish","format-standard","has-post-thumbnail","hentry","category-noticias"],"blocksy_meta":[],"_links":{"self":[{"href":"http:\/\/posgraduacao.uea.edu.br\/cienciashumanas\/index.php\/wp-json\/wp\/v2\/posts\/1791","targetHints":{"allow":["GET"]}}],"collection":[{"href":"http:\/\/posgraduacao.uea.edu.br\/cienciashumanas\/index.php\/wp-json\/wp\/v2\/posts"}],"about":[{"href":"http:\/\/posgraduacao.uea.edu.br\/cienciashumanas\/index.php\/wp-json\/wp\/v2\/types\/post"}],"author":[{"embeddable":true,"href":"http:\/\/posgraduacao.uea.edu.br\/cienciashumanas\/index.php\/wp-json\/wp\/v2\/users\/3"}],"replies":[{"embeddable":true,"href":"http:\/\/posgraduacao.uea.edu.br\/cienciashumanas\/index.php\/wp-json\/wp\/v2\/comments?post=1791"}],"version-history":[{"count":3,"href":"http:\/\/posgraduacao.uea.edu.br\/cienciashumanas\/index.php\/wp-json\/wp\/v2\/posts\/1791\/revisions"}],"predecessor-version":[{"id":1796,"href":"http:\/\/posgraduacao.uea.edu.br\/cienciashumanas\/index.php\/wp-json\/wp\/v2\/posts\/1791\/revisions\/1796"}],"wp:featuredmedia":[{"embeddable":true,"href":"http:\/\/posgraduacao.uea.edu.br\/cienciashumanas\/index.php\/wp-json\/wp\/v2\/media\/1792"}],"wp:attachment":[{"href":"http:\/\/posgraduacao.uea.edu.br\/cienciashumanas\/index.php\/wp-json\/wp\/v2\/media?parent=1791"}],"wp:term":[{"taxonomy":"category","embeddable":true,"href":"http:\/\/posgraduacao.uea.edu.br\/cienciashumanas\/index.php\/wp-json\/wp\/v2\/categories?post=1791"},{"taxonomy":"post_tag","embeddable":true,"href":"http:\/\/posgraduacao.uea.edu.br\/cienciashumanas\/index.php\/wp-json\/wp\/v2\/tags?post=1791"}],"curies":[{"name":"wp","href":"https:\/\/api.w.org\/{rel}","templated":true}]}}