{"id":1814,"date":"2025-06-26T21:52:14","date_gmt":"2025-06-27T00:52:14","guid":{"rendered":"http:\/\/posgraduacao.uea.edu.br\/cienciashumanas\/?p=1814"},"modified":"2025-06-30T11:07:36","modified_gmt":"2025-06-30T14:07:36","slug":"chamadaabertaalunoespecial20252","status":"publish","type":"post","link":"http:\/\/posgraduacao.uea.edu.br\/cienciashumanas\/index.php\/2025\/06\/26\/chamadaabertaalunoespecial20252\/","title":{"rendered":"AVISO DE ABERTURA DE VAGAS PARA ALUNO ESPECIAL \u2013 2025\/2"},"content":{"rendered":"<figure class=\"wp-block-post-featured-image\"><img loading=\"lazy\" decoding=\"async\" width=\"1080\" height=\"1080\" src=\"http:\/\/posgraduacao.uea.edu.br\/cienciashumanas\/wp-content\/uploads\/2025\/06\/Aluno-especial-20252.png\" class=\"attachment-post-thumbnail size-post-thumbnail wp-post-image\" alt=\"\" style=\"object-fit:cover;\" srcset=\"http:\/\/posgraduacao.uea.edu.br\/cienciashumanas\/wp-content\/uploads\/2025\/06\/Aluno-especial-20252.png 1080w, http:\/\/posgraduacao.uea.edu.br\/cienciashumanas\/wp-content\/uploads\/2025\/06\/Aluno-especial-20252-300x300.png 300w, http:\/\/posgraduacao.uea.edu.br\/cienciashumanas\/wp-content\/uploads\/2025\/06\/Aluno-especial-20252-1024x1024.png 1024w, http:\/\/posgraduacao.uea.edu.br\/cienciashumanas\/wp-content\/uploads\/2025\/06\/Aluno-especial-20252-150x150.png 150w, http:\/\/posgraduacao.uea.edu.br\/cienciashumanas\/wp-content\/uploads\/2025\/06\/Aluno-especial-20252-768x768.png 768w\" sizes=\"auto, (max-width: 1080px) 100vw, 1080px\" \/><\/figure>\n\n\n<div class=\"wp-block-stackable-text stk-block-text stk-block stk-b545934\" data-block-id=\"b545934\"><style>.stk-b545934 {margin-bottom:0px !important;}<\/style><p class=\"stk-block-text__text has-text-align-justify\"><\/p><\/div>\n\n\n\n<p><span style=\"color: #134794;\" class=\"stk-highlight\">O Programa de P\u00f3s-Gradua\u00e7\u00e3o Interdisciplinar em Ci\u00eancias Humanas (PPGICH) da Universidade do Estado do Amazonas (UEA) torna p\u00fablico o Aviso de Abertura de Vagas para Aluno Especial no semestre 2025\/2.<\/span><\/p>\n\n\n\n<p><span style=\"color: #134794;\" class=\"stk-highlight\">Est\u00e3o sendo ofertadas 25 (vinte e cinco) vagas distribu\u00eddas entre os polos Manaus e Tef\u00e9, destinadas a portadores de diploma de curso de gradua\u00e7\u00e3o reconhecido pelo MEC que desejem cursar uma disciplina isolada no \u00e2mbito do Mestrado em Ci\u00eancias Humanas.<\/span><\/p>\n\n\n\n<p><span style=\"color: #134794;\" class=\"stk-highlight\">\ud83d\udd39 Per\u00edodo de Inscri\u00e7\u00e3o:<br>De 30 de junho a 4 de julho de 2025, exclusivamente por meio do Formul\u00e1rio Eletr\u00f4nico de Inscri\u00e7\u00e3o, dispon\u00edvel no link: <a href=\"https:\/\/forms.gle\/ZTY2gPwmbyMdQ7MMA\">https:\/\/forms.gle\/ZTY2gPwmbyMdQ7MMA<\/a><br>(O formul\u00e1rio estar\u00e1 acess\u00edvel das 8h00 do dia 30\/06 at\u00e9 \u00e0s 23h59 do dia 04\/07, hor\u00e1rio de Manaus).<\/span><\/p>\n\n\n\n<p><span style=\"color: #134794;\" class=\"stk-highlight\">\ud83d\udd39 As Disciplinas Ofertadas, com suas respectivas vagas, polos e docentes, est\u00e3o descritas no Anexo I do Aviso.<\/span><\/p>\n\n\n\n<p><\/p>\n\n\n\n<p>\ud83d\udd39<span style=\"color: #134794;\" class=\"stk-highlight\"> Crit\u00e9rios de Classifica\u00e7\u00e3o:<br>Ter\u00e3o prioridade alunos regulares de outros Programas de P\u00f3s-Gradua\u00e7\u00e3o stricto sensu recomendados pela CAPES, com desempate pelo tempo de matr\u00edcula no programa de origem.<\/span><\/p>\n\n\n\n<p>\ud83d\udd39<span style=\"color: #134794;\" class=\"stk-highlight\"> Cronograma:<br>Per\u00edodo de Inscri\u00e7\u00e3o: 30\/06 a 04\/07\/2025<\/span><\/p>\n\n\n\n<p><span style=\"color: #134794;\" class=\"stk-highlight\">As vagas remanescentes ser\u00e3o destinadas aos demais candidatos, classificados conforme o Coeficiente de Rendimento (CR) do hist\u00f3rico acad\u00eamico.<\/span><\/p>\n\n\n\n<p><span style=\"color: #134794;\" class=\"stk-highlight\">Divulga\u00e7\u00e3o do Resultado: 09\/07\/2025<\/span><\/p>\n\n\n\n<p><span style=\"color: #134794;\" class=\"stk-highlight\">Entrega da Documenta\u00e7\u00e3o F\u00edsica: 16\/07\/2025<\/span><\/p>\n\n\n\n<p><span style=\"color: #134794;\" class=\"stk-highlight\">Confirma\u00e7\u00e3o da Lista de Alunos Especiais: 18\/07\/2025<\/span><\/p>\n\n\n\n<p><span style=\"color: #134794;\" class=\"stk-highlight\">In\u00edcio das Aulas: 04\/08\/2025<\/span><\/p>\n\n\n\n<p><\/p>\n\n\n\n<p>\ud83d\udd39 <span style=\"color: #134794;\" class=\"stk-highlight\">Observa\u00e7\u00f5es Importantes:<br>As aulas ser\u00e3o realizadas presencialmente nos polos de Manaus e Tef\u00e9, conforme a disciplina escolhida.<\/span><\/p>\n\n\n\n<p><span style=\"color: #134794;\" class=\"stk-highlight\">Cada candidato poder\u00e1 se inscrever em apenas uma disciplina.<\/span><\/p>\n\n\n\n<p><span style=\"color: #134794;\" class=\"stk-highlight\">N\u00e3o \u00e9 permitido cursar mais de duas disciplinas na condi\u00e7\u00e3o de aluno especial ao longo do v\u00ednculo com o programa.<\/span><\/p>\n\n\n\n<p><span style=\"color: #134794;\" class=\"stk-highlight\">\ud83d\udcd1 Acesse aqui o Aviso de Abertura de Vagas completo:<br><\/span>\ud83d\udc49<a href=\"http:\/\/posgraduacao.uea.edu.br\/cienciashumanas\/wp-content\/uploads\/2025\/06\/AVISO_DE_ABERTURA_DE_VAGAS_ALUNO_ESPECIAL_PPGICH_2025-2_2_sites_assinado.pdf\" data-type=\"link\" data-id=\"http:\/\/posgraduacao.uea.edu.br\/cienciashumanas\/wp-content\/uploads\/2025\/06\/AVISO_DE_ABERTURA_DE_VAGAS_ALUNO_ESPECIAL_PPGICH_2025-2_2_sites_assinado.pdf\" target=\"_blank\" rel=\"noreferrer noopener\">AVISO DE ABERTURA DE VAGAS ALUNOS ESPECIAIS 2025-2<\/a><\/p>\n\n\n\n<p><span style=\"color: #134794;\" class=\"stk-highlight\">Para mais informa\u00e7\u00f5es, acompanhe nossas atualiza\u00e7\u00f5es no portal do PPGICH e em nossas redes sociais.<\/span><\/p>\n\n\n\n<p><\/p>\n","protected":false},"excerpt":{"rendered":"<p>O Programa de P\u00f3s-Gradua\u00e7\u00e3o Interdisciplinar em Ci\u00eancias Humanas (PPGICH) da Universidade do Estado do Amazonas (UEA) torna p\u00fablico o Aviso de Abertura de Vagas para Aluno Especial no semestre 2025\/2.<\/p>\n","protected":false},"author":3,"featured_media":2053,"comment_status":"open","ping_status":"open","sticky":false,"template":"","format":"standard","meta":{"footnotes":""},"categories":[10],"tags":[],"class_list":["post-1814","post","type-post","status-publish","format-standard","has-post-thumbnail","hentry","category-noticias"],"blocksy_meta":[],"_links":{"self":[{"href":"http:\/\/posgraduacao.uea.edu.br\/cienciashumanas\/index.php\/wp-json\/wp\/v2\/posts\/1814","targetHints":{"allow":["GET"]}}],"collection":[{"href":"http:\/\/posgraduacao.uea.edu.br\/cienciashumanas\/index.php\/wp-json\/wp\/v2\/posts"}],"about":[{"href":"http:\/\/posgraduacao.uea.edu.br\/cienciashumanas\/index.php\/wp-json\/wp\/v2\/types\/post"}],"author":[{"embeddable":true,"href":"http:\/\/posgraduacao.uea.edu.br\/cienciashumanas\/index.php\/wp-json\/wp\/v2\/users\/3"}],"replies":[{"embeddable":true,"href":"http:\/\/posgraduacao.uea.edu.br\/cienciashumanas\/index.php\/wp-json\/wp\/v2\/comments?post=1814"}],"version-history":[{"count":3,"href":"http:\/\/posgraduacao.uea.edu.br\/cienciashumanas\/index.php\/wp-json\/wp\/v2\/posts\/1814\/revisions"}],"predecessor-version":[{"id":2064,"href":"http:\/\/posgraduacao.uea.edu.br\/cienciashumanas\/index.php\/wp-json\/wp\/v2\/posts\/1814\/revisions\/2064"}],"wp:featuredmedia":[{"embeddable":true,"href":"http:\/\/posgraduacao.uea.edu.br\/cienciashumanas\/index.php\/wp-json\/wp\/v2\/media\/2053"}],"wp:attachment":[{"href":"http:\/\/posgraduacao.uea.edu.br\/cienciashumanas\/index.php\/wp-json\/wp\/v2\/media?parent=1814"}],"wp:term":[{"taxonomy":"category","embeddable":true,"href":"http:\/\/posgraduacao.uea.edu.br\/cienciashumanas\/index.php\/wp-json\/wp\/v2\/categories?post=1814"},{"taxonomy":"post_tag","embeddable":true,"href":"http:\/\/posgraduacao.uea.edu.br\/cienciashumanas\/index.php\/wp-json\/wp\/v2\/tags?post=1814"}],"curies":[{"name":"wp","href":"https:\/\/api.w.org\/{rel}","templated":true}]}}