{"id":1831,"date":"2025-06-19T15:50:16","date_gmt":"2025-06-19T18:50:16","guid":{"rendered":"http:\/\/posgraduacao.uea.edu.br\/cienciashumanas\/?p=1831"},"modified":"2025-06-19T15:50:16","modified_gmt":"2025-06-19T18:50:16","slug":"ppgich-uea-alcanca-a-marca-de-150-defesas-com-pesquisa-sobre-o-forte-de-sao-jose-da-barra-do-rio-negro","status":"publish","type":"post","link":"http:\/\/posgraduacao.uea.edu.br\/cienciashumanas\/index.php\/2025\/06\/19\/ppgich-uea-alcanca-a-marca-de-150-defesas-com-pesquisa-sobre-o-forte-de-sao-jose-da-barra-do-rio-negro\/","title":{"rendered":"PPGICH\/UEA alcan\u00e7a a marca de 150 defesas com pesquisa sobre o Forte de S\u00e3o Jos\u00e9 da Barra do Rio Negro"},"content":{"rendered":"<figure class=\"wp-block-post-featured-image\"><img loading=\"lazy\" decoding=\"async\" width=\"1080\" height=\"1350\" src=\"http:\/\/posgraduacao.uea.edu.br\/cienciashumanas\/wp-content\/uploads\/2025\/06\/noticia-samuel.png\" class=\"attachment-post-thumbnail size-post-thumbnail wp-post-image\" alt=\"\" style=\"object-fit:cover;\" srcset=\"http:\/\/posgraduacao.uea.edu.br\/cienciashumanas\/wp-content\/uploads\/2025\/06\/noticia-samuel.png 1080w, http:\/\/posgraduacao.uea.edu.br\/cienciashumanas\/wp-content\/uploads\/2025\/06\/noticia-samuel-240x300.png 240w, http:\/\/posgraduacao.uea.edu.br\/cienciashumanas\/wp-content\/uploads\/2025\/06\/noticia-samuel-819x1024.png 819w, http:\/\/posgraduacao.uea.edu.br\/cienciashumanas\/wp-content\/uploads\/2025\/06\/noticia-samuel-768x960.png 768w\" sizes=\"auto, (max-width: 1080px) 100vw, 1080px\" \/><\/figure>\n\n\n<div class=\"wp-block-stackable-text stk-block-text stk-block stk-b545934\" data-block-id=\"b545934\"><p class=\"stk-block-text__text has-text-align-justify\"><span style=\"color: #134794;\" class=\"stk-highlight\">O Programa de P\u00f3s-Gradua\u00e7\u00e3o Interdisciplinar em Ci\u00eancias Humanas da Universidade do Estado do Amazonas (PPGICH\/UEA) recebe com entusiasmo os novos servidores que passam a compor a equipe de secretarias acad\u00eamicas do Programa.<\/span><\/p><\/div>\n\n\n\n<p><span style=\"color: #134794;\" class=\"stk-highlight\">O Programa de P\u00f3s-Gradua\u00e7\u00e3o Interdisciplinar em Ci\u00eancias Humanas da Universidade do Estado do Amazonas (PPGICH\/UEA) celebra um marco hist\u00f3rico: a realiza\u00e7\u00e3o da <strong>150\u00aa defesa de disserta\u00e7\u00e3o<\/strong> desde a sua cria\u00e7\u00e3o.<\/span><\/p>\n\n\n\n<p><span style=\"color: #134794;\" class=\"stk-highlight\">No dia <strong>20 de junho de 2025<\/strong>, \u00e0s <strong>9h<\/strong>, o mestrando <strong>Samuel Elias Candeiro<\/strong> apresentar\u00e1 a disserta\u00e7\u00e3o intitulada:<\/span><\/p>\n\n\n\n<p><strong><span style=\"color: #134794;\" class=\"stk-highlight\">\u201cBem ali tinha uma fortifica\u00e7\u00e3o: de documentos e de vest\u00edgios, a mem\u00f3ria e a hist\u00f3ria do Forte de S\u00e3o Jos\u00e9 da Barra do Rio Negro\u201d<\/span><\/strong><\/p>\n\n\n\n<p><span style=\"color: #134794;\" class=\"stk-highlight\">Orientado pela professora doutora <strong>Tatiana de Lima Pedrosa Santos<\/strong>, o trabalho investiga os registros documentais, os vest\u00edgios f\u00edsicos e as mem\u00f3rias sociais sobre o Forte de S\u00e3o Jos\u00e9 da Barra do Rio Negro, marco fundacional da cidade de Manaus. A pesquisa prop\u00f5e uma reflex\u00e3o sobre os processos de constru\u00e7\u00e3o hist\u00f3rica e patrimonializa\u00e7\u00e3o desse espa\u00e7o, que foi fundamental para a ocupa\u00e7\u00e3o da regi\u00e3o amaz\u00f4nica.<\/span><\/p>\n\n\n\n<p><span style=\"color: #134794;\" class=\"stk-highlight\">A banca examinadora ser\u00e1 composta por:<\/span><\/p>\n\n\n\n<div class=\"wp-block-stackable-icon-list stk-block-icon-list stk-block stk-92c2361\" data-block-id=\"92c2361\"><svg style=\"display:none\"><defs><g id=\"stk-icon-list__icon-svg-def-92c2361\"><svg xmlns=\"http:\/\/www.w3.org\/2000\/svg\" viewBox=\"0 0 190 190\"><polygon points=\"173.8,28.4 60.4,141.8 15.7,97.2 5.1,107.8 60.4,163 184.4,39 173.8,28.4\"\/><\/svg><\/g><\/defs><\/svg><ul class=\"stk-block-icon-list__ul stk-block-icon-list--column\">\n<li class=\"wp-block-stackable-icon-list-item stk-block-icon-list-item stk-block stk-2ca0859\" data-block-id=\"2ca0859\"><div class=\"stk-block-icon-list-item__content\"><span class=\"stk--svg-wrapper\"><div class=\"stk--inner-svg\"><svg aria-hidden=\"true\" width=\"32\" height=\"32\"><use xlink:href=\"#stk-icon-list__icon-svg-def-92c2361\"><\/use><\/svg><\/div><\/span><span class=\"stk-block-icon-list-item__text\"><span style=\"color: #134794;\" class=\"stk-highlight\">Dra. Tatiana de Lima Pedrosa Santos (Presidente \u2013 UEA)<\/span><\/span><\/div><\/li>\n\n\n\n<li class=\"wp-block-stackable-icon-list-item stk-block-icon-list-item stk-block stk-c2047bc\" data-block-id=\"c2047bc\"><div class=\"stk-block-icon-list-item__content\"><span class=\"stk--svg-wrapper\"><div class=\"stk--inner-svg\"><svg aria-hidden=\"true\" width=\"32\" height=\"32\"><use xlink:href=\"#stk-icon-list__icon-svg-def-92c2361\"><\/use><\/svg><\/div><\/span><span class=\"stk-block-icon-list-item__text\"><span style=\"color: #134794;\" class=\"stk-highlight\">Dr. Geraldo Jorge Tupinamb\u00e1 do Valle (Titular \u2013 UEA)<\/span><\/span><\/div><\/li>\n\n\n\n<li class=\"wp-block-stackable-icon-list-item stk-block-icon-list-item stk-block stk-ebdf7a7\" data-block-id=\"ebdf7a7\"><div class=\"stk-block-icon-list-item__content\"><span class=\"stk--svg-wrapper\"><div class=\"stk--inner-svg\"><svg aria-hidden=\"true\" width=\"32\" height=\"32\"><use xlink:href=\"#stk-icon-list__icon-svg-def-92c2361\"><\/use><\/svg><\/div><\/span><span class=\"stk-block-icon-list-item__text\"><span style=\"color: #134794;\" class=\"stk-highlight\">Dr. Leandro Eut\u00e1quio Gomes (Titular \u2013 UFMG)<\/span><\/span><\/div><\/li>\n\n\n\n<li class=\"wp-block-stackable-icon-list-item stk-block-icon-list-item stk-block stk-30f1bc3\" data-block-id=\"30f1bc3\"><div class=\"stk-block-icon-list-item__content\"><span class=\"stk--svg-wrapper\"><div class=\"stk--inner-svg\"><svg aria-hidden=\"true\" width=\"32\" height=\"32\"><use xlink:href=\"#stk-icon-list__icon-svg-def-92c2361\"><\/use><\/svg><\/div><\/span><span class=\"stk-block-icon-list-item__text\"><span style=\"color: #134794;\" class=\"stk-highlight\">Dr. Rafael Ale Rocha (Suplente \u2013 UEA)<\/span><\/span><\/div><\/li>\n\n\n\n<li class=\"wp-block-stackable-icon-list-item stk-block-icon-list-item stk-block stk-8537b88\" data-block-id=\"8537b88\"><div class=\"stk-block-icon-list-item__content\"><span class=\"stk--svg-wrapper\"><div class=\"stk--inner-svg\"><svg aria-hidden=\"true\" width=\"32\" height=\"32\"><use xlink:href=\"#stk-icon-list__icon-svg-def-92c2361\"><\/use><\/svg><\/div><\/span><span class=\"stk-block-icon-list-item__text\"><span style=\"color: #134794;\" class=\"stk-highlight\">Dr. Paulo de Oliveira Nascimento (Suplente \u2013 UFPE)<\/span><\/span><\/div><\/li>\n<\/ul><\/div>\n\n\n\n<p><span style=\"color: #134794;\" class=\"stk-highlight\">A defesa ser\u00e1 realizada de forma virtual e poder\u00e1 ser acompanhada pelo link:<br><\/span>\ud83d\udd17 <a class=\"\" href=\"https:\/\/meet.google.com\/ygz-fxkk-fgk\">https:\/\/meet.google.com\/ygz-fxkk-fgk<\/a><\/p>\n\n\n\n<p><span style=\"color: #134794;\" class=\"stk-highlight\">O PPGICH\/UEA parabeniza o mestrando e todos os envolvidos pela conquista e refor\u00e7a o compromisso cont\u00ednuo com a forma\u00e7\u00e3o acad\u00eamica e a produ\u00e7\u00e3o de conhecimento interdisciplinar voltado para a Amaz\u00f4nia.<\/span><\/p>\n\n\n\n<p><span style=\"color: #134794;\" class=\"stk-highlight\">Mais informa\u00e7\u00f5es: <a class=\"\" href=\"http:\/\/www.pos.uea.edu.br\/cienciashumanas\">www.pos.uea.edu.br\/cienciashumanas<\/a><\/span><\/p>\n\n\n\n<div data-wp-interactive=\"core\/file\" class=\"wp-block-file\"><object data-wp-bind--hidden=\"!state.hasPdfPreview\" hidden class=\"wp-block-file__embed\" data=\"http:\/\/posgraduacao.uea.edu.br\/cienciashumanas\/wp-content\/uploads\/2025\/06\/CHAMAMENTO_PUBLICO_24_SAMUEL_CANDEIRO_assinado-ok.pdf\" type=\"application\/pdf\" style=\"width:100%;height:200px\" aria-label=\"Incorporado de CHAMAMENTO_PUBLICO_24_SAMUEL_CANDEIRO_assinado ok.\"><\/object><a id=\"wp-block-file--media-05226aa9-4469-44b1-8c3e-c2635cd9c0b5\" href=\"http:\/\/posgraduacao.uea.edu.br\/cienciashumanas\/wp-content\/uploads\/2025\/06\/CHAMAMENTO_PUBLICO_24_SAMUEL_CANDEIRO_assinado-ok.pdf\">CHAMAMENTO_PUBLICO_24_SAMUEL_CANDEIRO_assinado ok<\/a><a href=\"http:\/\/posgraduacao.uea.edu.br\/cienciashumanas\/wp-content\/uploads\/2025\/06\/CHAMAMENTO_PUBLICO_24_SAMUEL_CANDEIRO_assinado-ok.pdf\" class=\"wp-block-file__button wp-element-button\" download aria-describedby=\"wp-block-file--media-05226aa9-4469-44b1-8c3e-c2635cd9c0b5\">Baixar<\/a><\/div>\n\n\n\n<p><\/p>\n","protected":false},"excerpt":{"rendered":"<p>A Comiss\u00e3o Eleitoral do Programa de P\u00f3s-Gradua\u00e7\u00e3o Interdisciplinar em Ci\u00eancias Humanas da Universidade do Estado do Amazonas (PPGICH\/UEA) torna p\u00fablico o edital de elei\u00e7\u00e3o para escolha da nova representa\u00e7\u00e3o discente (titular e suplente) para o per\u00edodo 2025\/2026.<\/p>\n","protected":false},"author":3,"featured_media":1832,"comment_status":"open","ping_status":"open","sticky":false,"template":"","format":"standard","meta":{"footnotes":""},"categories":[10],"tags":[],"class_list":["post-1831","post","type-post","status-publish","format-standard","has-post-thumbnail","hentry","category-noticias"],"blocksy_meta":[],"_links":{"self":[{"href":"http:\/\/posgraduacao.uea.edu.br\/cienciashumanas\/index.php\/wp-json\/wp\/v2\/posts\/1831","targetHints":{"allow":["GET"]}}],"collection":[{"href":"http:\/\/posgraduacao.uea.edu.br\/cienciashumanas\/index.php\/wp-json\/wp\/v2\/posts"}],"about":[{"href":"http:\/\/posgraduacao.uea.edu.br\/cienciashumanas\/index.php\/wp-json\/wp\/v2\/types\/post"}],"author":[{"embeddable":true,"href":"http:\/\/posgraduacao.uea.edu.br\/cienciashumanas\/index.php\/wp-json\/wp\/v2\/users\/3"}],"replies":[{"embeddable":true,"href":"http:\/\/posgraduacao.uea.edu.br\/cienciashumanas\/index.php\/wp-json\/wp\/v2\/comments?post=1831"}],"version-history":[{"count":1,"href":"http:\/\/posgraduacao.uea.edu.br\/cienciashumanas\/index.php\/wp-json\/wp\/v2\/posts\/1831\/revisions"}],"predecessor-version":[{"id":1833,"href":"http:\/\/posgraduacao.uea.edu.br\/cienciashumanas\/index.php\/wp-json\/wp\/v2\/posts\/1831\/revisions\/1833"}],"wp:featuredmedia":[{"embeddable":true,"href":"http:\/\/posgraduacao.uea.edu.br\/cienciashumanas\/index.php\/wp-json\/wp\/v2\/media\/1832"}],"wp:attachment":[{"href":"http:\/\/posgraduacao.uea.edu.br\/cienciashumanas\/index.php\/wp-json\/wp\/v2\/media?parent=1831"}],"wp:term":[{"taxonomy":"category","embeddable":true,"href":"http:\/\/posgraduacao.uea.edu.br\/cienciashumanas\/index.php\/wp-json\/wp\/v2\/categories?post=1831"},{"taxonomy":"post_tag","embeddable":true,"href":"http:\/\/posgraduacao.uea.edu.br\/cienciashumanas\/index.php\/wp-json\/wp\/v2\/tags?post=1831"}],"curies":[{"name":"wp","href":"https:\/\/api.w.org\/{rel}","templated":true}]}}