{"id":3592,"date":"2025-08-19T16:26:34","date_gmt":"2025-08-19T19:26:34","guid":{"rendered":"http:\/\/posgraduacao.uea.edu.br\/cienciashumanas\/?p=3592"},"modified":"2025-08-19T16:26:34","modified_gmt":"2025-08-19T19:26:34","slug":"vem-ai-o-x-transfronteiras-o-lugar-da-amazonia-no-sul-global","status":"publish","type":"post","link":"http:\/\/posgraduacao.uea.edu.br\/cienciashumanas\/index.php\/2025\/08\/19\/vem-ai-o-x-transfronteiras-o-lugar-da-amazonia-no-sul-global\/","title":{"rendered":"Vem a\u00ed o X Transfronteiras: O lugar da Amaz\u00f4nia no Sul Global"},"content":{"rendered":"<figure class=\"wp-block-post-featured-image\"><img loading=\"lazy\" decoding=\"async\" width=\"1920\" height=\"2560\" src=\"http:\/\/posgraduacao.uea.edu.br\/cienciashumanas\/wp-content\/uploads\/2025\/08\/Cartaz-oficial-scaled.png\" class=\"attachment-post-thumbnail size-post-thumbnail wp-post-image\" alt=\"\" style=\"object-fit:cover;\" srcset=\"http:\/\/posgraduacao.uea.edu.br\/cienciashumanas\/wp-content\/uploads\/2025\/08\/Cartaz-oficial-scaled.png 1920w, http:\/\/posgraduacao.uea.edu.br\/cienciashumanas\/wp-content\/uploads\/2025\/08\/Cartaz-oficial-225x300.png 225w, http:\/\/posgraduacao.uea.edu.br\/cienciashumanas\/wp-content\/uploads\/2025\/08\/Cartaz-oficial-768x1024.png 768w, http:\/\/posgraduacao.uea.edu.br\/cienciashumanas\/wp-content\/uploads\/2025\/08\/Cartaz-oficial-1152x1536.png 1152w, http:\/\/posgraduacao.uea.edu.br\/cienciashumanas\/wp-content\/uploads\/2025\/08\/Cartaz-oficial-1536x2048.png 1536w\" sizes=\"auto, (max-width: 1920px) 100vw, 1920px\" \/><\/figure>\n\n\n<div class=\"wp-block-stackable-text stk-block-text stk-block stk-b545934\" data-block-id=\"b545934\"><style>.stk-b545934 {margin-bottom:0px !important;}<\/style><p class=\"stk-block-text__text has-text-align-justify\"><\/p><\/div>\n\n\n\n<p><span style=\"color: #134794;\" class=\"stk-highlight\">Entre os dias <strong>8 e 12 de setembro de 2025<\/strong>, ser\u00e1 realizado o <strong>X Transfronteiras \u2013 O lugar da Amaz\u00f4nia no Sul Global<\/strong>, evento que reunir\u00e1 pesquisadores, estudantes e comunidades para refletir sobre os desafios e potencialidades da regi\u00e3o amaz\u00f4nica em di\u00e1logo com o Sul Global.<\/span><\/p>\n\n\n\n<p><span style=\"color: #134794;\" class=\"stk-highlight\">A programa\u00e7\u00e3o ocorrer\u00e1 em diferentes unidades da Universidade do Estado do Amazonas (UEA) e da Universidade Federal do Amazonas (Ufam), contemplando o <strong>Centro de Estudos Superiores de Parintins (Cesp)<\/strong>, o <strong>Centro de Estudos Superiores de Tef\u00e9 (Cest)<\/strong>, o <strong>Centro de Estudos Superiores de Tabatinga (Cestb)<\/strong>, a <strong>Escola Superior de Ci\u00eancias Sociais (ESO)<\/strong> e o <strong>campus da Ufam<\/strong>, em Manaus.<\/span><\/p>\n\n\n\n<p><span style=\"color: #134794;\" class=\"stk-highlight\">O Transfronteiras, em sua 10\u00aa edi\u00e7\u00e3o, reafirma o compromisso com a interdisciplinaridade e a promo\u00e7\u00e3o do interc\u00e2mbio de experi\u00eancias, saberes e pr\u00e1ticas entre pesquisadores e comunidades amaz\u00f4nicas, em perspectiva internacional.<\/span><\/p>\n\n\n\n<p><span style=\"color: #134794;\" class=\"stk-highlight\">A <strong>I Circular<\/strong> e a descri\u00e7\u00e3o dos <strong>Grupos de Trabalho (GTs)<\/strong> j\u00e1 est\u00e3o dispon\u00edveis no site oficial do evento:<br><\/span>\ud83d\udd17 <a class=\"\" href=\"https:\/\/transfrontppgich.wixsite.com\/website\">https:\/\/transfrontppgich.wixsite.com\/website<\/a><\/p>\n\n\n\n<p><\/p>\n","protected":false},"excerpt":{"rendered":"<p>Entre os dias 8 e 12 de setembro de 2025, ser\u00e1 realizado o X Transfronteiras \u2013 O lugar da Amaz\u00f4nia no Sul Global, evento que reunir\u00e1 pesquisadores, estudantes e comunidades para refletir sobre os desafios e potencialidades da regi\u00e3o amaz\u00f4nica em di\u00e1logo com o Sul Global.<\/p>\n","protected":false},"author":3,"featured_media":3593,"comment_status":"open","ping_status":"open","sticky":false,"template":"","format":"standard","meta":{"footnotes":""},"categories":[10],"tags":[],"class_list":["post-3592","post","type-post","status-publish","format-standard","has-post-thumbnail","hentry","category-noticias"],"blocksy_meta":[],"_links":{"self":[{"href":"http:\/\/posgraduacao.uea.edu.br\/cienciashumanas\/index.php\/wp-json\/wp\/v2\/posts\/3592","targetHints":{"allow":["GET"]}}],"collection":[{"href":"http:\/\/posgraduacao.uea.edu.br\/cienciashumanas\/index.php\/wp-json\/wp\/v2\/posts"}],"about":[{"href":"http:\/\/posgraduacao.uea.edu.br\/cienciashumanas\/index.php\/wp-json\/wp\/v2\/types\/post"}],"author":[{"embeddable":true,"href":"http:\/\/posgraduacao.uea.edu.br\/cienciashumanas\/index.php\/wp-json\/wp\/v2\/users\/3"}],"replies":[{"embeddable":true,"href":"http:\/\/posgraduacao.uea.edu.br\/cienciashumanas\/index.php\/wp-json\/wp\/v2\/comments?post=3592"}],"version-history":[{"count":1,"href":"http:\/\/posgraduacao.uea.edu.br\/cienciashumanas\/index.php\/wp-json\/wp\/v2\/posts\/3592\/revisions"}],"predecessor-version":[{"id":3594,"href":"http:\/\/posgraduacao.uea.edu.br\/cienciashumanas\/index.php\/wp-json\/wp\/v2\/posts\/3592\/revisions\/3594"}],"wp:featuredmedia":[{"embeddable":true,"href":"http:\/\/posgraduacao.uea.edu.br\/cienciashumanas\/index.php\/wp-json\/wp\/v2\/media\/3593"}],"wp:attachment":[{"href":"http:\/\/posgraduacao.uea.edu.br\/cienciashumanas\/index.php\/wp-json\/wp\/v2\/media?parent=3592"}],"wp:term":[{"taxonomy":"category","embeddable":true,"href":"http:\/\/posgraduacao.uea.edu.br\/cienciashumanas\/index.php\/wp-json\/wp\/v2\/categories?post=3592"},{"taxonomy":"post_tag","embeddable":true,"href":"http:\/\/posgraduacao.uea.edu.br\/cienciashumanas\/index.php\/wp-json\/wp\/v2\/tags?post=3592"}],"curies":[{"name":"wp","href":"https:\/\/api.w.org\/{rel}","templated":true}]}}