{"id":3814,"date":"2025-09-26T20:18:27","date_gmt":"2025-09-26T23:18:27","guid":{"rendered":"http:\/\/posgraduacao.uea.edu.br\/cienciashumanas\/?p=3814"},"modified":"2025-09-26T20:20:24","modified_gmt":"2025-09-26T23:20:24","slug":"vem-ai-pss-2026-ppgich","status":"publish","type":"post","link":"http:\/\/posgraduacao.uea.edu.br\/cienciashumanas\/index.php\/2025\/09\/26\/vem-ai-pss-2026-ppgich\/","title":{"rendered":"Vem a\u00ed o Edital de Sele\u00e7\u00e3o PPGICH 2026"},"content":{"rendered":"\n<figure class=\"wp-block-image aligncenter size-large\"><img loading=\"lazy\" decoding=\"async\" width=\"819\" height=\"1024\" src=\"http:\/\/posgraduacao.uea.edu.br\/cienciashumanas\/wp-content\/uploads\/2025\/09\/vem-ai-post-para-instagram-45_20250926_184314_00003593217628274760812-819x1024.jpg\" alt=\"\" class=\"wp-image-3812\" srcset=\"http:\/\/posgraduacao.uea.edu.br\/cienciashumanas\/wp-content\/uploads\/2025\/09\/vem-ai-post-para-instagram-45_20250926_184314_00003593217628274760812-819x1024.jpg 819w, http:\/\/posgraduacao.uea.edu.br\/cienciashumanas\/wp-content\/uploads\/2025\/09\/vem-ai-post-para-instagram-45_20250926_184314_00003593217628274760812-240x300.jpg 240w, http:\/\/posgraduacao.uea.edu.br\/cienciashumanas\/wp-content\/uploads\/2025\/09\/vem-ai-post-para-instagram-45_20250926_184314_00003593217628274760812-768x960.jpg 768w, http:\/\/posgraduacao.uea.edu.br\/cienciashumanas\/wp-content\/uploads\/2025\/09\/vem-ai-post-para-instagram-45_20250926_184314_00003593217628274760812-1229x1536.jpg 1229w, http:\/\/posgraduacao.uea.edu.br\/cienciashumanas\/wp-content\/uploads\/2025\/09\/vem-ai-post-para-instagram-45_20250926_184314_00003593217628274760812.jpg 1600w\" sizes=\"auto, (max-width: 819px) 100vw, 819px\" \/><\/figure>\n\n\n\n<p class=\"has-text-align-left\">O Programa de P\u00f3s-Gradua\u00e7\u00e3o Interdisciplinar em Ci\u00eancias Humanas (PPGICH\/UEA) informa que em breve ser\u00e1 lan\u00e7ado o Edital de Sele\u00e7\u00e3o para ingresso no Mestrado em Ci\u00eancias Humanas \u2013 2026.<br><br>O processo seletivo contemplar\u00e1 vagas para os campi da Universidade do Estado do Amazonas (UEA) em Manaus e Tef\u00e9, ampliando as oportunidades de forma\u00e7\u00e3o em n\u00edvel de p\u00f3s-gradua\u00e7\u00e3o stricto sensu.<br><br>Todas as informa\u00e7\u00f5es oficiais estar\u00e3o dispon\u00edveis na aba Sele\u00e7\u00f5es e Concursos da UEA, bem como no site e nas redes sociais do Programa.<br><br>\ud83d\udd0e Acompanhe:<br>\ud83c\udf10 <a href=\"https:\/\/posgraduacao.uea.edu.br\/cienciashumanas\/\" target=\"_blank\" rel=\"noreferrer noopener\">Site do PPGICH<\/a><br>\ud83d\udcf2 Instagram: <a href=\"https:\/\/www.instagram.com\/ppgichuea\" target=\"_blank\" rel=\"noreferrer noopener\">@ppgichuea<\/a><\/p>\n","protected":false},"excerpt":{"rendered":"<p>O Programa de P\u00f3s-Gradua\u00e7\u00e3o Interdisciplinar em Ci\u00eancias Humanas (PPGICH\/UEA) informa que em breve ser\u00e1 lan\u00e7ado o Edital de Sele\u00e7\u00e3o para ingresso no Mestrado em Ci\u00eancias Humanas \u2013 2026. O processo seletivo contemplar\u00e1 vagas para os campi da Universidade do Estado do Amazonas (UEA) em Manaus e Tef\u00e9, ampliando as oportunidades de forma\u00e7\u00e3o em n\u00edvel de [&hellip;]<\/p>\n","protected":false},"author":3,"featured_media":3813,"comment_status":"open","ping_status":"open","sticky":false,"template":"","format":"standard","meta":{"footnotes":""},"categories":[11,10],"tags":[12],"class_list":["post-3814","post","type-post","status-publish","format-standard","has-post-thumbnail","hentry","category-mestrado-2026","category-noticias","tag-mestrado2026"],"blocksy_meta":[],"_links":{"self":[{"href":"http:\/\/posgraduacao.uea.edu.br\/cienciashumanas\/index.php\/wp-json\/wp\/v2\/posts\/3814","targetHints":{"allow":["GET"]}}],"collection":[{"href":"http:\/\/posgraduacao.uea.edu.br\/cienciashumanas\/index.php\/wp-json\/wp\/v2\/posts"}],"about":[{"href":"http:\/\/posgraduacao.uea.edu.br\/cienciashumanas\/index.php\/wp-json\/wp\/v2\/types\/post"}],"author":[{"embeddable":true,"href":"http:\/\/posgraduacao.uea.edu.br\/cienciashumanas\/index.php\/wp-json\/wp\/v2\/users\/3"}],"replies":[{"embeddable":true,"href":"http:\/\/posgraduacao.uea.edu.br\/cienciashumanas\/index.php\/wp-json\/wp\/v2\/comments?post=3814"}],"version-history":[{"count":1,"href":"http:\/\/posgraduacao.uea.edu.br\/cienciashumanas\/index.php\/wp-json\/wp\/v2\/posts\/3814\/revisions"}],"predecessor-version":[{"id":3815,"href":"http:\/\/posgraduacao.uea.edu.br\/cienciashumanas\/index.php\/wp-json\/wp\/v2\/posts\/3814\/revisions\/3815"}],"wp:featuredmedia":[{"embeddable":true,"href":"http:\/\/posgraduacao.uea.edu.br\/cienciashumanas\/index.php\/wp-json\/wp\/v2\/media\/3813"}],"wp:attachment":[{"href":"http:\/\/posgraduacao.uea.edu.br\/cienciashumanas\/index.php\/wp-json\/wp\/v2\/media?parent=3814"}],"wp:term":[{"taxonomy":"category","embeddable":true,"href":"http:\/\/posgraduacao.uea.edu.br\/cienciashumanas\/index.php\/wp-json\/wp\/v2\/categories?post=3814"},{"taxonomy":"post_tag","embeddable":true,"href":"http:\/\/posgraduacao.uea.edu.br\/cienciashumanas\/index.php\/wp-json\/wp\/v2\/tags?post=3814"}],"curies":[{"name":"wp","href":"https:\/\/api.w.org\/{rel}","templated":true}]}}