{"id":3892,"date":"2025-10-03T10:45:23","date_gmt":"2025-10-03T13:45:23","guid":{"rendered":"http:\/\/posgraduacao.uea.edu.br\/cienciashumanas\/?p=3892"},"modified":"2025-10-03T10:49:13","modified_gmt":"2025-10-03T13:49:13","slug":"uea-abre-inscricoes-para-mestrado-em-ciencias-humanas-com-vagas-para-manaus-e-tefe","status":"publish","type":"post","link":"http:\/\/posgraduacao.uea.edu.br\/cienciashumanas\/index.php\/2025\/10\/03\/uea-abre-inscricoes-para-mestrado-em-ciencias-humanas-com-vagas-para-manaus-e-tefe\/","title":{"rendered":"UEA abre inscri\u00e7\u00f5es para Mestrado em Ci\u00eancias Humanas com vagas para Manaus e Tef\u00e9"},"content":{"rendered":"\n<figure class=\"wp-block-image size-large\"><img loading=\"lazy\" decoding=\"async\" width=\"819\" height=\"1024\" src=\"http:\/\/posgraduacao.uea.edu.br\/cienciashumanas\/wp-content\/uploads\/2025\/10\/CARTAZ-PPGICH-DIVULGACAO-819x1024.png\" alt=\"\" class=\"wp-image-3893\" srcset=\"http:\/\/posgraduacao.uea.edu.br\/cienciashumanas\/wp-content\/uploads\/2025\/10\/CARTAZ-PPGICH-DIVULGACAO-819x1024.png 819w, http:\/\/posgraduacao.uea.edu.br\/cienciashumanas\/wp-content\/uploads\/2025\/10\/CARTAZ-PPGICH-DIVULGACAO-240x300.png 240w, http:\/\/posgraduacao.uea.edu.br\/cienciashumanas\/wp-content\/uploads\/2025\/10\/CARTAZ-PPGICH-DIVULGACAO-768x960.png 768w, http:\/\/posgraduacao.uea.edu.br\/cienciashumanas\/wp-content\/uploads\/2025\/10\/CARTAZ-PPGICH-DIVULGACAO-1229x1536.png 1229w, http:\/\/posgraduacao.uea.edu.br\/cienciashumanas\/wp-content\/uploads\/2025\/10\/CARTAZ-PPGICH-DIVULGACAO-1638x2048.png 1638w, http:\/\/posgraduacao.uea.edu.br\/cienciashumanas\/wp-content\/uploads\/2025\/10\/CARTAZ-PPGICH-DIVULGACAO-scaled.png 2048w\" sizes=\"auto, (max-width: 819px) 100vw, 819px\" \/><\/figure>\n\n\n\n<p>A Universidade do Estado do Amazonas (UEA) est\u00e1 com inscri\u00e7\u00f5es abertas para o Mestrado Acad\u00eamico em Ci\u00eancias Humanas, com ingresso previsto para 2026. O curso oferece um total de 23 vagas distribu\u00eddas entre os polos de Manaus e Tef\u00e9.<\/p>\n\n\n\n<p>O Programa de P\u00f3s-Gradua\u00e7\u00e3o Interdisciplinar em Ci\u00eancias Humanas da UEA \u00e9 avaliado com o Conceito 4 pela Coordena\u00e7\u00e3o de Aperfei\u00e7oamento de Pessoal de N\u00edvel Superior (Capes) e ao longo de seus 9 anos j\u00e1 titulou mais de 150 Mestres.<\/p>\n\n\n\n<p>Podem participar do processo seletivo candidatos que j\u00e1 possuam diploma de gradua\u00e7\u00e3o ou que estejam concluindo o curso at\u00e9 a data da matr\u00edcula, desde que reconhecido pelo Minist\u00e9rio da Educa\u00e7\u00e3o (MEC), vindos de diversas \u00e1reas, tais como: Hist\u00f3ria; Letras; Geografia; Servi\u00e7o Social; Direito; Arquitetura; Administra\u00e7\u00e3o; Jornalismo; Pedagogia; Teatro; Psicologia, entre outras.<\/p>\n\n\n\n<p>As vagas est\u00e3o distribu\u00eddas da seguinte forma: 13 para ampla concorr\u00eancia (AC); 02 para servidores docentes e t\u00e9cnicos da UEA (SDTU); 05 para pessoas com defici\u00eancia (PcD); 01 para pessoa preta, parda ou quilombola (PPPQ); 01 para ind\u00edgena (IND) e 01 para refugiados e migrantes estrangeiros (RME).<\/p>\n\n\n\n<p>Segundo o diretor do Centro de Estudos Superiores de Tef\u00e9 da UEA, o Prof. Dr. Yomarley Holanda, o curso \u00e9 de extrema import\u00e2ncia para a comunidade acad\u00eamica da UEA. \u201cO mestrado em Ci\u00eancias Humanas (PPGICH\/UEA), ofertado em Tef\u00e9, representa um espa\u00e7o inestim\u00e1vel para a forma\u00e7\u00e3o continuada de profissionais de diversas \u00e1reas na regi\u00e3o. Sua voca\u00e7\u00e3o interdisciplinar permite aos pesquisadores avan\u00e7ar em \u00e1reas e temas ainda pouco estudados, ampliando assim o horizonte da produ\u00e7\u00e3o cient\u00edfica no interior da Amaz\u00f4nia.\u201d, destacou.<\/p>\n\n\n\n<p>O Processo de sele\u00e7\u00e3o ser\u00e1 realizado em 4 (quatro) etapas: Homologa\u00e7\u00e3o das inscri\u00e7\u00f5es; Prova Escrita de Conhecimento Espec\u00edfico; Avalia\u00e7\u00e3o do Plano de Trabalho; e Argui\u00e7\u00e3o Virtual do Plano de Trabalho.<\/p>\n\n\n\n<p>As inscri\u00e7\u00f5es devem ser realizadas exclusivamente on-line, no per\u00edodo de 03 de outubro a 03 de novembro de 2025, pelo Formul\u00e1rio Eletr\u00f4nico de Inscri\u00e7\u00e3o (FEI): <a href=\"https:\/\/forms.gle\/FKKVQXMegeF7Zswa8\">https:\/\/forms.gle\/FKKVQXMegeF7Zswa8<\/a>. Os candidatos poder\u00e3o realizar a prova escrita tamb\u00e9m nos munic\u00edpios de Tabatinga e Parintins, al\u00e9m dos polos de oferta, Manaus e Tef\u00e9.<\/p>\n\n\n\n<p>O edital prev\u00ea isen\u00e7\u00e3o da taxa de inscri\u00e7\u00e3o para candidatos inscritos no Cadastro \u00danico (Cad\u00danico), doadores de sangue e medula \u00f3ssea, convocados pela Justi\u00e7a Eleitoral para servi\u00e7os no per\u00edodo eleitoral e tamb\u00e9m para candidatos com defici\u00eancia. Os pedidos dever\u00e3o ser feitos entre 13 e 16 de outubro de 2025, pelo formul\u00e1rio dispon\u00edvel em: <a href=\"https:\/\/forms.gle\/rzbGGawPR4Vh6i1c8\">https:\/\/forms.gle\/rzbGGawPR4Vh6i1c8<\/a>.<\/p>\n\n\n\n<p>A previs\u00e3o de in\u00edcio das aulas \u00e9 mar\u00e7o de 2026.<\/p>\n\n\n\n<p>O Edital N\u00ba 110\/2025 &#8211; GR\/UEA, os anexos, o link para inscri\u00e7\u00f5es, bem como todos os dados necess\u00e1rios \u00e0 inscri\u00e7\u00e3o est\u00e3o dispon\u00edveis em:<br><a href=\"https:\/\/selecao2.uea.edu.br\/?dest=info&amp;selecao=13044\">https:\/\/selecao2.uea.edu.br\/?dest=info&amp;selecao=13044<\/a>. Para mais informa\u00e7\u00f5es sobre o Mestrado acesse o site do Programa: <a href=\"https:\/\/posgraduacao.uea.edu.br\/cienciashumanas\/\">https:\/\/posgraduacao.uea.edu.br\/cienciashumanas\/<\/a> ou o instagram <a href=\"https:\/\/www.instagram.com\/ppgichuea\/\">@ppgichuea<\/a>.<\/p>\n\n\n\n<p><\/p>\n","protected":false},"excerpt":{"rendered":"<p>A Universidade do Estado do Amazonas (UEA) est\u00e1 com inscri\u00e7\u00f5es abertas para o Mestrado Acad\u00eamico em Ci\u00eancias Humanas, com ingresso previsto para 2026. O curso oferece um total de 23 vagas distribu\u00eddas entre os polos de Manaus e Tef\u00e9. O Programa de P\u00f3s-Gradua\u00e7\u00e3o Interdisciplinar em Ci\u00eancias Humanas da UEA \u00e9 avaliado com o Conceito 4 [&hellip;]<\/p>\n","protected":false},"author":3,"featured_media":3893,"comment_status":"open","ping_status":"open","sticky":false,"template":"","format":"standard","meta":{"footnotes":""},"categories":[11,3,10],"tags":[],"class_list":["post-3892","post","type-post","status-publish","format-standard","has-post-thumbnail","hentry","category-mestrado-2026","category-news","category-noticias"],"blocksy_meta":[],"_links":{"self":[{"href":"http:\/\/posgraduacao.uea.edu.br\/cienciashumanas\/index.php\/wp-json\/wp\/v2\/posts\/3892","targetHints":{"allow":["GET"]}}],"collection":[{"href":"http:\/\/posgraduacao.uea.edu.br\/cienciashumanas\/index.php\/wp-json\/wp\/v2\/posts"}],"about":[{"href":"http:\/\/posgraduacao.uea.edu.br\/cienciashumanas\/index.php\/wp-json\/wp\/v2\/types\/post"}],"author":[{"embeddable":true,"href":"http:\/\/posgraduacao.uea.edu.br\/cienciashumanas\/index.php\/wp-json\/wp\/v2\/users\/3"}],"replies":[{"embeddable":true,"href":"http:\/\/posgraduacao.uea.edu.br\/cienciashumanas\/index.php\/wp-json\/wp\/v2\/comments?post=3892"}],"version-history":[{"count":2,"href":"http:\/\/posgraduacao.uea.edu.br\/cienciashumanas\/index.php\/wp-json\/wp\/v2\/posts\/3892\/revisions"}],"predecessor-version":[{"id":3895,"href":"http:\/\/posgraduacao.uea.edu.br\/cienciashumanas\/index.php\/wp-json\/wp\/v2\/posts\/3892\/revisions\/3895"}],"wp:featuredmedia":[{"embeddable":true,"href":"http:\/\/posgraduacao.uea.edu.br\/cienciashumanas\/index.php\/wp-json\/wp\/v2\/media\/3893"}],"wp:attachment":[{"href":"http:\/\/posgraduacao.uea.edu.br\/cienciashumanas\/index.php\/wp-json\/wp\/v2\/media?parent=3892"}],"wp:term":[{"taxonomy":"category","embeddable":true,"href":"http:\/\/posgraduacao.uea.edu.br\/cienciashumanas\/index.php\/wp-json\/wp\/v2\/categories?post=3892"},{"taxonomy":"post_tag","embeddable":true,"href":"http:\/\/posgraduacao.uea.edu.br\/cienciashumanas\/index.php\/wp-json\/wp\/v2\/tags?post=3892"}],"curies":[{"name":"wp","href":"https:\/\/api.w.org\/{rel}","templated":true}]}}