{"id":4064,"date":"2025-11-26T16:57:22","date_gmt":"2025-11-26T19:57:22","guid":{"rendered":"http:\/\/posgraduacao.uea.edu.br\/cienciashumanas\/?p=4064"},"modified":"2025-11-26T16:57:53","modified_gmt":"2025-11-26T19:57:53","slug":"divulgacao-do-resultado-codificado-e-convocacao-para-abertura-do-envelope-de-codificacao-numero-nome","status":"publish","type":"post","link":"http:\/\/posgraduacao.uea.edu.br\/cienciashumanas\/index.php\/2025\/11\/26\/divulgacao-do-resultado-codificado-e-convocacao-para-abertura-do-envelope-de-codificacao-numero-nome\/","title":{"rendered":"Divulga\u00e7\u00e3o do Resultado Codificado e Convoca\u00e7\u00e3o para Abertura do Envelope de Codifica\u00e7\u00e3o N\u00famero-Nome"},"content":{"rendered":"\n<figure class=\"wp-block-image size-large\"><img loading=\"lazy\" decoding=\"async\" width=\"819\" height=\"1024\" src=\"http:\/\/posgraduacao.uea.edu.br\/cienciashumanas\/wp-content\/uploads\/2025\/11\/docentes-ppgich-2026-Post-para-Instagram-45-1-819x1024.png\" alt=\"\" class=\"wp-image-4065\" srcset=\"http:\/\/posgraduacao.uea.edu.br\/cienciashumanas\/wp-content\/uploads\/2025\/11\/docentes-ppgich-2026-Post-para-Instagram-45-1-819x1024.png 819w, http:\/\/posgraduacao.uea.edu.br\/cienciashumanas\/wp-content\/uploads\/2025\/11\/docentes-ppgich-2026-Post-para-Instagram-45-1-240x300.png 240w, http:\/\/posgraduacao.uea.edu.br\/cienciashumanas\/wp-content\/uploads\/2025\/11\/docentes-ppgich-2026-Post-para-Instagram-45-1-768x960.png 768w, http:\/\/posgraduacao.uea.edu.br\/cienciashumanas\/wp-content\/uploads\/2025\/11\/docentes-ppgich-2026-Post-para-Instagram-45-1.png 1080w\" sizes=\"auto, (max-width: 819px) 100vw, 819px\" \/><\/figure>\n\n\n\n<p>A Coordena\u00e7\u00e3o do Programa de P\u00f3s-Gradua\u00e7\u00e3o Interdisciplinar em Ci\u00eancias Humanas (PPGICH\/UEA) divulga o <strong>resultado codificado da 2\u00aa Etapa<\/strong> do Processo Seletivo 2025\/2026, referente \u00e0 Prova Escrita de Conhecimento Espec\u00edfico, bem como o <strong>aviso oficial de abertura e rompimento do lacre dos envelopes de codifica\u00e7\u00e3o n\u00famero-nome<\/strong>.<\/p>\n\n\n\n<p>Conforme publicado pela Comiss\u00e3o de Sele\u00e7\u00e3o, o ato ocorrer\u00e1 <strong>quinta-feira, 27 de novembro de 2025<\/strong>, nos seguintes locais e hor\u00e1rios:<\/p>\n\n\n\n<ul class=\"wp-block-list\">\n<li><strong>Manaus:<\/strong> 09h (hor\u00e1rio local) \u2013 Coordena\u00e7\u00e3o do PPGICH\/UEA, 5\u00ba andar da ESAT\/UEA<\/li>\n\n\n\n<li><strong>Parintins:<\/strong> 09h (hor\u00e1rio local) \u2013 Laborat\u00f3rio de Hist\u00f3ria, CESP\/UEA<\/li>\n\n\n\n<li><strong>Tabatinga:<\/strong> 08h (hor\u00e1rio local) \u2013 Sala de P\u00f3s-Gradua\u00e7\u00e3o, CESTB\/UEA<\/li>\n\n\n\n<li><strong>Tef\u00e9:<\/strong> 08h (hor\u00e1rio local) \u2013 Sala da Dire\u00e7\u00e3o, CEST\/UEA<\/li>\n<\/ul>\n\n\n\n<p>De acordo com o aviso assinado pela Presidente da Comiss\u00e3o de Sele\u00e7\u00e3o, Profa. Dra. Susy Rodrigues Simonetti, \u201ctodos est\u00e3o convidados para participar deste momento que faz parte do processo de transpar\u00eancia e isonomia da referida sele\u00e7\u00e3o\u201d.<\/p>\n\n\n\n<p>Os candidatos podem consultar o <strong>resultado codificado<\/strong> e todas as informa\u00e7\u00f5es complementares no site oficial da sele\u00e7\u00e3o: <a href=\"https:\/\/selecao2.uea.edu.br\/?dest=info&amp;selecao=13044\">https:\/\/selecao2.uea.edu.br\/?dest=info&amp;selecao=13044<\/a> e na aba <a href=\"http:\/\/posgraduacao.uea.edu.br\/cienciashumanas\/index.php\/processo-seletivo\/\" data-type=\"page\" data-id=\"3618\">Processo Seletivo<\/a>.<\/p>\n\n\n\n<p><\/p>\n","protected":false},"excerpt":{"rendered":"<p>A Coordena\u00e7\u00e3o do Programa de P\u00f3s-Gradua\u00e7\u00e3o Interdisciplinar em Ci\u00eancias Humanas (PPGICH\/UEA) divulga o resultado codificado da 2\u00aa Etapa do Processo Seletivo 2025\/2026, referente \u00e0 Prova Escrita de Conhecimento Espec\u00edfico, bem como o aviso oficial de abertura e rompimento do lacre dos envelopes de codifica\u00e7\u00e3o n\u00famero-nome. Conforme publicado pela Comiss\u00e3o de Sele\u00e7\u00e3o, o ato ocorrer\u00e1 quinta-feira, [&hellip;]<\/p>\n","protected":false},"author":3,"featured_media":4065,"comment_status":"open","ping_status":"open","sticky":false,"template":"","format":"standard","meta":{"footnotes":""},"categories":[11,1],"tags":[],"class_list":["post-4064","post","type-post","status-publish","format-standard","has-post-thumbnail","hentry","category-mestrado-2026","category-sem-categoria"],"blocksy_meta":[],"_links":{"self":[{"href":"http:\/\/posgraduacao.uea.edu.br\/cienciashumanas\/index.php\/wp-json\/wp\/v2\/posts\/4064","targetHints":{"allow":["GET"]}}],"collection":[{"href":"http:\/\/posgraduacao.uea.edu.br\/cienciashumanas\/index.php\/wp-json\/wp\/v2\/posts"}],"about":[{"href":"http:\/\/posgraduacao.uea.edu.br\/cienciashumanas\/index.php\/wp-json\/wp\/v2\/types\/post"}],"author":[{"embeddable":true,"href":"http:\/\/posgraduacao.uea.edu.br\/cienciashumanas\/index.php\/wp-json\/wp\/v2\/users\/3"}],"replies":[{"embeddable":true,"href":"http:\/\/posgraduacao.uea.edu.br\/cienciashumanas\/index.php\/wp-json\/wp\/v2\/comments?post=4064"}],"version-history":[{"count":1,"href":"http:\/\/posgraduacao.uea.edu.br\/cienciashumanas\/index.php\/wp-json\/wp\/v2\/posts\/4064\/revisions"}],"predecessor-version":[{"id":4072,"href":"http:\/\/posgraduacao.uea.edu.br\/cienciashumanas\/index.php\/wp-json\/wp\/v2\/posts\/4064\/revisions\/4072"}],"wp:featuredmedia":[{"embeddable":true,"href":"http:\/\/posgraduacao.uea.edu.br\/cienciashumanas\/index.php\/wp-json\/wp\/v2\/media\/4065"}],"wp:attachment":[{"href":"http:\/\/posgraduacao.uea.edu.br\/cienciashumanas\/index.php\/wp-json\/wp\/v2\/media?parent=4064"}],"wp:term":[{"taxonomy":"category","embeddable":true,"href":"http:\/\/posgraduacao.uea.edu.br\/cienciashumanas\/index.php\/wp-json\/wp\/v2\/categories?post=4064"},{"taxonomy":"post_tag","embeddable":true,"href":"http:\/\/posgraduacao.uea.edu.br\/cienciashumanas\/index.php\/wp-json\/wp\/v2\/tags?post=4064"}],"curies":[{"name":"wp","href":"https:\/\/api.w.org\/{rel}","templated":true}]}}