{"id":4107,"date":"2025-12-05T15:08:02","date_gmt":"2025-12-05T18:08:02","guid":{"rendered":"http:\/\/posgraduacao.uea.edu.br\/cienciashumanas\/?p=4107"},"modified":"2025-12-05T15:08:14","modified_gmt":"2025-12-05T18:08:14","slug":"ppgich-uea-divulga-horario-das-arguicoes-dos-planos-de-trabalho-processo-seletivo-2025-2026","status":"publish","type":"post","link":"http:\/\/posgraduacao.uea.edu.br\/cienciashumanas\/index.php\/2025\/12\/05\/ppgich-uea-divulga-horario-das-arguicoes-dos-planos-de-trabalho-processo-seletivo-2025-2026\/","title":{"rendered":"PPGICH\/UEA divulga hor\u00e1rio das argui\u00e7\u00f5es dos Planos de Trabalho \u2013 Processo Seletivo 2025-2026"},"content":{"rendered":"\n<figure class=\"wp-block-image size-large\"><img loading=\"lazy\" decoding=\"async\" width=\"819\" height=\"1024\" src=\"http:\/\/posgraduacao.uea.edu.br\/cienciashumanas\/wp-content\/uploads\/2025\/12\/horario-1-819x1024.png\" alt=\"\" class=\"wp-image-4108\" srcset=\"http:\/\/posgraduacao.uea.edu.br\/cienciashumanas\/wp-content\/uploads\/2025\/12\/horario-1-819x1024.png 819w, http:\/\/posgraduacao.uea.edu.br\/cienciashumanas\/wp-content\/uploads\/2025\/12\/horario-1-240x300.png 240w, http:\/\/posgraduacao.uea.edu.br\/cienciashumanas\/wp-content\/uploads\/2025\/12\/horario-1-768x960.png 768w, http:\/\/posgraduacao.uea.edu.br\/cienciashumanas\/wp-content\/uploads\/2025\/12\/horario-1-1229x1536.png 1229w, http:\/\/posgraduacao.uea.edu.br\/cienciashumanas\/wp-content\/uploads\/2025\/12\/horario-1-1638x2048.png 1638w, http:\/\/posgraduacao.uea.edu.br\/cienciashumanas\/wp-content\/uploads\/2025\/12\/horario-1-scaled.png 2048w\" sizes=\"auto, (max-width: 819px) 100vw, 819px\" \/><\/figure>\n\n\n\n<p>O Programa de P\u00f3s-Gradua\u00e7\u00e3o Interdisciplinar em Ci\u00eancias Humanas (PPGICH\/UEA) torna p\u00fablico o <strong>hor\u00e1rio das argui\u00e7\u00f5es dos Planos de Trabalho<\/strong>, correspondentes \u00e0 4\u00aa Etapa do Processo Seletivo 2025\u2013Ingresso 2026, conforme o Edital n\u00ba 110\/2025 \u2013 GR\/UEA.<\/p>\n\n\n\n<p>As argui\u00e7\u00f5es ocorrer\u00e3o nos dias <strong>09 e 10 de dezembro de 2025<\/strong>, para os polos <strong>Manaus<\/strong> e <strong>Tef\u00e9<\/strong>, seguindo o cronograma definido pela Comiss\u00e3o de Sele\u00e7\u00e3o.<\/p>\n\n\n\n<p>Em conformidade com o edital, <strong>cada candidato receber\u00e1 no e-mail cadastrado no Formul\u00e1rio Eletr\u00f4nico de Inscri\u00e7\u00e3o (FEI) o link individual da videoconfer\u00eancia para a sua argui\u00e7\u00e3o<\/strong>, n\u00e3o sendo necess\u00e1rio solicitar o envio.<\/p>\n\n\n\n<p>Todas as informa\u00e7\u00f5es podem ser consultadas no site da sele\u00e7\u00e3o: <a href=\"https:\/\/selecao2.uea.edu.br\/?dest=info&amp;selecao=13044\">https:\/\/selecao2.uea.edu.br\/?dest=info&amp;selecao=13044<\/a> ou na aba <a href=\"http:\/\/posgraduacao.uea.edu.br\/cienciashumanas\/index.php\/processo-seletivo\/\" data-type=\"page\" data-id=\"3618\">Processo Seletivo<\/a>.<\/p>\n","protected":false},"excerpt":{"rendered":"<p>O Programa de P\u00f3s-Gradua\u00e7\u00e3o Interdisciplinar em Ci\u00eancias Humanas (PPGICH\/UEA) torna p\u00fablico o hor\u00e1rio das argui\u00e7\u00f5es dos Planos de Trabalho, correspondentes \u00e0 4\u00aa Etapa do Processo Seletivo 2025\u2013Ingresso 2026, conforme o Edital n\u00ba 110\/2025 \u2013 GR\/UEA. As argui\u00e7\u00f5es ocorrer\u00e3o nos dias 09 e 10 de dezembro de 2025, para os polos Manaus e Tef\u00e9, seguindo o [&hellip;]<\/p>\n","protected":false},"author":3,"featured_media":0,"comment_status":"open","ping_status":"open","sticky":false,"template":"","format":"standard","meta":{"footnotes":""},"categories":[1],"tags":[],"class_list":["post-4107","post","type-post","status-publish","format-standard","hentry","category-sem-categoria"],"blocksy_meta":[],"_links":{"self":[{"href":"http:\/\/posgraduacao.uea.edu.br\/cienciashumanas\/index.php\/wp-json\/wp\/v2\/posts\/4107","targetHints":{"allow":["GET"]}}],"collection":[{"href":"http:\/\/posgraduacao.uea.edu.br\/cienciashumanas\/index.php\/wp-json\/wp\/v2\/posts"}],"about":[{"href":"http:\/\/posgraduacao.uea.edu.br\/cienciashumanas\/index.php\/wp-json\/wp\/v2\/types\/post"}],"author":[{"embeddable":true,"href":"http:\/\/posgraduacao.uea.edu.br\/cienciashumanas\/index.php\/wp-json\/wp\/v2\/users\/3"}],"replies":[{"embeddable":true,"href":"http:\/\/posgraduacao.uea.edu.br\/cienciashumanas\/index.php\/wp-json\/wp\/v2\/comments?post=4107"}],"version-history":[{"count":2,"href":"http:\/\/posgraduacao.uea.edu.br\/cienciashumanas\/index.php\/wp-json\/wp\/v2\/posts\/4107\/revisions"}],"predecessor-version":[{"id":4110,"href":"http:\/\/posgraduacao.uea.edu.br\/cienciashumanas\/index.php\/wp-json\/wp\/v2\/posts\/4107\/revisions\/4110"}],"wp:attachment":[{"href":"http:\/\/posgraduacao.uea.edu.br\/cienciashumanas\/index.php\/wp-json\/wp\/v2\/media?parent=4107"}],"wp:term":[{"taxonomy":"category","embeddable":true,"href":"http:\/\/posgraduacao.uea.edu.br\/cienciashumanas\/index.php\/wp-json\/wp\/v2\/categories?post=4107"},{"taxonomy":"post_tag","embeddable":true,"href":"http:\/\/posgraduacao.uea.edu.br\/cienciashumanas\/index.php\/wp-json\/wp\/v2\/tags?post=4107"}],"curies":[{"name":"wp","href":"https:\/\/api.w.org\/{rel}","templated":true}]}}