{"id":4213,"date":"2026-02-24T19:13:48","date_gmt":"2026-02-24T22:13:48","guid":{"rendered":"http:\/\/posgraduacao.uea.edu.br\/cienciashumanas\/?p=4213"},"modified":"2026-02-24T19:26:51","modified_gmt":"2026-02-24T22:26:51","slug":"ppgich-uea-abre-vagas-para-aluno-especial-no-semestre-2026-1","status":"publish","type":"post","link":"http:\/\/posgraduacao.uea.edu.br\/cienciashumanas\/index.php\/2026\/02\/24\/ppgich-uea-abre-vagas-para-aluno-especial-no-semestre-2026-1\/","title":{"rendered":"PPGICH\/UEA abre vagas para Aluno Especial no semestre 2026.1"},"content":{"rendered":"\n<figure class=\"wp-block-image size-large\"><img loading=\"lazy\" decoding=\"async\" width=\"1024\" height=\"1024\" src=\"http:\/\/posgraduacao.uea.edu.br\/cienciashumanas\/wp-content\/uploads\/2026\/02\/Aluno-especial-20261-1024x1024.png\" alt=\"\" class=\"wp-image-4218\" srcset=\"http:\/\/posgraduacao.uea.edu.br\/cienciashumanas\/wp-content\/uploads\/2026\/02\/Aluno-especial-20261-1024x1024.png 1024w, http:\/\/posgraduacao.uea.edu.br\/cienciashumanas\/wp-content\/uploads\/2026\/02\/Aluno-especial-20261-300x300.png 300w, http:\/\/posgraduacao.uea.edu.br\/cienciashumanas\/wp-content\/uploads\/2026\/02\/Aluno-especial-20261-150x150.png 150w, http:\/\/posgraduacao.uea.edu.br\/cienciashumanas\/wp-content\/uploads\/2026\/02\/Aluno-especial-20261-768x768.png 768w, http:\/\/posgraduacao.uea.edu.br\/cienciashumanas\/wp-content\/uploads\/2026\/02\/Aluno-especial-20261-1536x1536.png 1536w, http:\/\/posgraduacao.uea.edu.br\/cienciashumanas\/wp-content\/uploads\/2026\/02\/Aluno-especial-20261-2048x2048.png 2048w\" sizes=\"auto, (max-width: 1024px) 100vw, 1024px\" \/><\/figure>\n\n\n\n<p>O Programa de P\u00f3s-Gradua\u00e7\u00e3o Interdisciplinar em Ci\u00eancias Humanas da Universidade do Estado do Amazonas (PPGICH\/UEA) torna p\u00fablica a abertura de <strong>07 (sete) vagas para Aluno Especial<\/strong> no semestre letivo <strong>2026.1<\/strong>, ofertadas conforme o quadro de disciplinas disponibilizado no aviso oficial.<\/p>\n\n\n\n<p>A condi\u00e7\u00e3o de <strong>Aluno Especial<\/strong> permite ao candidato matricular-se <strong>somente em disciplina isolada do Mestrado em Ci\u00eancias Humanas<\/strong>, sem gerar <strong>v\u00ednculo acad\u00eamico como aluno regular do Programa<\/strong> e <strong>sem caracterizar ingresso no curso de mestrado<\/strong>; trata-se exclusivamente de matr\u00edcula em componente curricular espec\u00edfico.<\/p>\n\n\n\n<p>Podem inscrever-se portadores de diploma de gradua\u00e7\u00e3o reconhecido pelo MEC ou discentes regularmente matriculados em programas de p\u00f3s-gradua\u00e7\u00e3o stricto sensu recomendados pela CAPES, respeitando os crit\u00e9rios indicados no aviso.<\/p>\n\n\n\n<p>As inscri\u00e7\u00f5es ser\u00e3o realizadas <strong>exclusivamente por meio eletr\u00f4nico<\/strong>, via formul\u00e1rio on-line, no per\u00edodo de <strong>25 de fevereiro a 02 de mar\u00e7o de 2026<\/strong>. O resultado com a classifica\u00e7\u00e3o dos candidatos ser\u00e1 divulgado no dia <strong>04 de mar\u00e7o de 2026<\/strong>, com publica\u00e7\u00e3o da lista de alunos especiais <strong>confirmada em 06 de mar\u00e7o de 2026<\/strong>.<\/p>\n\n\n\n<p>Os candidatos classificados dever\u00e3o entregar os documentos exigidos presencialmente nas secretarias dos polos para os quais se inscreveram em <strong>05 de mar\u00e7o de 2026<\/strong>. As aulas do semestre t\u00eam in\u00edcio previsto para <strong>09 de mar\u00e7o de 2026<\/strong> em regime <strong>presencial<\/strong>.<\/p>\n\n\n\n<p>Mais detalhes sobre disciplinas ofertadas, crit\u00e9rios de sele\u00e7\u00e3o, documenta\u00e7\u00e3o e cronograma completo est\u00e3o dispon\u00edveis no aviso oficial publicado pelo Programa.<\/p>\n\n\n\n<p><a href=\"http:\/\/posgraduacao.uea.edu.br\/cienciashumanas\/wp-content\/uploads\/2026\/02\/AVISO_DE_ABERTURA_DE_VAGAS_ALUNO_ESPECIAL_PPGICH_2026-1_v2_assinado.pdf\" target=\"_blank\" rel=\"noreferrer noopener\">Aviso de Abertura de Vagas Aluno Especial PPGICH 2026-1<\/a><\/p>\n\n\n\n<p><\/p>\n","protected":false},"excerpt":{"rendered":"<p>O Programa de P\u00f3s-Gradua\u00e7\u00e3o Interdisciplinar em Ci\u00eancias Humanas da Universidade do Estado do Amazonas (PPGICH\/UEA) torna p\u00fablica a abertura de 07 (sete) vagas para Aluno Especial no semestre letivo 2026.1, ofertadas conforme o quadro de disciplinas disponibilizado no aviso oficial. A condi\u00e7\u00e3o de Aluno Especial permite ao candidato matricular-se somente em disciplina isolada do Mestrado [&hellip;]<\/p>\n","protected":false},"author":3,"featured_media":4218,"comment_status":"open","ping_status":"open","sticky":false,"template":"","format":"standard","meta":{"footnotes":""},"categories":[3,10],"tags":[],"class_list":["post-4213","post","type-post","status-publish","format-standard","has-post-thumbnail","hentry","category-news","category-noticias"],"blocksy_meta":[],"_links":{"self":[{"href":"http:\/\/posgraduacao.uea.edu.br\/cienciashumanas\/index.php\/wp-json\/wp\/v2\/posts\/4213","targetHints":{"allow":["GET"]}}],"collection":[{"href":"http:\/\/posgraduacao.uea.edu.br\/cienciashumanas\/index.php\/wp-json\/wp\/v2\/posts"}],"about":[{"href":"http:\/\/posgraduacao.uea.edu.br\/cienciashumanas\/index.php\/wp-json\/wp\/v2\/types\/post"}],"author":[{"embeddable":true,"href":"http:\/\/posgraduacao.uea.edu.br\/cienciashumanas\/index.php\/wp-json\/wp\/v2\/users\/3"}],"replies":[{"embeddable":true,"href":"http:\/\/posgraduacao.uea.edu.br\/cienciashumanas\/index.php\/wp-json\/wp\/v2\/comments?post=4213"}],"version-history":[{"count":2,"href":"http:\/\/posgraduacao.uea.edu.br\/cienciashumanas\/index.php\/wp-json\/wp\/v2\/posts\/4213\/revisions"}],"predecessor-version":[{"id":4220,"href":"http:\/\/posgraduacao.uea.edu.br\/cienciashumanas\/index.php\/wp-json\/wp\/v2\/posts\/4213\/revisions\/4220"}],"wp:featuredmedia":[{"embeddable":true,"href":"http:\/\/posgraduacao.uea.edu.br\/cienciashumanas\/index.php\/wp-json\/wp\/v2\/media\/4218"}],"wp:attachment":[{"href":"http:\/\/posgraduacao.uea.edu.br\/cienciashumanas\/index.php\/wp-json\/wp\/v2\/media?parent=4213"}],"wp:term":[{"taxonomy":"category","embeddable":true,"href":"http:\/\/posgraduacao.uea.edu.br\/cienciashumanas\/index.php\/wp-json\/wp\/v2\/categories?post=4213"},{"taxonomy":"post_tag","embeddable":true,"href":"http:\/\/posgraduacao.uea.edu.br\/cienciashumanas\/index.php\/wp-json\/wp\/v2\/tags?post=4213"}],"curies":[{"name":"wp","href":"https:\/\/api.w.org\/{rel}","templated":true}]}}