{"id":4223,"date":"2026-03-04T11:42:37","date_gmt":"2026-03-04T14:42:37","guid":{"rendered":"http:\/\/posgraduacao.uea.edu.br\/cienciashumanas\/?p=4223"},"modified":"2026-03-04T11:43:17","modified_gmt":"2026-03-04T14:43:17","slug":"aula-inaugural-2026-1-do-ppgich-uea-discutira-movencias-e-territorialidades-na-amazonia","status":"publish","type":"post","link":"http:\/\/posgraduacao.uea.edu.br\/cienciashumanas\/index.php\/2026\/03\/04\/aula-inaugural-2026-1-do-ppgich-uea-discutira-movencias-e-territorialidades-na-amazonia\/","title":{"rendered":"Aula Inaugural 2026\/1 do PPGICH\/UEA discutir\u00e1 mov\u00eancias e territorialidades na Amaz\u00f4nia"},"content":{"rendered":"\n<figure class=\"wp-block-image size-large\"><img loading=\"lazy\" decoding=\"async\" width=\"819\" height=\"1024\" src=\"http:\/\/posgraduacao.uea.edu.br\/cienciashumanas\/wp-content\/uploads\/2026\/03\/AULA-INAUGURAL-20261-819x1024.png\" alt=\"\" class=\"wp-image-4224\" srcset=\"http:\/\/posgraduacao.uea.edu.br\/cienciashumanas\/wp-content\/uploads\/2026\/03\/AULA-INAUGURAL-20261-819x1024.png 819w, http:\/\/posgraduacao.uea.edu.br\/cienciashumanas\/wp-content\/uploads\/2026\/03\/AULA-INAUGURAL-20261-240x300.png 240w, http:\/\/posgraduacao.uea.edu.br\/cienciashumanas\/wp-content\/uploads\/2026\/03\/AULA-INAUGURAL-20261-768x960.png 768w, http:\/\/posgraduacao.uea.edu.br\/cienciashumanas\/wp-content\/uploads\/2026\/03\/AULA-INAUGURAL-20261-1229x1536.png 1229w, http:\/\/posgraduacao.uea.edu.br\/cienciashumanas\/wp-content\/uploads\/2026\/03\/AULA-INAUGURAL-20261-1638x2048.png 1638w, http:\/\/posgraduacao.uea.edu.br\/cienciashumanas\/wp-content\/uploads\/2026\/03\/AULA-INAUGURAL-20261-scaled.png 2048w\" sizes=\"auto, (max-width: 819px) 100vw, 819px\" \/><\/figure>\n\n\n\n<p>O Programa de P\u00f3s-Gradua\u00e7\u00e3o Interdisciplinar em Ci\u00eancias Humanas da Universidade do Estado do Amazonas (PPGICH\/UEA) realizar\u00e1, no dia <strong>10 de mar\u00e7o de 2026, \u00e0s 9h30<\/strong>, a <strong>Aula Inaugural do semestre letivo 2026\/1<\/strong>, aberta \u00e0 comunidade acad\u00eamica e ao p\u00fablico em geral.<\/p>\n\n\n\n<p>A confer\u00eancia ser\u00e1 ministrada pelo <strong>Prof. Dr. Jos\u00e9 Guilherme dos Santos Fernandes<\/strong>, docente do Programa de P\u00f3s-Gradua\u00e7\u00e3o em Estudos Antr\u00f3picos na Amaz\u00f4nia (PPGEAA\/UFPA), com o tema <strong>\u201cComunidades N\u00f4mades: Antropiza\u00e7\u00e3o e Mov\u00eancias na Amaz\u00f4nia\u201d<\/strong>.<\/p>\n\n\n\n<p>A atividade ocorrer\u00e1 presencialmente no <strong>Audit\u00f3rio do 4\u00ba andar da Escola Superior de Artes e Turismo (ESAT\/UEA), em Manaus<\/strong>, com transmiss\u00e3o simult\u00e2nea para o <strong>Centro de Estudos Superiores de Tef\u00e9 (CEST\/UEA)<\/strong>, na sala da Secretaria do PPGICH.<\/p>\n\n\n\n<p>A confer\u00eancia dialoga com o projeto de pesquisa <strong>\u201cComunidades \u2018N\u00f4mades\u2019: Mov\u00eancias e Multilocalidades Espa\u00e7o-Territoriais para Sustentabilidade Socioambiental e Patrimonial na Elabora\u00e7\u00e3o de Pol\u00edticas P\u00fablicas em Comunidades Tradicionais da Amaz\u00f4nia\u201d<\/strong>, contemplado na <strong>Chamada n\u00ba 40\/2022 \u2013 Edital Pr\u00f3-Humanidades, do Conselho Nacional de Desenvolvimento Cient\u00edfico e Tecnol\u00f3gico (CNPq)<\/strong>.<\/p>\n\n\n\n<p>O projeto resulta de uma articula\u00e7\u00e3o acad\u00eamica iniciada entre <strong>UFPA, UFSC e UEA<\/strong>, no \u00e2mbito do Projeto de Pesquisa <strong>Indicadores Antr\u00f3picos<\/strong>, apoiado pelo Programa <strong>PROCAD Amaz\u00f4nia (CAPES)<\/strong>. Posteriormente, a rede de coopera\u00e7\u00e3o foi ampliada com a participa\u00e7\u00e3o de outras institui\u00e7\u00f5es nacionais e internacionais.<\/p>\n\n\n\n<p>A pesquisa busca compreender <strong>processos de migra\u00e7\u00e3o, mov\u00eancias e multilocalidades em comunidades tradicionais da Amaz\u00f4nia<\/strong>, analisando a constitui\u00e7\u00e3o de novas territorialidades e as rela\u00e7\u00f5es entre contextos urbanos e rurais. A proposta tamb\u00e9m visa contribuir para a formula\u00e7\u00e3o de <strong>pol\u00edticas p\u00fablicas voltadas \u00e0 sustentabilidade socioambiental e patrimonial dessas popula\u00e7\u00f5es<\/strong>, em perspectiva interdisciplinar.<\/p>\n\n\n\n<p>A Aula Inaugural constitui um momento de integra\u00e7\u00e3o acad\u00eamica e reflex\u00e3o cient\u00edfica, marcando o in\u00edcio das atividades do semestre e reafirmando o compromisso do <strong>PPGICH\/UEA<\/strong> com a produ\u00e7\u00e3o de conhecimento interdisciplinar sobre as din\u00e2micas sociais, culturais e territoriais da Amaz\u00f4nia.<\/p>\n","protected":false},"excerpt":{"rendered":"<p>O Programa de P\u00f3s-Gradua\u00e7\u00e3o Interdisciplinar em Ci\u00eancias Humanas da Universidade do Estado do Amazonas (PPGICH\/UEA) realizar\u00e1, no dia 10 de mar\u00e7o de 2026, \u00e0s 9h30, a Aula Inaugural do semestre letivo 2026\/1, aberta \u00e0 comunidade acad\u00eamica e ao p\u00fablico em geral. A confer\u00eancia ser\u00e1 ministrada pelo Prof. Dr. Jos\u00e9 Guilherme dos Santos Fernandes, docente do [&hellip;]<\/p>\n","protected":false},"author":3,"featured_media":4224,"comment_status":"open","ping_status":"open","sticky":false,"template":"","format":"standard","meta":{"footnotes":""},"categories":[3,10],"tags":[],"class_list":["post-4223","post","type-post","status-publish","format-standard","has-post-thumbnail","hentry","category-news","category-noticias"],"blocksy_meta":[],"_links":{"self":[{"href":"http:\/\/posgraduacao.uea.edu.br\/cienciashumanas\/index.php\/wp-json\/wp\/v2\/posts\/4223","targetHints":{"allow":["GET"]}}],"collection":[{"href":"http:\/\/posgraduacao.uea.edu.br\/cienciashumanas\/index.php\/wp-json\/wp\/v2\/posts"}],"about":[{"href":"http:\/\/posgraduacao.uea.edu.br\/cienciashumanas\/index.php\/wp-json\/wp\/v2\/types\/post"}],"author":[{"embeddable":true,"href":"http:\/\/posgraduacao.uea.edu.br\/cienciashumanas\/index.php\/wp-json\/wp\/v2\/users\/3"}],"replies":[{"embeddable":true,"href":"http:\/\/posgraduacao.uea.edu.br\/cienciashumanas\/index.php\/wp-json\/wp\/v2\/comments?post=4223"}],"version-history":[{"count":1,"href":"http:\/\/posgraduacao.uea.edu.br\/cienciashumanas\/index.php\/wp-json\/wp\/v2\/posts\/4223\/revisions"}],"predecessor-version":[{"id":4225,"href":"http:\/\/posgraduacao.uea.edu.br\/cienciashumanas\/index.php\/wp-json\/wp\/v2\/posts\/4223\/revisions\/4225"}],"wp:featuredmedia":[{"embeddable":true,"href":"http:\/\/posgraduacao.uea.edu.br\/cienciashumanas\/index.php\/wp-json\/wp\/v2\/media\/4224"}],"wp:attachment":[{"href":"http:\/\/posgraduacao.uea.edu.br\/cienciashumanas\/index.php\/wp-json\/wp\/v2\/media?parent=4223"}],"wp:term":[{"taxonomy":"category","embeddable":true,"href":"http:\/\/posgraduacao.uea.edu.br\/cienciashumanas\/index.php\/wp-json\/wp\/v2\/categories?post=4223"},{"taxonomy":"post_tag","embeddable":true,"href":"http:\/\/posgraduacao.uea.edu.br\/cienciashumanas\/index.php\/wp-json\/wp\/v2\/tags?post=4223"}],"curies":[{"name":"wp","href":"https:\/\/api.w.org\/{rel}","templated":true}]}}