{"id":4228,"date":"2026-03-04T12:05:22","date_gmt":"2026-03-04T15:05:22","guid":{"rendered":"http:\/\/posgraduacao.uea.edu.br\/cienciashumanas\/?p=4228"},"modified":"2026-03-04T12:05:22","modified_gmt":"2026-03-04T15:05:22","slug":"ppgich-uea-divulga-resultado-das-inscricoes-para-aluno-especial-do-periodo-letivo-2026-1","status":"publish","type":"post","link":"http:\/\/posgraduacao.uea.edu.br\/cienciashumanas\/index.php\/2026\/03\/04\/ppgich-uea-divulga-resultado-das-inscricoes-para-aluno-especial-do-periodo-letivo-2026-1\/","title":{"rendered":"PPGICH\/UEA divulga resultado das inscri\u00e7\u00f5es para Aluno Especial do per\u00edodo letivo 2026\/1"},"content":{"rendered":"\n<figure class=\"wp-block-image size-large\"><img loading=\"lazy\" decoding=\"async\" width=\"1024\" height=\"1024\" src=\"http:\/\/posgraduacao.uea.edu.br\/cienciashumanas\/wp-content\/uploads\/2026\/03\/Aluno-especial-20261-resultado-1024x1024.png\" alt=\"\" class=\"wp-image-4229\" srcset=\"http:\/\/posgraduacao.uea.edu.br\/cienciashumanas\/wp-content\/uploads\/2026\/03\/Aluno-especial-20261-resultado-1024x1024.png 1024w, http:\/\/posgraduacao.uea.edu.br\/cienciashumanas\/wp-content\/uploads\/2026\/03\/Aluno-especial-20261-resultado-300x300.png 300w, http:\/\/posgraduacao.uea.edu.br\/cienciashumanas\/wp-content\/uploads\/2026\/03\/Aluno-especial-20261-resultado-150x150.png 150w, http:\/\/posgraduacao.uea.edu.br\/cienciashumanas\/wp-content\/uploads\/2026\/03\/Aluno-especial-20261-resultado-768x768.png 768w, http:\/\/posgraduacao.uea.edu.br\/cienciashumanas\/wp-content\/uploads\/2026\/03\/Aluno-especial-20261-resultado-1536x1536.png 1536w, http:\/\/posgraduacao.uea.edu.br\/cienciashumanas\/wp-content\/uploads\/2026\/03\/Aluno-especial-20261-resultado-2048x2048.png 2048w\" sizes=\"auto, (max-width: 1024px) 100vw, 1024px\" \/><\/figure>\n\n\n\n<p>O Programa de P\u00f3s-Gradua\u00e7\u00e3o Interdisciplinar em Ci\u00eancias Humanas da Universidade do Estado do Amazonas (PPGICH\/UEA) divulgou o resultado das inscri\u00e7\u00f5es para <strong>Aluno Especial do per\u00edodo letivo 2026\/1<\/strong>.<\/p>\n\n\n\n<p>A sele\u00e7\u00e3o refere-se \u00e0s disciplinas eletivas ofertadas pelo programa nos polos de <strong>Manaus<\/strong> e <strong>Tef\u00e9<\/strong>, destinadas a interessados em cursar componentes curriculares isolados no Mestrado em Ci\u00eancias Humanas.<\/p>\n\n\n\n<p>Conforme a coordena\u00e7\u00e3o do programa, ap\u00f3s an\u00e1lise da documenta\u00e7\u00e3o submetida pelos candidatos, foi <strong>ampliado o n\u00famero de vagas da disciplina MICH10 \u2013 Educa\u00e7\u00e3o, Cultura e Sociedade (Tef\u00e9)<\/strong>, passando de quatro para <strong>seis vagas<\/strong>, em comum acordo com o docente respons\u00e1vel pela disciplina. RESULTADO_DAS_INSCRICOES_DE_ALU\u2026<\/p>\n\n\n\n<p>Os candidatos classificados dever\u00e3o realizar a <strong>entrega da documenta\u00e7\u00e3o exigida no edital<\/strong>, presencialmente, no dia <strong>05 de mar\u00e7o de 2026 (quinta-feira)<\/strong>, no hor\u00e1rio <strong>das 08h \u00e0s 12h<\/strong>, conforme o polo de oferta:<\/p>\n\n\n\n<p><strong>Manaus<\/strong><br>Coordena\u00e7\u00e3o do PPGICH \u2013 Polo Manaus<br>Escola Superior de Artes e Turismo (ESAT\/UEA)<br>Rua Leonardo Malcher, 1728 \u2013 5\u00ba andar \u2013 Pra\u00e7a XIV de Janeiro<\/p>\n\n\n\n<p><strong>Tef\u00e9<\/strong><br>Dire\u00e7\u00e3o do Centro de Estudos Superiores de Tef\u00e9 (CEST\/UEA)<br>Estrada do Bexiga, 1085 \u2013 Bairro Jerusal\u00e9m<\/p>\n\n\n\n<p>A rela\u00e7\u00e3o completa dos candidatos classificados e a classifica\u00e7\u00e3o geral podem ser consultadas no documento oficial dispon\u00edvel abaixo:<\/p>\n\n\n\n<p><a href=\"https:\/\/posgraduacao.uea.edu.br\/cienciashumanas\/wp-content\/uploads\/2026\/03\/RESULTADO_DAS_INSCRICOES_DE_ALUNOS_ESPECIAIS_DO_PERIODO_LETIVO_2026-1_assinado.pdf\"> <strong>Resultado das Inscri\u00e7\u00f5es \u2013 Aluno Especial 2026\/1<\/strong><\/a><\/p>\n\n\n\n<p>As atividades acad\u00eamicas ocorrer\u00e3o conforme o <strong>Calend\u00e1rio Acad\u00eamico do PPGICH<\/strong> e a <strong>grade hor\u00e1ria do per\u00edodo letivo 2026\/1<\/strong>, dispon\u00edveis no portal do programa.<\/p>\n\n\n\n<p>A participa\u00e7\u00e3o na modalidade <strong>Aluno Especial<\/strong> possibilita cursar disciplinas isoladas do mestrado e conhecer a din\u00e2mica acad\u00eamica do programa, <strong>sem caracterizar v\u00ednculo como discente regular da p\u00f3s-gradua\u00e7\u00e3o<\/strong>.<\/p>\n\n\n\n<p><\/p>\n","protected":false},"excerpt":{"rendered":"<p>O Programa de P\u00f3s-Gradua\u00e7\u00e3o Interdisciplinar em Ci\u00eancias Humanas da Universidade do Estado do Amazonas (PPGICH\/UEA) divulgou o resultado das inscri\u00e7\u00f5es para Aluno Especial do per\u00edodo letivo 2026\/1. A sele\u00e7\u00e3o refere-se \u00e0s disciplinas eletivas ofertadas pelo programa nos polos de Manaus e Tef\u00e9, destinadas a interessados em cursar componentes curriculares isolados no Mestrado em Ci\u00eancias Humanas. [&hellip;]<\/p>\n","protected":false},"author":3,"featured_media":4229,"comment_status":"open","ping_status":"open","sticky":false,"template":"","format":"standard","meta":{"footnotes":""},"categories":[1],"tags":[],"class_list":["post-4228","post","type-post","status-publish","format-standard","has-post-thumbnail","hentry","category-sem-categoria"],"blocksy_meta":[],"_links":{"self":[{"href":"http:\/\/posgraduacao.uea.edu.br\/cienciashumanas\/index.php\/wp-json\/wp\/v2\/posts\/4228","targetHints":{"allow":["GET"]}}],"collection":[{"href":"http:\/\/posgraduacao.uea.edu.br\/cienciashumanas\/index.php\/wp-json\/wp\/v2\/posts"}],"about":[{"href":"http:\/\/posgraduacao.uea.edu.br\/cienciashumanas\/index.php\/wp-json\/wp\/v2\/types\/post"}],"author":[{"embeddable":true,"href":"http:\/\/posgraduacao.uea.edu.br\/cienciashumanas\/index.php\/wp-json\/wp\/v2\/users\/3"}],"replies":[{"embeddable":true,"href":"http:\/\/posgraduacao.uea.edu.br\/cienciashumanas\/index.php\/wp-json\/wp\/v2\/comments?post=4228"}],"version-history":[{"count":1,"href":"http:\/\/posgraduacao.uea.edu.br\/cienciashumanas\/index.php\/wp-json\/wp\/v2\/posts\/4228\/revisions"}],"predecessor-version":[{"id":4231,"href":"http:\/\/posgraduacao.uea.edu.br\/cienciashumanas\/index.php\/wp-json\/wp\/v2\/posts\/4228\/revisions\/4231"}],"wp:featuredmedia":[{"embeddable":true,"href":"http:\/\/posgraduacao.uea.edu.br\/cienciashumanas\/index.php\/wp-json\/wp\/v2\/media\/4229"}],"wp:attachment":[{"href":"http:\/\/posgraduacao.uea.edu.br\/cienciashumanas\/index.php\/wp-json\/wp\/v2\/media?parent=4228"}],"wp:term":[{"taxonomy":"category","embeddable":true,"href":"http:\/\/posgraduacao.uea.edu.br\/cienciashumanas\/index.php\/wp-json\/wp\/v2\/categories?post=4228"},{"taxonomy":"post_tag","embeddable":true,"href":"http:\/\/posgraduacao.uea.edu.br\/cienciashumanas\/index.php\/wp-json\/wp\/v2\/tags?post=4228"}],"curies":[{"name":"wp","href":"https:\/\/api.w.org\/{rel}","templated":true}]}}