{"id":4296,"date":"2026-03-23T17:10:24","date_gmt":"2026-03-23T20:10:24","guid":{"rendered":"http:\/\/posgraduacao.uea.edu.br\/cienciashumanas\/?p=4296"},"modified":"2026-03-30T16:11:07","modified_gmt":"2026-03-30T19:11:07","slug":"pgich-uea-realiza-defesa-de-dissertacao-na-x-jornada-de-defesas-sobre-radio-escolar-e-protagonismo-infantil-em-tefe-am","status":"publish","type":"post","link":"http:\/\/posgraduacao.uea.edu.br\/cienciashumanas\/index.php\/2026\/03\/23\/pgich-uea-realiza-defesa-de-dissertacao-na-x-jornada-de-defesas-sobre-radio-escolar-e-protagonismo-infantil-em-tefe-am\/","title":{"rendered":"PGICH\/UEA realiza defesa de disserta\u00e7\u00e3o na X Jornada de Defesas sobre r\u00e1dio escolar e protagonismo infantil em Tef\u00e9-AM"},"content":{"rendered":"\n<figure class=\"wp-block-image size-large\"><img loading=\"lazy\" decoding=\"async\" width=\"819\" height=\"1024\" src=\"http:\/\/posgraduacao.uea.edu.br\/cienciashumanas\/wp-content\/uploads\/2026\/03\/gisele-repu-819x1024.png\" alt=\"\" class=\"wp-image-4312\" srcset=\"http:\/\/posgraduacao.uea.edu.br\/cienciashumanas\/wp-content\/uploads\/2026\/03\/gisele-repu-819x1024.png 819w, http:\/\/posgraduacao.uea.edu.br\/cienciashumanas\/wp-content\/uploads\/2026\/03\/gisele-repu-240x300.png 240w, http:\/\/posgraduacao.uea.edu.br\/cienciashumanas\/wp-content\/uploads\/2026\/03\/gisele-repu-768x960.png 768w, http:\/\/posgraduacao.uea.edu.br\/cienciashumanas\/wp-content\/uploads\/2026\/03\/gisele-repu.png 1080w\" sizes=\"auto, (max-width: 819px) 100vw, 819px\" \/><\/figure>\n\n\n\n<p>O Programa de P\u00f3s-Gradua\u00e7\u00e3o Interdisciplinar em Ci\u00eancias Humanas da Universidade do Estado do Amazonas (PPGICH\/UEA) realizar\u00e1, no dia 31 de mar\u00e7o de 2026, \u00e0s 14h, a defesa de disserta\u00e7\u00e3o da mestranda <strong>Gisele Castro Sena<\/strong>, em sess\u00e3o p\u00fablica online, no \u00e2mbito da <strong>X Jornada de Defesas de Disserta\u00e7\u00e3o<\/strong> .<\/p>\n\n\n\n<p>Intitulada <strong>\u201cPara al\u00e9m da bolha: experi\u00eancia de oficina de r\u00e1dio escolar na educa\u00e7\u00e3o infantil em uma escola municipal na cidade de Tef\u00e9-AM\u201d<\/strong>, a pesquisa, de abordagem autoetnogr\u00e1fica, analisa como experi\u00eancias de vida e pr\u00e1ticas docentes podem se converter em caminhos de transforma\u00e7\u00e3o pedag\u00f3gica na educa\u00e7\u00e3o infantil, com \u00eanfase no uso da r\u00e1dio escolar como ferramenta de express\u00e3o, escuta e constru\u00e7\u00e3o de sentidos .<\/p>\n\n\n\n<p>O estudo evidencia o potencial das oficinas de r\u00e1dio escolar como espa\u00e7os de protagonismo infantil, favorecendo o desenvolvimento da autonomia, da criatividade e da participa\u00e7\u00e3o das crian\u00e7as, al\u00e9m de fortalecer v\u00ednculos no ambiente escolar e promover pr\u00e1ticas educativas mais sens\u00edveis e dial\u00f3gicas no contexto amaz\u00f4nico .<\/p>\n\n\n\n<p>O trabalho \u00e9 orientado pelo Prof. Dr. Guilherme Gitahy de Figueiredo (PPGICH\/UEA). A banca examinadora contar\u00e1 com docentes do PPGICH\/UEA, da Universidade Federal de Santa Catarina (UFSC) e da Prefeitura Municipal de Florian\u00f3polis (PMF) .<\/p>\n\n\n\n<p>A defesa integra a programa\u00e7\u00e3o da X Jornada de Defesas de Disserta\u00e7\u00e3o do PPGICH\/UEA, reafirmando o compromisso do Programa com a produ\u00e7\u00e3o de conhecimento interdisciplinar e socialmente relevante para a Amaz\u00f4nia.<\/p>\n\n\n\n<p>Republica\u00e7\u00e3o do Chamamento P\u00fablico n\u00ba 005\/2026: <a href=\"http:\/\/posgraduacao.uea.edu.br\/cienciashumanas\/wp-content\/uploads\/2026\/03\/Republicacao_-_CHAMAMENTO_PUBLICO_NC2BA_005_-_Gisele_Castro_Sena_assinado.pdf\">http:\/\/posgraduacao.uea.edu.br\/cienciashumanas\/wp-content\/uploads\/2026\/03\/Republicacao_-_CHAMAMENTO_PUBLICO_NC2BA_005_-_Gisele_Castro_Sena_assinado.pdf<\/a><\/p>\n","protected":false},"excerpt":{"rendered":"<p>O Programa de P\u00f3s-Gradua\u00e7\u00e3o Interdisciplinar em Ci\u00eancias Humanas da Universidade do Estado do Amazonas (PPGICH\/UEA) realizar\u00e1, no dia 31 de mar\u00e7o de 2026, \u00e0s 14h, a defesa de disserta\u00e7\u00e3o da mestranda Gisele Castro Sena, em sess\u00e3o p\u00fablica online, no \u00e2mbito da X Jornada de Defesas de Disserta\u00e7\u00e3o . Intitulada \u201cPara al\u00e9m da bolha: experi\u00eancia de [&hellip;]<\/p>\n","protected":false},"author":3,"featured_media":4312,"comment_status":"closed","ping_status":"","sticky":false,"template":"","format":"standard","meta":{"footnotes":""},"categories":[9,3,10],"tags":[],"class_list":["post-4296","post","type-post","status-publish","format-standard","has-post-thumbnail","hentry","category-defesasppgich","category-news","category-noticias"],"blocksy_meta":[],"_links":{"self":[{"href":"http:\/\/posgraduacao.uea.edu.br\/cienciashumanas\/index.php\/wp-json\/wp\/v2\/posts\/4296","targetHints":{"allow":["GET"]}}],"collection":[{"href":"http:\/\/posgraduacao.uea.edu.br\/cienciashumanas\/index.php\/wp-json\/wp\/v2\/posts"}],"about":[{"href":"http:\/\/posgraduacao.uea.edu.br\/cienciashumanas\/index.php\/wp-json\/wp\/v2\/types\/post"}],"author":[{"embeddable":true,"href":"http:\/\/posgraduacao.uea.edu.br\/cienciashumanas\/index.php\/wp-json\/wp\/v2\/users\/3"}],"replies":[{"embeddable":true,"href":"http:\/\/posgraduacao.uea.edu.br\/cienciashumanas\/index.php\/wp-json\/wp\/v2\/comments?post=4296"}],"version-history":[{"count":2,"href":"http:\/\/posgraduacao.uea.edu.br\/cienciashumanas\/index.php\/wp-json\/wp\/v2\/posts\/4296\/revisions"}],"predecessor-version":[{"id":4313,"href":"http:\/\/posgraduacao.uea.edu.br\/cienciashumanas\/index.php\/wp-json\/wp\/v2\/posts\/4296\/revisions\/4313"}],"wp:featuredmedia":[{"embeddable":true,"href":"http:\/\/posgraduacao.uea.edu.br\/cienciashumanas\/index.php\/wp-json\/wp\/v2\/media\/4312"}],"wp:attachment":[{"href":"http:\/\/posgraduacao.uea.edu.br\/cienciashumanas\/index.php\/wp-json\/wp\/v2\/media?parent=4296"}],"wp:term":[{"taxonomy":"category","embeddable":true,"href":"http:\/\/posgraduacao.uea.edu.br\/cienciashumanas\/index.php\/wp-json\/wp\/v2\/categories?post=4296"},{"taxonomy":"post_tag","embeddable":true,"href":"http:\/\/posgraduacao.uea.edu.br\/cienciashumanas\/index.php\/wp-json\/wp\/v2\/tags?post=4296"}],"curies":[{"name":"wp","href":"https:\/\/api.w.org\/{rel}","templated":true}]}}