{"id":4944,"date":"2026-04-28T12:40:05","date_gmt":"2026-04-28T15:40:05","guid":{"rendered":"http:\/\/posgraduacao.uea.edu.br\/cienciashumanas\/?p=4944"},"modified":"2026-04-28T12:40:05","modified_gmt":"2026-04-28T15:40:05","slug":"ppgich-uea-realiza-defesa-de-dissertacao-na-x-jornada-de-defesas-sobre-o-protagonismo-de-mulheres-benzedeiras-em-fonte-boa-am","status":"publish","type":"post","link":"http:\/\/posgraduacao.uea.edu.br\/cienciashumanas\/index.php\/2026\/04\/28\/ppgich-uea-realiza-defesa-de-dissertacao-na-x-jornada-de-defesas-sobre-o-protagonismo-de-mulheres-benzedeiras-em-fonte-boa-am\/","title":{"rendered":"PPGICH\/UEA realiza defesa de disserta\u00e7\u00e3o na X Jornada de Defesas sobre o protagonismo de mulheres benzedeiras em Fonte Boa (AM)"},"content":{"rendered":"\n<figure class=\"wp-block-image size-large\"><img loading=\"lazy\" decoding=\"async\" width=\"819\" height=\"1024\" src=\"http:\/\/posgraduacao.uea.edu.br\/cienciashumanas\/wp-content\/uploads\/2026\/04\/rackila-cartaz-819x1024.png\" alt=\"\" class=\"wp-image-4943\" srcset=\"http:\/\/posgraduacao.uea.edu.br\/cienciashumanas\/wp-content\/uploads\/2026\/04\/rackila-cartaz-819x1024.png 819w, http:\/\/posgraduacao.uea.edu.br\/cienciashumanas\/wp-content\/uploads\/2026\/04\/rackila-cartaz-240x300.png 240w, http:\/\/posgraduacao.uea.edu.br\/cienciashumanas\/wp-content\/uploads\/2026\/04\/rackila-cartaz-768x960.png 768w, http:\/\/posgraduacao.uea.edu.br\/cienciashumanas\/wp-content\/uploads\/2026\/04\/rackila-cartaz-1229x1536.png 1229w, http:\/\/posgraduacao.uea.edu.br\/cienciashumanas\/wp-content\/uploads\/2026\/04\/rackila-cartaz.png 1620w\" sizes=\"auto, (max-width: 819px) 100vw, 819px\" \/><\/figure>\n\n\n\n<p>O Programa de P\u00f3s-Gradua\u00e7\u00e3o Interdisciplinar em Ci\u00eancias Humanas da Universidade do Estado do Amazonas (PPGICH\/UEA) realizar\u00e1, no dia 29 de abril de 2026, \u00e0s 10h, a defesa de disserta\u00e7\u00e3o da mestranda <strong>Rackila Souza da Silva<\/strong>, em sess\u00e3o p\u00fablica, no \u00e2mbito da <strong>X Jornada de Defesas de Disserta\u00e7\u00e3o<\/strong> .<\/p>\n\n\n\n<p>Intitulada <strong>\u201cMulheres que curam: a pr\u00e1tica de benzimento das mulheres na cidade de Fonte Boa (AM)\u201d<\/strong>, a pesquisa investiga, em abordagem qualitativa e interdisciplinar, os saberes e pr\u00e1ticas das benzedeiras, destacando seu papel na promo\u00e7\u00e3o do cuidado, na religiosidade popular e na preserva\u00e7\u00e3o de conhecimentos ancestrais na Amaz\u00f4nia .<\/p>\n\n\n\n<p>O estudo evidencia as benzedeiras como agentes centrais na vida comunit\u00e1ria, articulando dimens\u00f5es culturais, espirituais e sociais, ao mesmo tempo em que enfrentam desafios relacionados a estigmas e \u00e0 marginaliza\u00e7\u00e3o desses saberes no contexto contempor\u00e2neo .<\/p>\n\n\n\n<p>O trabalho \u00e9 orientado pelo Prof. Dr. Yomarley Lopes Holanda (PPGICH\/UEA). A banca examinadora contar\u00e1 com a participa\u00e7\u00e3o do Prof. Dr. Diego Omar da Silveira (PPGICH\/UEA) e do Prof. Dr. Deilson do Carmo Trindade (IFAM), al\u00e9m de suplentes do PPGICH\/UEA e da SEDUC\/AM .<\/p>\n\n\n\n<p>A defesa integra a programa\u00e7\u00e3o da X Jornada de Defesas de Disserta\u00e7\u00e3o do PPGICH\/UEA.<\/p>\n\n\n\n<p><em><a href=\"http:\/\/posgraduacao.uea.edu.br\/cienciashumanas\/wp-content\/uploads\/2026\/04\/CHAMAMENTO-PUBLICO-N008-RACKILA-SOUZA-DA-SILVA.pdf\">Chamamento P\u00fablico n\u00ba 008.2026 <strong>&#8211;<\/strong><\/a><\/em><strong><a href=\"http:\/\/posgraduacao.uea.edu.br\/cienciashumanas\/wp-content\/uploads\/2026\/04\/CHAMAMENTO-PUBLICO-N008-RACKILA-SOUZA-DA-SILVA.pdf\">Rackila Souza da Silva<\/a><\/strong><\/p>\n","protected":false},"excerpt":{"rendered":"<p>O Programa de P\u00f3s-Gradua\u00e7\u00e3o Interdisciplinar em Ci\u00eancias Humanas da Universidade do Estado do Amazonas (PPGICH\/UEA) realizar\u00e1, no dia 29 de abril de 2026, \u00e0s 10h, a defesa de disserta\u00e7\u00e3o da mestranda Rackila Souza da Silva, em sess\u00e3o p\u00fablica, no \u00e2mbito da X Jornada de Defesas de Disserta\u00e7\u00e3o . Intitulada \u201cMulheres que curam: a pr\u00e1tica de [&hellip;]<\/p>\n","protected":false},"author":3,"featured_media":4943,"comment_status":"closed","ping_status":"","sticky":false,"template":"","format":"standard","meta":{"footnotes":""},"categories":[9,3,10],"tags":[],"class_list":["post-4944","post","type-post","status-publish","format-standard","has-post-thumbnail","hentry","category-defesasppgich","category-news","category-noticias"],"blocksy_meta":[],"_links":{"self":[{"href":"http:\/\/posgraduacao.uea.edu.br\/cienciashumanas\/index.php\/wp-json\/wp\/v2\/posts\/4944","targetHints":{"allow":["GET"]}}],"collection":[{"href":"http:\/\/posgraduacao.uea.edu.br\/cienciashumanas\/index.php\/wp-json\/wp\/v2\/posts"}],"about":[{"href":"http:\/\/posgraduacao.uea.edu.br\/cienciashumanas\/index.php\/wp-json\/wp\/v2\/types\/post"}],"author":[{"embeddable":true,"href":"http:\/\/posgraduacao.uea.edu.br\/cienciashumanas\/index.php\/wp-json\/wp\/v2\/users\/3"}],"replies":[{"embeddable":true,"href":"http:\/\/posgraduacao.uea.edu.br\/cienciashumanas\/index.php\/wp-json\/wp\/v2\/comments?post=4944"}],"version-history":[{"count":1,"href":"http:\/\/posgraduacao.uea.edu.br\/cienciashumanas\/index.php\/wp-json\/wp\/v2\/posts\/4944\/revisions"}],"predecessor-version":[{"id":4945,"href":"http:\/\/posgraduacao.uea.edu.br\/cienciashumanas\/index.php\/wp-json\/wp\/v2\/posts\/4944\/revisions\/4945"}],"wp:featuredmedia":[{"embeddable":true,"href":"http:\/\/posgraduacao.uea.edu.br\/cienciashumanas\/index.php\/wp-json\/wp\/v2\/media\/4943"}],"wp:attachment":[{"href":"http:\/\/posgraduacao.uea.edu.br\/cienciashumanas\/index.php\/wp-json\/wp\/v2\/media?parent=4944"}],"wp:term":[{"taxonomy":"category","embeddable":true,"href":"http:\/\/posgraduacao.uea.edu.br\/cienciashumanas\/index.php\/wp-json\/wp\/v2\/categories?post=4944"},{"taxonomy":"post_tag","embeddable":true,"href":"http:\/\/posgraduacao.uea.edu.br\/cienciashumanas\/index.php\/wp-json\/wp\/v2\/tags?post=4944"}],"curies":[{"name":"wp","href":"https:\/\/api.w.org\/{rel}","templated":true}]}}