{"id":2079,"date":"2020-08-18T16:27:43","date_gmt":"2020-08-18T16:27:43","guid":{"rendered":"https:\/\/demo.creativethemes.com\/blocksy\/business\/?p=549"},"modified":"2026-02-12T11:31:37","modified_gmt":"2026-02-12T15:31:37","slug":"massa-id-neque-aliquam-vestibulum-morbi","status":"publish","type":"post","link":"http:\/\/posgraduacao.uea.edu.br\/dermatologia\/?p=2079","title":{"rendered":"Fuham divulga lista de aprovados no Mestrado em Ci\u00eancias Aplicadas \u00e0 Dermatologia"},"content":{"rendered":"\n<div class=\"wp-block-stackable-image stk-block-image stk-block stk-ed6cdb3\" data-block-id=\"ed6cdb3\"><figure><span class=\"stk-img-wrapper stk-image--shape-stretch\"><img loading=\"lazy\" decoding=\"async\" class=\"stk-img wp-image-2484\" src=\"http:\/\/posgraduacao.uea.edu.br\/dermatologia\/wp-content\/uploads\/2020\/08\/WhatsApp-Image-2023-02-27-at-11.32.471-768x587-1.jpeg\" width=\"768\" height=\"587\" srcset=\"http:\/\/posgraduacao.uea.edu.br\/dermatologia\/wp-content\/uploads\/2020\/08\/WhatsApp-Image-2023-02-27-at-11.32.471-768x587-1.jpeg 768w, http:\/\/posgraduacao.uea.edu.br\/dermatologia\/wp-content\/uploads\/2020\/08\/WhatsApp-Image-2023-02-27-at-11.32.471-768x587-1-300x229.jpeg 300w\" sizes=\"auto, (max-width: 768px) 100vw, 768px\" \/><\/span><\/figure><\/div>\n\n\n\n<p>A Comiss\u00e3o de Sele\u00e7\u00e3o do Programa de P\u00f3s-Gradua\u00e7\u00e3o em Ci\u00eancias Aplicadas \u00e0 Dermatologia, da Funda\u00e7\u00e3o Hospitalar Alfredo da Matta, divulgou, na tarde desta quinta-feira (22), a lista de candidatos aprovados na 2\u00aa etapa do Mestrado Profissional em Ci\u00eancias Aplicadas \u00e0 Dermatologia. A lista cont\u00e9m 15 nomes, dispostos em ordem alfab\u00e9tica.<\/p>\n\n\n\n<p>No documento, a Comiss\u00e3o de Sele\u00e7\u00e3o tamb\u00e9m alerta que candidatos de 1 a 8, aprovados e aptos para matr\u00edcula na turma de mestrado ano acad\u00eamico 2023. Candidatos de 9 a 15 poder\u00e3o se matricular a depender da<br>disponibilidade de orientador, conforme o estabelecido no anexo do edital de sele\u00e7\u00e3o n\u00ba 044\/2022-GR\/UEA, 3. Das vagas, item 3.2.<\/p>\n\n\n\n<div class=\"wp-block-stackable-button-group stk-block-button-group stk-block stk-a02a45d\" data-block-id=\"a02a45d\"><div class=\"stk-row stk-inner-blocks has-text-align-center stk-block-content stk-button-group\">\n<div class=\"wp-block-stackable-button stk-block-button stk-block stk-48769a9\" data-block-id=\"48769a9\"><a class=\"stk-link stk-button stk--hover-effect-darken\" href=\"https:\/\/selecao2.uea.edu.br\/?dest=info&amp;selecao=8226\" target=\"_blank\" rel=\"noreferrer noopener\"><span class=\"stk-button__inner-text\">Informa\u00e7\u00f5es suplementares podem ser obtidas aqui<\/span><\/a><\/div>\n<\/div><\/div>\n\n\n\n<div class=\"wp-block-stackable-image stk-block-image stk-block stk-329a56e\" data-block-id=\"329a56e\"><style>.stk-329a56e .stk-img-wrapper{width:60% !important}<\/style><figure><span class=\"stk-img-wrapper stk-image--shape-stretch\"><img loading=\"lazy\" decoding=\"async\" class=\"stk-img wp-image-2489\" src=\"http:\/\/posgraduacao.uea.edu.br\/dermatologia\/wp-content\/uploads\/2020\/08\/aprovados-mestrado_page-0001-e1714659018403.jpg\" width=\"600\" height=\"848\"\/><\/span><\/figure><\/div>\n\n\n\n<h4 class=\"wp-block-heading\"><strong>Sobre o Mestrado Profissional em Ci\u00eancias Aplicadas \u00e0 Dermatologia UEA\/FUHAM<\/strong><\/h4>\n\n\n\n<p>O Programa de P\u00f3s-Gradua\u00e7\u00e3o em Ci\u00eancias Aplicadas \u00e0 Dermatologia (PPG-CAD), modalidade mestrado profissional, \u00e9 resultado de conv\u00eanio amplo da Universidade do Estado do Amazonas (UEA) e Funda\u00e7\u00e3o Hospitalar de Dermatologia Tropical e Venereologia&nbsp;Alfredo da Matta (Fuham), Centro de Refer\u00eancia para doen\u00e7as dermatol\u00f3gicas no estado do Amazonas.<\/p>\n\n\n\n<p>Aprovado pela CAPES \u2013 Coordena\u00e7\u00e3o de Aperfei\u00e7oamento de Pessoal de N\u00edvel Superior, funda\u00e7\u00e3o vinculada ao Minist\u00e9rio da Educa\u00e7\u00e3o do Brasil \u2013 no ano de 2017, o PPG-CAD visa qualificar profissionais de n\u00edvel superior para o exerc\u00edcio de atividades cl\u00ednicas, diagn\u00f3stico laboratorial das principais dermatoses, pesquisa cl\u00ednica e experimental, al\u00e9m de doc\u00eancia na \u00e1rea da dermatologia.<\/p>\n\n\n\n<p>O curso \u00e9 multidisciplinar, sendo a sele\u00e7\u00e3o anual de oito novos discentes. Profissionais com diplomas de n\u00edvel superior em Ci\u00eancias Biol\u00f3gicas e em Ci\u00eancias da Sa\u00fade, em \u00e1reas que apresentem interesse de atua\u00e7\u00e3o com a Dermatologia, de modo espec\u00edfico ou afim podem se candidatar para as vagas disponibilizadas.<\/p>\n\n\n\n<p>O programa apresenta, desde sua cria\u00e7\u00e3o em 2017, duas \u00e1reas de concentra\u00e7\u00e3o, com respectivas&nbsp;linhas de pesquisa, a saber:<\/p>\n\n\n\n<p><strong>1) dermatologia cl\u00ednica e pesquisa experimental em dermatologia<\/strong><\/p>\n\n\n\n<p>Linhas de pesquisa: dermatoses de origem f\u00fangica, hansen\u00edase, leishmaniose, projetos isolados, dermatoses inflamat\u00f3rias, infecciosas, neopl\u00e1sicas, autoimunes e genodermatoses.<\/p>\n\n\n\n<p><strong>2) pesquisa experimental em dermatologia<\/strong><\/p>\n\n\n\n<p>Linhas de pesquisa: gen\u00e9tica das doen\u00e7as dermatol\u00f3gicas, infec\u00e7\u00f5es sexualmente transmiss\u00edveis e oncologia cut\u00e2nea.<\/p>\n\n\n\n<p><strong>Perfil do egresso<\/strong><\/p>\n\n\n\n<p>Profissional com n\u00edvel superior, qualificado para o exerc\u00edcio de atividades cl\u00ednicas, diagn\u00f3stico laboratorial das principais dermatoses, pesquisa cl\u00ednica e experimental, al\u00e9m de doc\u00eancia na \u00e1rea da dermatologia.<\/p>\n\n\n\n<p><strong>N\u00famero de vagas ofertadas<\/strong><\/p>\n\n\n\n<p>Oito<\/p>\n\n\n\n<div class=\"wp-block-stackable-spacer stk-block-spacer stk--no-padding stk-block stk-d048b62\" data-block-id=\"d048b62\"><\/div>\n\n\n\n<p>Informa\u00e7\u00f5es suplementares podem ser obtidas&nbsp;<a href=\"http:\/\/www.fuham.am.gov.br\/ensino\/mestrado\/\">clicando aqui<\/a>.<\/p>\n","protected":false},"excerpt":{"rendered":"<p>A Comiss\u00e3o de Sele\u00e7\u00e3o do Programa de P\u00f3s-Gradua\u00e7\u00e3o em Ci\u00eancias Aplicadas \u00e0 Dermatologia, da Funda\u00e7\u00e3o Hospitalar Alfredo da Matta, divulgou, na tarde desta quinta-feira (22), a lista de candidatos aprovados na 2\u00aa etapa do Mestrado Profissional em Ci\u00eancias Aplicadas \u00e0 Dermatologia. A lista cont\u00e9m 15 nomes, dispostos em ordem alfab\u00e9tica. No documento, a Comiss\u00e3o de [&hellip;]<\/p>\n","protected":false},"author":1,"featured_media":2484,"comment_status":"closed","ping_status":"open","sticky":false,"template":"","format":"standard","meta":{"footnotes":""},"categories":[1],"tags":[],"class_list":["post-2079","post","type-post","status-publish","format-standard","has-post-thumbnail","hentry","category-pesquisa"],"blocksy_meta":{"styles_descriptor":{"styles":{"desktop":"","tablet":"","mobile":""},"google_fonts":[],"version":6}},"aioseo_notices":[],"_links":{"self":[{"href":"http:\/\/posgraduacao.uea.edu.br\/dermatologia\/index.php?rest_route=\/wp\/v2\/posts\/2079","targetHints":{"allow":["GET"]}}],"collection":[{"href":"http:\/\/posgraduacao.uea.edu.br\/dermatologia\/index.php?rest_route=\/wp\/v2\/posts"}],"about":[{"href":"http:\/\/posgraduacao.uea.edu.br\/dermatologia\/index.php?rest_route=\/wp\/v2\/types\/post"}],"author":[{"embeddable":true,"href":"http:\/\/posgraduacao.uea.edu.br\/dermatologia\/index.php?rest_route=\/wp\/v2\/users\/1"}],"replies":[{"embeddable":true,"href":"http:\/\/posgraduacao.uea.edu.br\/dermatologia\/index.php?rest_route=%2Fwp%2Fv2%2Fcomments&post=2079"}],"version-history":[{"count":3,"href":"http:\/\/posgraduacao.uea.edu.br\/dermatologia\/index.php?rest_route=\/wp\/v2\/posts\/2079\/revisions"}],"predecessor-version":[{"id":2490,"href":"http:\/\/posgraduacao.uea.edu.br\/dermatologia\/index.php?rest_route=\/wp\/v2\/posts\/2079\/revisions\/2490"}],"wp:featuredmedia":[{"embeddable":true,"href":"http:\/\/posgraduacao.uea.edu.br\/dermatologia\/index.php?rest_route=\/wp\/v2\/media\/2484"}],"wp:attachment":[{"href":"http:\/\/posgraduacao.uea.edu.br\/dermatologia\/index.php?rest_route=%2Fwp%2Fv2%2Fmedia&parent=2079"}],"wp:term":[{"taxonomy":"category","embeddable":true,"href":"http:\/\/posgraduacao.uea.edu.br\/dermatologia\/index.php?rest_route=%2Fwp%2Fv2%2Fcategories&post=2079"},{"taxonomy":"post_tag","embeddable":true,"href":"http:\/\/posgraduacao.uea.edu.br\/dermatologia\/index.php?rest_route=%2Fwp%2Fv2%2Ftags&post=2079"}],"curies":[{"name":"wp","href":"https:\/\/api.w.org\/{rel}","templated":true}]}}