{"id":2613,"date":"2024-06-25T16:07:51","date_gmt":"2024-06-25T20:07:51","guid":{"rendered":"https:\/\/posgraduacao.uea.edu.br\/dermatologia\/?p=2613"},"modified":"2026-02-12T11:31:37","modified_gmt":"2026-02-12T15:31:37","slug":"fuham-traca-detalhes-de-simposio-de-dermatologia-tropical-brasil-alemanha","status":"publish","type":"post","link":"http:\/\/posgraduacao.uea.edu.br\/dermatologia\/?p=2613","title":{"rendered":"Fuham tra\u00e7a detalhes de Simp\u00f3sio de Dermatologia Tropical Brasil-Alemanha"},"content":{"rendered":"\n<div class=\"wp-block-stackable-image stk-block-image stk-block stk-f60dc06\" data-block-id=\"f60dc06\"><figure><span class=\"stk-img-wrapper stk-image--shape-stretch\"><img loading=\"lazy\" decoding=\"async\" class=\"stk-img wp-image-2616\" src=\"http:\/\/posgraduacao.uea.edu.br\/dermatologia\/wp-content\/uploads\/2024\/06\/01.jpeg\" width=\"768\" height=\"667\"\/><\/span><\/figure><\/div>\n\n\n\n<p>A Funda\u00e7\u00e3o Hospitalar Alfredo da Matta (Fuham) vai realizar um Simp\u00f3sio de Dermatologia Tropical Brasil-Alemanha, previsto para a acontecer em outubro. Foi esse o tema da visita de militares alem\u00e3es \u00e0s instala\u00e7\u00f5es da Fuham, nesta ter\u00e7a-feira (11).<\/p>\n\n\n\n<p>Com a participa\u00e7\u00e3o de militares do Ex\u00e9rcito Brasileiro, a Fuham e as For\u00e7as Armadas da Alemanha est\u00e3o em fase de planejamento do evento. Na conversa com a diretoria da institui\u00e7\u00e3o, a pauta incluiu a defini\u00e7\u00e3o de detalhes de programa\u00e7\u00e3o e toda log\u00edstica necess\u00e1ria, para a realiza\u00e7\u00e3o do simp\u00f3sio. A Fuham ser\u00e1 uma das sedes deste evento que vai refor\u00e7ar o interc\u00e2mbio de conhecimentos entre profissionais da dermatologia tropical dos dois pa\u00edses.<\/p>\n\n\n\n<p>\u201cVamos receber para um interc\u00e2mbio de conhecimento, um grupo da dermatologia tropical da Alemanha, em evento que envolve Fuham e Tropical [Funda\u00e7\u00e3o de Medicina Tropical Doutor Heitor Vieira Dourado \/ FMT-HVD] para atualizar os conhecimentos e aprimorar diagn\u00f3stico e tratamento das doen\u00e7as tropicais\u201d, explica o diretor presidente da Fuham, Carlos Chirano.<\/p>\n\n\n\n<p>Segundo o diretor presidente da Fuham, a parceria representa um reconhecimento internacional da institui\u00e7\u00e3o, que \u00e9 refer\u00eancia em hansen\u00edase e doen\u00e7as dermatol\u00f3gicas tropicais n\u00e3o s\u00f3 no Brasil, mas tamb\u00e9m, no \u00e2mbito internacional.<\/p>\n\n\n\n<p>\u201cEsse reconhecimento pela excel\u00eancia dos servi\u00e7os ofertados na institui\u00e7\u00e3o \u00e9 muito valioso para n\u00f3s, demonstra que estamos no caminho certo, que estamos fazendo nosso trabalho com excel\u00eancia e qualidade, que podemos ofertar conhecimento e aprimoramento para um grupo de sa\u00fade, e isso \u00e9 muito importante n\u00e3o s\u00f3 para a institui\u00e7\u00e3o, mas para o estado e o pa\u00eds\u201d, ressalta Carlos Chirano.<\/p>\n\n\n\n<p>Para a Tenente-coronel das For\u00e7as Armadas Alem\u00e3, Andrea Venegas Ramirez, a realiza\u00e7\u00e3o deste simp\u00f3sio junto com institui\u00e7\u00f5es brasileiras \u00e9 de grande import\u00e2ncia e uma oportunidade \u00fanica para os profissionais.<\/p>\n\n\n\n<p>\u201cAqui ser\u00e3o cinco dias de interc\u00e2mbio de experi\u00eancias, pacientes, atendimento, conhecimento; acho muito importante oficiais do ex\u00e9rcito do Brasil, que conhe\u00e7am as institui\u00e7\u00f5es de refer\u00eancia e a tecnologia de ponta que tem aqui, e tamb\u00e9m as necessidades; para Alemanha, que tem projetos bilaterais com o Brasil, e este \u00e9 um desses projetos, tamb\u00e9m \u00e9 muito importante\u201d, destaca Andrea Ramirez que tamb\u00e9m \u00e9 m\u00e9dica dermatologista, especialista em doen\u00e7as tropicais.<\/p>\n\n\n\n<div class=\"wp-block-stackable-image stk-block-image stk-block stk-74f8ac5\" data-block-id=\"74f8ac5\"><figure><span class=\"stk-img-wrapper stk-image--shape-stretch\"><img loading=\"lazy\" decoding=\"async\" class=\"stk-img wp-image-2617\" src=\"http:\/\/posgraduacao.uea.edu.br\/dermatologia\/wp-content\/uploads\/2024\/06\/02.jpeg\" width=\"1600\" height=\"1200\" srcset=\"http:\/\/posgraduacao.uea.edu.br\/dermatologia\/wp-content\/uploads\/2024\/06\/02.jpeg 1600w, http:\/\/posgraduacao.uea.edu.br\/dermatologia\/wp-content\/uploads\/2024\/06\/02-300x225.jpeg 300w, http:\/\/posgraduacao.uea.edu.br\/dermatologia\/wp-content\/uploads\/2024\/06\/02-1024x768.jpeg 1024w, http:\/\/posgraduacao.uea.edu.br\/dermatologia\/wp-content\/uploads\/2024\/06\/02-768x576.jpeg 768w, http:\/\/posgraduacao.uea.edu.br\/dermatologia\/wp-content\/uploads\/2024\/06\/02-1536x1152.jpeg 1536w\" sizes=\"auto, (max-width: 1600px) 100vw, 1600px\" \/><\/span><\/figure><\/div>\n\n\n\n<div class=\"wp-block-stackable-text stk-block-text stk-block stk-7f0f5b5\" data-block-id=\"7f0f5b5\"><p class=\"stk-block-text__text\"><strong>Simp\u00f3sio em Dermatologia Tropical<\/strong><\/p><\/div>\n\n\n\n<p>O Simp\u00f3sio de Dermatologia Tropical Brasil-Alemanha vai ter como sede Fuham e FMT-HVD. Ser\u00e3o cinco dias, dois deles totalmente dedicados \u00e0s experi\u00eancias vivenciadas nos ambulat\u00f3rios da Fuham e troca de conhecimento com especialistas da institui\u00e7\u00e3o, j\u00e1 que a programa\u00e7\u00e3o envolve aulas te\u00f3ricas e pr\u00e1ticas. O p\u00fablico \u00e9 de profissionais da dermatologia tropical militares e civis da Alemanha e Brasil, ligados \u00e0s institui\u00e7\u00f5es parceiras nesta realiza\u00e7\u00e3o.<\/p>\n\n\n\n<p>\u201cA ideia \u00e9 este ano de 2024 fazer uma atualiza\u00e7\u00e3o em dermatologia tropical; reunir dermatologistas e especialistas em infectologia dermatol\u00f3gica da Alemanha e Brasil \u2013 oficiais dos ex\u00e9rcitos \u2013 e fazer um encontro nas institui\u00e7\u00f5es refer\u00eancia em dermatologia tropical do Amazonas e do Brasil\u201d, explica a Tenente-coronel Andrea Ramirez.<\/p>\n\n\n\n<p>\u201cSer\u00e3o abordados os temas de interesse comum, especialmente hansen\u00edase, leishmaniose, micoses profundas, micoses sist\u00eamicas e outras doen\u00e7as infecciosas dermatol\u00f3gicas\u201d, explica Carlos Chirano.<\/p>\n\n\n\n<p>Segundo o diretor presidente da Fuham a import\u00e2ncia desse interc\u00e2mbio envolve tamb\u00e9m a oportunidade de padronizar procedimentos e conduta relacionadas \u00e0s doen\u00e7as tropicais. \u201cHoje com a globaliza\u00e7\u00e3o as pessoas migram de um pa\u00eds para o outro e muito facilmente as doen\u00e7as tamb\u00e9m s\u00e3o conduzidas de um pa\u00eds para o outro, ent\u00e3o precisamos estar sempre atualizados\u201d. Al\u00e9m de aspectos te\u00f3ricos, na parte pr\u00e1tica, os profissionais ter\u00e3o a oportunidade de acompanhar o atendimento de pacientes dos ambulat\u00f3rios na Fuham, al\u00e9m da avalia\u00e7\u00e3o de incapacidades e reabilita\u00e7\u00e3o de pacientes, coleta de baciloscopia para hansen\u00edase e leishmaniose e an\u00e1lises laboratoriais realizadas na rotina.<\/p>\n","protected":false},"excerpt":{"rendered":"<p>A Funda\u00e7\u00e3o Hospitalar Alfredo da Matta (Fuham) vai realizar um Simp\u00f3sio de Dermatologia Tropical Brasil-Alemanha, previsto para a acontecer em outubro. Foi esse o tema da visita de militares alem\u00e3es \u00e0s instala\u00e7\u00f5es da Fuham, nesta ter\u00e7a-feira (11). Com a participa\u00e7\u00e3o de militares do Ex\u00e9rcito Brasileiro, a Fuham e as For\u00e7as Armadas da Alemanha est\u00e3o em [&hellip;]<\/p>\n","protected":false},"author":1,"featured_media":2616,"comment_status":"closed","ping_status":"open","sticky":false,"template":"","format":"standard","meta":{"footnotes":""},"categories":[1],"tags":[],"class_list":["post-2613","post","type-post","status-publish","format-standard","has-post-thumbnail","hentry","category-pesquisa"],"blocksy_meta":[],"aioseo_notices":[],"_links":{"self":[{"href":"http:\/\/posgraduacao.uea.edu.br\/dermatologia\/index.php?rest_route=\/wp\/v2\/posts\/2613","targetHints":{"allow":["GET"]}}],"collection":[{"href":"http:\/\/posgraduacao.uea.edu.br\/dermatologia\/index.php?rest_route=\/wp\/v2\/posts"}],"about":[{"href":"http:\/\/posgraduacao.uea.edu.br\/dermatologia\/index.php?rest_route=\/wp\/v2\/types\/post"}],"author":[{"embeddable":true,"href":"http:\/\/posgraduacao.uea.edu.br\/dermatologia\/index.php?rest_route=\/wp\/v2\/users\/1"}],"replies":[{"embeddable":true,"href":"http:\/\/posgraduacao.uea.edu.br\/dermatologia\/index.php?rest_route=%2Fwp%2Fv2%2Fcomments&post=2613"}],"version-history":[{"count":1,"href":"http:\/\/posgraduacao.uea.edu.br\/dermatologia\/index.php?rest_route=\/wp\/v2\/posts\/2613\/revisions"}],"predecessor-version":[{"id":2618,"href":"http:\/\/posgraduacao.uea.edu.br\/dermatologia\/index.php?rest_route=\/wp\/v2\/posts\/2613\/revisions\/2618"}],"wp:featuredmedia":[{"embeddable":true,"href":"http:\/\/posgraduacao.uea.edu.br\/dermatologia\/index.php?rest_route=\/wp\/v2\/media\/2616"}],"wp:attachment":[{"href":"http:\/\/posgraduacao.uea.edu.br\/dermatologia\/index.php?rest_route=%2Fwp%2Fv2%2Fmedia&parent=2613"}],"wp:term":[{"taxonomy":"category","embeddable":true,"href":"http:\/\/posgraduacao.uea.edu.br\/dermatologia\/index.php?rest_route=%2Fwp%2Fv2%2Fcategories&post=2613"},{"taxonomy":"post_tag","embeddable":true,"href":"http:\/\/posgraduacao.uea.edu.br\/dermatologia\/index.php?rest_route=%2Fwp%2Fv2%2Ftags&post=2613"}],"curies":[{"name":"wp","href":"https:\/\/api.w.org\/{rel}","templated":true}]}}