{"id":2624,"date":"2024-06-25T16:31:56","date_gmt":"2024-06-25T20:31:56","guid":{"rendered":"http:\/\/posgraduacao.uea.edu.br\/dermatologia\/?p=2624"},"modified":"2026-02-12T11:31:36","modified_gmt":"2026-02-12T15:31:36","slug":"mestrado-confira-a-lista-dos-aprovados-na-selecao-para-turma-de-2024","status":"publish","type":"post","link":"http:\/\/posgraduacao.uea.edu.br\/dermatologia\/?p=2624","title":{"rendered":"MESTRADO: Confira a lista dos aprovados na sele\u00e7\u00e3o para turma de 2024"},"content":{"rendered":"\n<p>A Comiss\u00e3o de Sele\u00e7\u00e3o do processo seletivo para o Programa de P\u00f3s-Gradua\u00e7\u00e3o em Ci\u00eancias Aplicadas \u00e0 Dermatologia da Universidade do Estado do Amazonas (UEA) e Fuham divulgou, na manh\u00e3 desta sexta-feira (14\/06), a lista da sele\u00e7\u00e3o da turma de 2024.<\/p>\n\n\n\n<div class=\"wp-block-stackable-image stk-block-image stk-block stk-316ee6e\" data-block-id=\"316ee6e\"><figure><span class=\"stk-img-wrapper stk-image--shape-stretch\"><img loading=\"lazy\" decoding=\"async\" class=\"stk-img wp-image-2620\" src=\"http:\/\/posgraduacao.uea.edu.br\/dermatologia\/wp-content\/uploads\/2024\/06\/aprovados.png\" width=\"500\" height=\"350\" srcset=\"http:\/\/posgraduacao.uea.edu.br\/dermatologia\/wp-content\/uploads\/2024\/06\/aprovados.png 500w, http:\/\/posgraduacao.uea.edu.br\/dermatologia\/wp-content\/uploads\/2024\/06\/aprovados-300x210.png 300w\" sizes=\"auto, (max-width: 500px) 100vw, 500px\" \/><\/span><\/figure><\/div>\n\n\n\n<p>A Comiss\u00e3o de Sele\u00e7\u00e3o do processo seletivo para o Programa de P\u00f3s-Gradua\u00e7\u00e3o em Ci\u00eancias Aplicadas \u00e0 Dermatologia da Universidade do Estado do Amazonas (UEA) e Fuham divulgou, na manh\u00e3 desta sexta-feira (14\/06), a lista da sele\u00e7\u00e3o da turma de 2024.<\/p>\n\n\n\n<p><a href=\"http:\/\/posgraduacao.uea.edu.br\/dermatologia\/wp-content\/uploads\/2024\/06\/APROVADOS-DA-2A-ETAPA-DO-PROCESSO-SELETIVO-DO-MESTRADO-2024_page-0001.jpg\" target=\"_blank\" rel=\"noopener nofollow\" title=\"Baixe aqui a lista dos aprovados em pdf\">Baixe aqui a lista dos aprovados em pdf<\/a><\/p>\n\n\n\n<div class=\"wp-block-stackable-image stk-block-image stk-block stk-668c083\" data-block-id=\"668c083\"><figure><span class=\"stk-img-wrapper stk-image--shape-stretch\"><img loading=\"lazy\" decoding=\"async\" class=\"stk-img wp-image-2621\" src=\"http:\/\/posgraduacao.uea.edu.br\/dermatologia\/wp-content\/uploads\/2024\/06\/APROVADOS-DA-2A-ETAPA-DO-PROCESSO-SELETIVO-DO-MESTRADO-2024_page-0001.jpg\" width=\"1200\" height=\"1718\" srcset=\"http:\/\/posgraduacao.uea.edu.br\/dermatologia\/wp-content\/uploads\/2024\/06\/APROVADOS-DA-2A-ETAPA-DO-PROCESSO-SELETIVO-DO-MESTRADO-2024_page-0001.jpg 1200w, http:\/\/posgraduacao.uea.edu.br\/dermatologia\/wp-content\/uploads\/2024\/06\/APROVADOS-DA-2A-ETAPA-DO-PROCESSO-SELETIVO-DO-MESTRADO-2024_page-0001-210x300.jpg 210w, http:\/\/posgraduacao.uea.edu.br\/dermatologia\/wp-content\/uploads\/2024\/06\/APROVADOS-DA-2A-ETAPA-DO-PROCESSO-SELETIVO-DO-MESTRADO-2024_page-0001-715x1024.jpg 715w, http:\/\/posgraduacao.uea.edu.br\/dermatologia\/wp-content\/uploads\/2024\/06\/APROVADOS-DA-2A-ETAPA-DO-PROCESSO-SELETIVO-DO-MESTRADO-2024_page-0001-768x1100.jpg 768w, http:\/\/posgraduacao.uea.edu.br\/dermatologia\/wp-content\/uploads\/2024\/06\/APROVADOS-DA-2A-ETAPA-DO-PROCESSO-SELETIVO-DO-MESTRADO-2024_page-0001-1073x1536.jpg 1073w\" sizes=\"auto, (max-width: 1200px) 100vw, 1200px\" \/><\/span><\/figure><\/div>\n\n\n\n<div class=\"wp-block-stackable-spacer stk-block-spacer stk--no-padding stk-block stk-b148af0\" data-block-id=\"b148af0\"><style>.stk-b148af0{height:50px !important}<\/style><\/div>\n","protected":false},"excerpt":{"rendered":"<p>A Comiss\u00e3o de Sele\u00e7\u00e3o do processo seletivo para o Programa de P\u00f3s-Gradua\u00e7\u00e3o em Ci\u00eancias Aplicadas \u00e0 Dermatologia da Universidade do Estado do Amazonas (UEA) e Fuham divulgou, na manh\u00e3 desta sexta-feira (14\/06), a lista da sele\u00e7\u00e3o da turma de 2024. A Comiss\u00e3o de Sele\u00e7\u00e3o do processo seletivo para o Programa de P\u00f3s-Gradua\u00e7\u00e3o em Ci\u00eancias Aplicadas [&hellip;]<\/p>\n","protected":false},"author":2,"featured_media":2620,"comment_status":"closed","ping_status":"open","sticky":false,"template":"","format":"standard","meta":{"footnotes":""},"categories":[1],"tags":[],"class_list":["post-2624","post","type-post","status-publish","format-standard","has-post-thumbnail","hentry","category-pesquisa"],"blocksy_meta":[],"aioseo_notices":[],"_links":{"self":[{"href":"http:\/\/posgraduacao.uea.edu.br\/dermatologia\/index.php?rest_route=\/wp\/v2\/posts\/2624","targetHints":{"allow":["GET"]}}],"collection":[{"href":"http:\/\/posgraduacao.uea.edu.br\/dermatologia\/index.php?rest_route=\/wp\/v2\/posts"}],"about":[{"href":"http:\/\/posgraduacao.uea.edu.br\/dermatologia\/index.php?rest_route=\/wp\/v2\/types\/post"}],"author":[{"embeddable":true,"href":"http:\/\/posgraduacao.uea.edu.br\/dermatologia\/index.php?rest_route=\/wp\/v2\/users\/2"}],"replies":[{"embeddable":true,"href":"http:\/\/posgraduacao.uea.edu.br\/dermatologia\/index.php?rest_route=%2Fwp%2Fv2%2Fcomments&post=2624"}],"version-history":[{"count":5,"href":"http:\/\/posgraduacao.uea.edu.br\/dermatologia\/index.php?rest_route=\/wp\/v2\/posts\/2624\/revisions"}],"predecessor-version":[{"id":2633,"href":"http:\/\/posgraduacao.uea.edu.br\/dermatologia\/index.php?rest_route=\/wp\/v2\/posts\/2624\/revisions\/2633"}],"wp:featuredmedia":[{"embeddable":true,"href":"http:\/\/posgraduacao.uea.edu.br\/dermatologia\/index.php?rest_route=\/wp\/v2\/media\/2620"}],"wp:attachment":[{"href":"http:\/\/posgraduacao.uea.edu.br\/dermatologia\/index.php?rest_route=%2Fwp%2Fv2%2Fmedia&parent=2624"}],"wp:term":[{"taxonomy":"category","embeddable":true,"href":"http:\/\/posgraduacao.uea.edu.br\/dermatologia\/index.php?rest_route=%2Fwp%2Fv2%2Fcategories&post=2624"},{"taxonomy":"post_tag","embeddable":true,"href":"http:\/\/posgraduacao.uea.edu.br\/dermatologia\/index.php?rest_route=%2Fwp%2Fv2%2Ftags&post=2624"}],"curies":[{"name":"wp","href":"https:\/\/api.w.org\/{rel}","templated":true}]}}