{"id":3267,"date":"2025-05-16T15:00:58","date_gmt":"2025-05-16T19:00:58","guid":{"rendered":"http:\/\/posgraduacao.uea.edu.br\/dermatologia\/?p=3267"},"modified":"2026-02-12T11:31:36","modified_gmt":"2026-02-12T15:31:36","slug":"uea-e-fuham-abrem-inscricoes-para-mestrado-em-ciencias-aplicadas-a-dermatologia","status":"publish","type":"post","link":"http:\/\/posgraduacao.uea.edu.br\/dermatologia\/?p=3267","title":{"rendered":"UEA e FUHAM abrem inscri\u00e7\u00f5es para mestrado em Ci\u00eancias Aplicadas \u00e0 Dermatologia."},"content":{"rendered":"\n<p class=\"has-text-align-left\">A Universidade do Estado Amazonas (UEA) publicou na \u00faltima quinta-feira (15\/05), o edital de sele\u00e7\u00e3o para o curso de Mestrado Profissional do Programa de P\u00f3s-Gradua\u00e7\u00e3o em Ci\u00eancias Aplicadas \u00e0 Dermatologia PPG-CAD, mantido por conv\u00eanio com a Funda\u00e7\u00e3o Hospitalar Alfredo da Matta (Fuham). As inscri\u00e7\u00f5es para o exame de sele\u00e7\u00e3o v\u00e3o de\u00a0<strong>16 de maio a<\/strong>\u00a0<strong>13 de junho de 2025, at\u00e9 \u00e0s 23h59min<\/strong>, hor\u00e1rio Manaus, em link eletr\u00f4nico disponibilizado no Edital n.\u00ba 057\/2025 \u2013 GR\/UEA.<\/p>\n\n\n\n<p>Ser\u00e3o disponibilizadas 8 (oito) vagas, das quais 2 (duas) ser\u00e3o destinadas a Pessoas Com Defici\u00eancia (PCD).\u00a0Poder\u00e3o submeter-se ao exame de sele\u00e7\u00e3o os portadores de diplomas de n\u00edvel superior em Ci\u00eancias Biol\u00f3gicas, Ci\u00eancias da Sa\u00fade ou \u00e1reas afins.<\/p>\n\n\n\n<p><br>O Edital completo, com todas as informa\u00e7\u00f5es necess\u00e1rias est\u00e1 dispon\u00edvel em:\u00a0<a href=\"https:\/\/selecao1.uea.edu.br\/?dest=info&amp;selecao=11845\" target=\"_blank\" rel=\"noreferrer noopener\">https:\/\/selecao1.uea.edu.br\/?dest=info&amp;selecao=11845<\/a><\/p>\n\n\n\n<div class=\"wp-block-stackable-subtitle stk-block-subtitle stk-block stk-72a32fb\" id=\"strong-o-curso-strong\" data-block-id=\"72a32fb\"><style>.stk-72a32fb .stk-block-subtitle__text{font-size:30px !important;}@media screen and (max-width:999px){.stk-72a32fb .stk-block-subtitle__text{font-size:30px !important;}}<\/style><p class=\"stk-block-subtitle__text stk-subtitle\"><strong>O curso<\/strong><\/p><\/div>\n\n\n\n<p>O curso de mestrado em Ci\u00eancias Aplicadas \u00e0 Dermatologia da UEA\/Fuham tem aprova\u00e7\u00e3o da CAPES (Coordena\u00e7\u00e3o de Aperfei\u00e7oamento de Pessoal de N\u00edvel Superior) do Minist\u00e9rio da Educa\u00e7\u00e3o. Com dura\u00e7\u00e3o de 2 anos, o PPG-CAD mant\u00e9m duas linhas de pesquisa: cl\u00ednica, epidemiologia e a\u00e7\u00f5es de controle das doen\u00e7as dermatol\u00f3gicas; e diagn\u00f3stico, servi\u00e7os e tecnologias aplicadas as doen\u00e7as dermatol\u00f3gicas.<\/p>\n\n\n\n<p>Atualmente o programa \u00e9 coordenado pela m\u00e9dica dermatologista Dra Carolina Chruciak Talhari e, na Fuham, faz parte da diretoria de Ensino e Pesquisa da FUHAM.<\/p>\n\n\n\n<div class=\"wp-block-stackable-spacer stk-block-spacer stk--no-padding stk-block stk-e4968c8\" data-block-id=\"e4968c8\"><\/div>\n\n\n\n<div class=\"wp-block-stackable-text stk-block-text stk-block stk-183b1a8\" data-block-id=\"183b1a8\"><p class=\"stk-block-text__text\">Confira a not\u00edcia pelo site da Funda\u00e7\u00e3o Alfredo da Matta <a href=\"https:\/\/www.fuham.am.gov.br\/uea-e-fuham-abrem-inscricoes-para-mestrado-em-ciencias-aplicadas-a-dermatologia\/\" target=\"_blank\" rel=\"noopener\" title=\"aqui.\">aqui.<\/a><\/p><\/div>\n","protected":false},"excerpt":{"rendered":"<p>Como se inscrever<\/p>\n","protected":false},"author":2,"featured_media":3276,"comment_status":"closed","ping_status":"open","sticky":true,"template":"","format":"standard","meta":{"footnotes":""},"categories":[52,31],"tags":[],"class_list":["post-3267","post","type-post","status-publish","format-standard","has-post-thumbnail","hentry","category-institucional","category-oportunidades"],"blocksy_meta":{"styles_descriptor":{"styles":{"desktop":"","tablet":"","mobile":""},"google_fonts":[],"version":6}},"aioseo_notices":[],"_links":{"self":[{"href":"http:\/\/posgraduacao.uea.edu.br\/dermatologia\/index.php?rest_route=\/wp\/v2\/posts\/3267","targetHints":{"allow":["GET"]}}],"collection":[{"href":"http:\/\/posgraduacao.uea.edu.br\/dermatologia\/index.php?rest_route=\/wp\/v2\/posts"}],"about":[{"href":"http:\/\/posgraduacao.uea.edu.br\/dermatologia\/index.php?rest_route=\/wp\/v2\/types\/post"}],"author":[{"embeddable":true,"href":"http:\/\/posgraduacao.uea.edu.br\/dermatologia\/index.php?rest_route=\/wp\/v2\/users\/2"}],"replies":[{"embeddable":true,"href":"http:\/\/posgraduacao.uea.edu.br\/dermatologia\/index.php?rest_route=%2Fwp%2Fv2%2Fcomments&post=3267"}],"version-history":[{"count":2,"href":"http:\/\/posgraduacao.uea.edu.br\/dermatologia\/index.php?rest_route=\/wp\/v2\/posts\/3267\/revisions"}],"predecessor-version":[{"id":3270,"href":"http:\/\/posgraduacao.uea.edu.br\/dermatologia\/index.php?rest_route=\/wp\/v2\/posts\/3267\/revisions\/3270"}],"wp:featuredmedia":[{"embeddable":true,"href":"http:\/\/posgraduacao.uea.edu.br\/dermatologia\/index.php?rest_route=\/wp\/v2\/media\/3276"}],"wp:attachment":[{"href":"http:\/\/posgraduacao.uea.edu.br\/dermatologia\/index.php?rest_route=%2Fwp%2Fv2%2Fmedia&parent=3267"}],"wp:term":[{"taxonomy":"category","embeddable":true,"href":"http:\/\/posgraduacao.uea.edu.br\/dermatologia\/index.php?rest_route=%2Fwp%2Fv2%2Fcategories&post=3267"},{"taxonomy":"post_tag","embeddable":true,"href":"http:\/\/posgraduacao.uea.edu.br\/dermatologia\/index.php?rest_route=%2Fwp%2Fv2%2Ftags&post=3267"}],"curies":[{"name":"wp","href":"https:\/\/api.w.org\/{rel}","templated":true}]}}