{"id":3289,"date":"2025-05-20T14:35:04","date_gmt":"2025-05-20T18:35:04","guid":{"rendered":"http:\/\/posgraduacao.uea.edu.br\/dermatologia\/?p=3289"},"modified":"2026-02-12T11:31:35","modified_gmt":"2026-02-12T15:31:35","slug":"ppgcad-com-tema-voltado-para-ulceras-genitais-mestranda-tem-projeto-qualificado","status":"publish","type":"post","link":"http:\/\/posgraduacao.uea.edu.br\/dermatologia\/?p=3289","title":{"rendered":"PPGCAD: Com tema voltado para \u00falceras genitais, mestranda tem projeto qualificado"},"content":{"rendered":"\n<div class=\"wp-block-stackable-image stk-block-image stk-block stk-f60dc06\" data-block-id=\"f60dc06\"><style>.stk-f60dc06 .stk-img-wrapper{width:100% !important;height:421px !important;}<\/style><figure><span class=\"stk-img-wrapper stk-image--shape-stretch\"><img loading=\"lazy\" decoding=\"async\" class=\"stk-img wp-image-3291\" src=\"http:\/\/posgraduacao.uea.edu.br\/dermatologia\/wp-content\/uploads\/2025\/05\/WhatsApp-Image-2025-05-16-at-09.42.02-1-1.jpeg\" width=\"1381\" height=\"893\" srcset=\"http:\/\/posgraduacao.uea.edu.br\/dermatologia\/wp-content\/uploads\/2025\/05\/WhatsApp-Image-2025-05-16-at-09.42.02-1-1.jpeg 1381w, http:\/\/posgraduacao.uea.edu.br\/dermatologia\/wp-content\/uploads\/2025\/05\/WhatsApp-Image-2025-05-16-at-09.42.02-1-1-300x194.jpeg 300w, http:\/\/posgraduacao.uea.edu.br\/dermatologia\/wp-content\/uploads\/2025\/05\/WhatsApp-Image-2025-05-16-at-09.42.02-1-1-1024x662.jpeg 1024w, http:\/\/posgraduacao.uea.edu.br\/dermatologia\/wp-content\/uploads\/2025\/05\/WhatsApp-Image-2025-05-16-at-09.42.02-1-1-768x497.jpeg 768w\" sizes=\"auto, (max-width: 1381px) 100vw, 1381px\" \/><\/span><\/figure><\/div>\n\n\n\n<p class=\"has-text-align-left\">O Programa de P\u00f3s-Gradua\u00e7\u00e3o em Ci\u00eancias Aplicadas \u00e0 Dermatologia da Universidade do Estado do Amazonas (UEA) e Funda\u00e7\u00e3o Hospitalar Alfredo da Matta (Fuham) realizou na manh\u00e3 desta sexta-feira (16\/05) o exame de qualifica\u00e7\u00e3o da mestranda Silvana Paiva da Costa, da turma de 2023.<\/p>\n\n\n\n<p class=\"has-text-align-left\">Com o tema \u201cPreval\u00eancia da \u00falcera genital em pacientes atendidos em Centro de Refer\u00eancia para Infec\u00e7\u00f5es Sexualmente Transmiss\u00edveis no Amazonas\u201d, a mestranda apresentou aula para a banca avaliadora composta pela orientadora, professora Dra Maria das Gra\u00e7as Barbosa (Fuham), professora Dra. Ang\u00e9lica Espinosa Miranda (Minist\u00e9rio da Sa\u00fade) e professora Dra Valderiza Pedrosa (Fuham). A m\u00e9dica da Fuham, Dra Carolina Talhari Cortez \u00e9 coorientadora do projeto.<\/p>\n\n\n\n<p>Ap\u00f3s ser aprovada na qualifica\u00e7\u00e3o, a mestranda Silvana Costa destacou que dentre os pr\u00f3ximos passos, est\u00e1 a continuidade de coleta de amostras para finaliza\u00e7\u00e3o do projeto, al\u00e9m de todos os ajustes recomendados pela banca.<\/p>\n\n\n\n<p class=\"has-text-align-left\">O exame de qualifica\u00e7\u00e3o de mestrado tem o objetivo de avaliar e, como o pr\u00f3prio nome sugere, qualificar um projeto de pesquisa que ainda esteja em andamento, assim como atestar a capacidade do mestrando em sua consecu\u00e7\u00e3o. A banca avalia o trabalho realizado at\u00e9 ent\u00e3o e faz as sugest\u00f5es necess\u00e1rias para sua continuidade e finaliza\u00e7\u00e3o.<\/p>\n\n\n\n<p class=\"has-text-align-left\">A qualifica\u00e7\u00e3o aconteceu na sala da Diretoria de Ensino e Pesquisa da FUHAM.<\/p>\n\n\n\n<p>Confira a not\u00edcia diretamente do site da Funda\u00e7\u00e3o, <a href=\"https:\/\/www.fuham.am.gov.br\/ppg-cad-com-tema-voltado-para-ulceras-genitais-mestrado-tem-projeto-qualificado\/\" target=\"_blank\" rel=\"noopener\" title=\"aqui.\">aqui.<\/a><\/p>\n","protected":false},"excerpt":{"rendered":"<p>O Programa de P\u00f3s-Gradua\u00e7\u00e3o em Ci\u00eancias Aplicadas \u00e0 Dermatologia da Universidade do Estado do Amazonas (UEA) e Funda\u00e7\u00e3o Hospitalar Alfredo da Matta (Fuham) realizou na manh\u00e3 desta sexta-feira (16\/05) o exame de qualifica\u00e7\u00e3o da mestranda Silvana Paiva da Costa, da turma de 2023.<\/p>\n","protected":false},"author":2,"featured_media":3391,"comment_status":"closed","ping_status":"open","sticky":false,"template":"","format":"standard","meta":{"footnotes":""},"categories":[50,52,1],"tags":[],"class_list":["post-3289","post","type-post","status-publish","format-standard","has-post-thumbnail","hentry","category-aula-de-qualificacao","category-institucional","category-pesquisa"],"blocksy_meta":[],"aioseo_notices":[],"_links":{"self":[{"href":"http:\/\/posgraduacao.uea.edu.br\/dermatologia\/index.php?rest_route=\/wp\/v2\/posts\/3289","targetHints":{"allow":["GET"]}}],"collection":[{"href":"http:\/\/posgraduacao.uea.edu.br\/dermatologia\/index.php?rest_route=\/wp\/v2\/posts"}],"about":[{"href":"http:\/\/posgraduacao.uea.edu.br\/dermatologia\/index.php?rest_route=\/wp\/v2\/types\/post"}],"author":[{"embeddable":true,"href":"http:\/\/posgraduacao.uea.edu.br\/dermatologia\/index.php?rest_route=\/wp\/v2\/users\/2"}],"replies":[{"embeddable":true,"href":"http:\/\/posgraduacao.uea.edu.br\/dermatologia\/index.php?rest_route=%2Fwp%2Fv2%2Fcomments&post=3289"}],"version-history":[{"count":1,"href":"http:\/\/posgraduacao.uea.edu.br\/dermatologia\/index.php?rest_route=\/wp\/v2\/posts\/3289\/revisions"}],"predecessor-version":[{"id":3292,"href":"http:\/\/posgraduacao.uea.edu.br\/dermatologia\/index.php?rest_route=\/wp\/v2\/posts\/3289\/revisions\/3292"}],"wp:featuredmedia":[{"embeddable":true,"href":"http:\/\/posgraduacao.uea.edu.br\/dermatologia\/index.php?rest_route=\/wp\/v2\/media\/3391"}],"wp:attachment":[{"href":"http:\/\/posgraduacao.uea.edu.br\/dermatologia\/index.php?rest_route=%2Fwp%2Fv2%2Fmedia&parent=3289"}],"wp:term":[{"taxonomy":"category","embeddable":true,"href":"http:\/\/posgraduacao.uea.edu.br\/dermatologia\/index.php?rest_route=%2Fwp%2Fv2%2Fcategories&post=3289"},{"taxonomy":"post_tag","embeddable":true,"href":"http:\/\/posgraduacao.uea.edu.br\/dermatologia\/index.php?rest_route=%2Fwp%2Fv2%2Ftags&post=3289"}],"curies":[{"name":"wp","href":"https:\/\/api.w.org\/{rel}","templated":true}]}}