{"id":3317,"date":"2025-05-26T08:08:05","date_gmt":"2025-05-26T12:08:05","guid":{"rendered":"http:\/\/posgraduacao.uea.edu.br\/dermatologia\/?p=3317"},"modified":"2026-02-12T11:31:35","modified_gmt":"2026-02-12T15:31:35","slug":"programa-de-pos-graduacao-ppgcad-marca-presenca-no-ii-seminario-de-leishmaniose-e-outras-dermatoses-negligenciadas-da-fuham","status":"publish","type":"post","link":"http:\/\/posgraduacao.uea.edu.br\/dermatologia\/?p=3317","title":{"rendered":"Programa de P\u00f3s-Gradua\u00e7\u00e3o PPGCAD marca presen\u00e7a no II Semin\u00e1rio de Leishmaniose e outras dermatoses negligenciadas da FUHAM."},"content":{"rendered":"\n<figure class=\"wp-block-gallery has-nested-images columns-default is-cropped wp-block-gallery-1 is-layout-flex wp-block-gallery-is-layout-flex\">\n<figure class=\"wp-block-image size-large\"><img loading=\"lazy\" decoding=\"async\" width=\"1159\" height=\"870\" data-id=\"3321\" src=\"http:\/\/posgraduacao.uea.edu.br\/dermatologia\/wp-content\/uploads\/2025\/05\/de5af975-1848-4798-90c0-eadea13e6ac1-edited.jpg\" alt=\"\" class=\"wp-image-3321\" srcset=\"http:\/\/posgraduacao.uea.edu.br\/dermatologia\/wp-content\/uploads\/2025\/05\/de5af975-1848-4798-90c0-eadea13e6ac1-edited.jpg 1159w, http:\/\/posgraduacao.uea.edu.br\/dermatologia\/wp-content\/uploads\/2025\/05\/de5af975-1848-4798-90c0-eadea13e6ac1-edited-300x225.jpg 300w, http:\/\/posgraduacao.uea.edu.br\/dermatologia\/wp-content\/uploads\/2025\/05\/de5af975-1848-4798-90c0-eadea13e6ac1-edited-1024x769.jpg 1024w, http:\/\/posgraduacao.uea.edu.br\/dermatologia\/wp-content\/uploads\/2025\/05\/de5af975-1848-4798-90c0-eadea13e6ac1-edited-768x576.jpg 768w\" sizes=\"auto, (max-width: 1159px) 100vw, 1159px\" \/><\/figure>\n<\/figure>\n\n\n\n<p>O Audit\u00f3rio Dami\u00e3o Litaiff, da Funda\u00e7\u00e3o Hospitalar Alfredo da Matta (FUHAM), foi palco, nos dias 22 e 23 de maio de 2025, do II Semin\u00e1rio de Leishmaniose e outras dermatoses negligenciadas. O evento, promovido pela Diretoria de Ensino e Pesquisa da FUHAM (DEPESQ), reuniu profissionais da sa\u00fade, estudantes e pesquisadores visando debater avan\u00e7os, desafios e inova\u00e7\u00f5es no diagn\u00f3stico e tratamento de doen\u00e7as dermatol\u00f3gicas negligenciadas.<\/p>\n\n\n\n<p>Com uma programa\u00e7\u00e3o diversificada, o semin\u00e1rio contou com palestras sobre aspectos cl\u00ednicos, epidemiologia, diagn\u00f3stico laboratorial, aplica\u00e7\u00e3o de intelig\u00eancia artificial na medicina e novas abordagens terap\u00eauticas.<\/p>\n\n\n\n<p>Entre os destaques do evento, estiveram o Prof. Dr. Jorge Augusto de Oliveira Guerra (UEA) e a Profa. Dra. Carolina Chrusciak Talhari Cortez (UEA\/FUHAM), ambos docentes do Programa de P\u00f3s-Gradua\u00e7\u00e3o em Ci\u00eancias Aplicadas \u00e0 Dermatologia. O professor Dr. Jorge Augusto abriu o primeiro dia com apresenta\u00e7\u00f5es sobre aspectos cl\u00ednicos e epidemiologia da leishmaniose, fornecendo uma base fundamental para os debates subsequentes. J\u00e1 a professora e coordenadora do programa, Dra. Carolina Talhari, conduziu uma palestra na sexta-feira (23), abordando a esporotricose zoon\u00f3tica e diagn\u00f3sticos diferenciais, tema de grande relev\u00e2ncia para a sa\u00fade p\u00fablica regional.<\/p>\n\n\n\n<p>Outro destaque foi a participa\u00e7\u00e3o do egresso do programa, Jorge Ewerton dos Santos Sales, que apresentou a palestra \u201cDiagn\u00f3stico laboratorial da leishmaniose \u2013 exame direto e diagn\u00f3sticos diferenciais\u201d. A exposi\u00e7\u00e3o abordou aspectos t\u00e9cnicos e pr\u00e1ticos fundamentais para a identifica\u00e7\u00e3o da doen\u00e7a.<\/p>\n\n\n\n<p>A participa\u00e7\u00e3o de discentes tamb\u00e9m marcou presen\u00e7a no semin\u00e1rio. As alunas Thamires Bastos Pinheiro, Raquel da Mata Serique e Amanda Gabrielle dos Santos Cordeiro apresentaram trabalhos relacionados ao diagn\u00f3stico cl\u00ednico e tecnol\u00f3gico das dermatoses. Thamires falou sobre a aplica\u00e7\u00e3o da intelig\u00eancia artificial no diagn\u00f3stico da leishmaniose, enquanto Raquel e Amanda apresentaram um estudo sobre a relev\u00e2ncia de aplicativos no diagn\u00f3stico de \u00falceras cut\u00e2neas de diferentes etiologias.<\/p>\n\n\n\n<p>O evento encerrou-se com uma sess\u00e3o de perguntas e respostas, destacando a import\u00e2ncia da integra\u00e7\u00e3o entre ensino, pesquisa e assist\u00eancia na luta contra doen\u00e7as negligenciadas, que ainda afetam significativamente a popula\u00e7\u00e3o.<\/p>\n","protected":false},"excerpt":{"rendered":"<p>O Audit\u00f3rio Dami\u00e3o Litaiff, da Funda\u00e7\u00e3o Hospitalar Alfredo da Matta (FUHAM), foi palco, nos dias 22 e 23 de maio de 2025, do II Semin\u00e1rio de Leishmaniose e outras dermatoses negligenciadas. O evento, promovido pela Diretoria de Ensino e Pesquisa da FUHAM (DEPESQ), reuniu profissionais da sa\u00fade, estudantes e pesquisadores visando debater avan\u00e7os, desafios e [&hellip;]<\/p>\n","protected":false},"author":2,"featured_media":3322,"comment_status":"closed","ping_status":"open","sticky":false,"template":"","format":"standard","meta":{"footnotes":""},"categories":[29,28,1,39],"tags":[],"class_list":["post-3317","post","type-post","status-publish","format-standard","has-post-thumbnail","hentry","category-educacao","category-eventos-cientificos","category-pesquisa","category-ppgcad-na-comunidade"],"blocksy_meta":[],"aioseo_notices":[],"_links":{"self":[{"href":"http:\/\/posgraduacao.uea.edu.br\/dermatologia\/index.php?rest_route=\/wp\/v2\/posts\/3317","targetHints":{"allow":["GET"]}}],"collection":[{"href":"http:\/\/posgraduacao.uea.edu.br\/dermatologia\/index.php?rest_route=\/wp\/v2\/posts"}],"about":[{"href":"http:\/\/posgraduacao.uea.edu.br\/dermatologia\/index.php?rest_route=\/wp\/v2\/types\/post"}],"author":[{"embeddable":true,"href":"http:\/\/posgraduacao.uea.edu.br\/dermatologia\/index.php?rest_route=\/wp\/v2\/users\/2"}],"replies":[{"embeddable":true,"href":"http:\/\/posgraduacao.uea.edu.br\/dermatologia\/index.php?rest_route=%2Fwp%2Fv2%2Fcomments&post=3317"}],"version-history":[{"count":1,"href":"http:\/\/posgraduacao.uea.edu.br\/dermatologia\/index.php?rest_route=\/wp\/v2\/posts\/3317\/revisions"}],"predecessor-version":[{"id":3323,"href":"http:\/\/posgraduacao.uea.edu.br\/dermatologia\/index.php?rest_route=\/wp\/v2\/posts\/3317\/revisions\/3323"}],"wp:featuredmedia":[{"embeddable":true,"href":"http:\/\/posgraduacao.uea.edu.br\/dermatologia\/index.php?rest_route=\/wp\/v2\/media\/3322"}],"wp:attachment":[{"href":"http:\/\/posgraduacao.uea.edu.br\/dermatologia\/index.php?rest_route=%2Fwp%2Fv2%2Fmedia&parent=3317"}],"wp:term":[{"taxonomy":"category","embeddable":true,"href":"http:\/\/posgraduacao.uea.edu.br\/dermatologia\/index.php?rest_route=%2Fwp%2Fv2%2Fcategories&post=3317"},{"taxonomy":"post_tag","embeddable":true,"href":"http:\/\/posgraduacao.uea.edu.br\/dermatologia\/index.php?rest_route=%2Fwp%2Fv2%2Ftags&post=3317"}],"curies":[{"name":"wp","href":"https:\/\/api.w.org\/{rel}","templated":true}]}}