{"id":3364,"date":"2025-05-30T11:43:40","date_gmt":"2025-05-30T15:43:40","guid":{"rendered":"http:\/\/posgraduacao.uea.edu.br\/dermatologia\/?p=3364"},"modified":"2026-02-12T11:31:35","modified_gmt":"2026-02-12T15:31:35","slug":"mestranda-em-dermatologia-recebe-premio-em-mostra-cientifica-no-amazonas","status":"publish","type":"post","link":"http:\/\/posgraduacao.uea.edu.br\/dermatologia\/?p=3364","title":{"rendered":"Mestranda em dermatologia recebe pr\u00eamio em Mostra Cient\u00edfica no Amazonas"},"content":{"rendered":"\n<figure class=\"wp-block-gallery has-nested-images columns-default is-cropped wp-block-gallery-1 is-layout-flex wp-block-gallery-is-layout-flex\">\n<figure class=\"wp-block-image size-large\"><img decoding=\"async\" data-id=\"3367\" src=\"http:\/\/posgraduacao.uea.edu.br\/dermatologia\/wp-content\/uploads\/2025\/05\/discente-Karen-e-o-premio-de-melhor-resumo-na-XVI-Mostra-Cientifica-da-Semana-da-Enfermagem-da-UEA-4-1-edited.jpg\" alt=\"\" class=\"wp-image-3367\"\/><\/figure>\n<\/figure>\n\n\n\n<p>A aluna de mestrado Karen Cristina Pantoja Rezende conquistou o primeiro lugar na categoria \u201cPoster Eletr\u00f4nico\u201d, do \u201cPr\u00eamio Dra Maria das Dores de Jesus Machado\u201d, destinado a estudantes de p\u00f3s gradua\u00e7\u00e3o (<em>lato<\/em>&nbsp;e&nbsp;<em>stricto sensu<\/em>), durante a XVI Mostra Cient\u00edfica da Semana de Enfermagem da Universidade do Estado do Amazonas (UEA), realizada de 13 a 16 de maio na Escola Superior de Ci\u00eancias da Sa\u00fade (ESA\/UEA).<\/p>\n\n\n\n<p>Karen \u00e9 aluna do curso de Mestrado Profissional em Ci\u00eancias Aplicadas \u00e0 Dermatologia, turma 2023, do Programa de P\u00f3s Gradua\u00e7\u00e3o realizado pela UEA em parceria com a Fuham. O Pr\u00eamio Dra Maria das Dores de Jesus Machado foi um dos tr\u00eas concedidos aos participantes, sendo ele dividido em duas categorias: Comunica\u00e7\u00e3o Oral e Poster Eletr\u00f4nico. Karen concorreu na categoria Poster Eletr\u00f4nico e submeteu \u00e0 banca avaliadora, um resumo no formato expandido para aprecia\u00e7\u00e3o.<\/p>\n\n\n\n<p>\u201cTive a imensa alegria de receber o primeiro lugar no pr\u00eamio de melhor resumo na XVI Mostra Cient\u00edfica da Semana de Enfermagem da UEA, com o tema do trabalho \u2018Inova\u00e7\u00e3o no cuidado de enfermagem: Avalia\u00e7\u00e3o do uso de curativo inteligente em les\u00e3o plantar de paciente com hansen\u00edase\u2019 e agrade\u00e7o de cora\u00e7\u00e3o \u00e0 UEA por esse espa\u00e7o t\u00e3o importante de valoriza\u00e7\u00e3o da ci\u00eancia e da enfermagem; agrade\u00e7o tamb\u00e9m \u00e0 Fuham que me abriu portas como mestranda e volunt\u00e1ria\u201d, comemora Karen.<\/p>\n\n\n\n<p>A profissional \u00e9 enfermeira de forma\u00e7\u00e3o e cursa o mestrado em Dermatologia desde 2023, tendo atuado como volunt\u00e1ria na Fuham, local onde, segundo a pr\u00f3pria profissional, adquiriu conhecimentos e experi\u00eancias valiosas.<\/p>\n\n\n\n<p>\u201cA Fuham me acolheu como volunt\u00e1ria no setor de curativos e proporcionou forma\u00e7\u00e3o e experi\u00eancias \u00fanicas; foi atrav\u00e9s desses aprendizados que pude construir este trabalho que tanto me orgulha, por isso esse pr\u00eamio \u00e9 de todos que acreditam na ci\u00eancia, pesquisa e no poder transformador do cuidado de enfermagem\u201d, conclui a mestranda.<\/p>\n\n\n\n<p>O trabalho tamb\u00e9m teve como autoras a orientadora, professora Dra Jacqueline Sachett; Mercia Flor\u00eancio de Almeida Lima e Ellen de Morais e Silva.<\/p>\n\n\n\n<figure class=\"wp-block-image alignleft\"><a href=\"https:\/\/www.fuham.am.gov.br\/wp-content\/uploads\/2025\/05\/WhatsApp-Image-2025-05-29-at-13.13.58.jpeg\"><img decoding=\"async\" src=\"https:\/\/www.fuham.am.gov.br\/wp-content\/uploads\/2025\/05\/WhatsApp-Image-2025-05-29-at-13.13.58-225x300.jpeg\" alt=\"WhatsApp Image 2025-05-29 at 13.13.58\" class=\"wp-image-13901\"\/><\/a><\/figure>\n\n\n\n<p><strong>Sobre a Dra. Maria das Dores de Jesus Machado:&nbsp;<\/strong>Possui gradua\u00e7\u00e3o em Enfermagem e Obstetr\u00edcia pela Escola de&nbsp;<em>Enfermagem de Manaus (1975), mestrado em Enfermagem pela Universidade Federal do Rio de Janeiro (1990) e doutorado em Desenvolvimento Sustent\u00e1vel do Tr\u00f3pico \u00damido pela Universidade Federal do Par\u00e1 (2001). \u00c9 professora aposentada pela Universidade Federal do Amazonas desde 2003. Foi docente da Universidade do Estado do Amazonas e membro do Comit\u00ea de \u00c9tica em Pesquisa (CEP\/ESA\/UEA) e do Comit\u00ea Cient\u00edfico do Programa de Fomento \u00e0 Inicia\u00e7\u00e3o Cient\u00edfica PROFIC\/PAIC\/FAPEAM ESA\/UEA. Durante o per\u00edodo em que esteve como docente na UEA, contribuiu grandemente para a melhoria dos programas de inicia\u00e7\u00e3o cient\u00edfica, para a reformula\u00e7\u00e3o do projeto pedag\u00f3gico do curso de enfermagem e para a estrutura\u00e7\u00e3o dos trabalhos de conclus\u00e3o do curso de enfermagem.<\/em><\/p>\n\n\n\n<p>Outros pr\u00eamios concedidos durante o evento cient\u00edfico foram:&nbsp;<strong>Pr\u00eamio Dra. Josephina de Melo,&nbsp;<\/strong>destinado a&nbsp;<strong>profissionais<\/strong>&nbsp;que submeteram resumos no formato da Categoria Comunica\u00e7\u00e3o Oral; e&nbsp;<strong>Pr\u00eamio MSc. Iracema da Silva Nogueira,<\/strong>&nbsp;destinado \u00e0&nbsp;<strong>estudantes de gradua\u00e7\u00e3o e curso t\u00e9cnico<\/strong>&nbsp;que submeteram resumos na Categoria Poster Eletr\u00f4nico.<\/p>\n\n\n\n<p>Confira a not\u00edcia pelo <a href=\"https:\/\/www.fuham.am.gov.br\/mestranda-em-dermatologia-recebe-premio-em-mostra-cientifica-no-amazonas\/\" target=\"_blank\" rel=\"noopener\" title=\"site da FUHAM\">site da FUHAM<\/a>.<\/p>\n","protected":false},"excerpt":{"rendered":"<p>A aluna de mestrado Karen Cristina Pantoja Rezende conquistou o primeiro lugar na categoria \u201cPoster Eletr\u00f4nico\u201d, do \u201cPr\u00eamio Dra Maria das Dores de Jesus Machado\u201d, destinado a estudantes de p\u00f3s gradua\u00e7\u00e3o (lato&nbsp;e&nbsp;stricto sensu), durante a XVI Mostra Cient\u00edfica da Semana de Enfermagem da Universidade do Estado do Amazonas (UEA), realizada de 13 a 16 de [&hellip;]<\/p>\n","protected":false},"author":2,"featured_media":3366,"comment_status":"closed","ping_status":"open","sticky":false,"template":"","format":"standard","meta":{"footnotes":""},"categories":[32,29,28,52,1,39],"tags":[],"class_list":["post-3364","post","type-post","status-publish","format-standard","has-post-thumbnail","hentry","category-depoimentos","category-educacao","category-eventos-cientificos","category-institucional","category-pesquisa","category-ppgcad-na-comunidade"],"blocksy_meta":[],"aioseo_notices":[],"_links":{"self":[{"href":"http:\/\/posgraduacao.uea.edu.br\/dermatologia\/index.php?rest_route=\/wp\/v2\/posts\/3364","targetHints":{"allow":["GET"]}}],"collection":[{"href":"http:\/\/posgraduacao.uea.edu.br\/dermatologia\/index.php?rest_route=\/wp\/v2\/posts"}],"about":[{"href":"http:\/\/posgraduacao.uea.edu.br\/dermatologia\/index.php?rest_route=\/wp\/v2\/types\/post"}],"author":[{"embeddable":true,"href":"http:\/\/posgraduacao.uea.edu.br\/dermatologia\/index.php?rest_route=\/wp\/v2\/users\/2"}],"replies":[{"embeddable":true,"href":"http:\/\/posgraduacao.uea.edu.br\/dermatologia\/index.php?rest_route=%2Fwp%2Fv2%2Fcomments&post=3364"}],"version-history":[{"count":1,"href":"http:\/\/posgraduacao.uea.edu.br\/dermatologia\/index.php?rest_route=\/wp\/v2\/posts\/3364\/revisions"}],"predecessor-version":[{"id":3368,"href":"http:\/\/posgraduacao.uea.edu.br\/dermatologia\/index.php?rest_route=\/wp\/v2\/posts\/3364\/revisions\/3368"}],"wp:featuredmedia":[{"embeddable":true,"href":"http:\/\/posgraduacao.uea.edu.br\/dermatologia\/index.php?rest_route=\/wp\/v2\/media\/3366"}],"wp:attachment":[{"href":"http:\/\/posgraduacao.uea.edu.br\/dermatologia\/index.php?rest_route=%2Fwp%2Fv2%2Fmedia&parent=3364"}],"wp:term":[{"taxonomy":"category","embeddable":true,"href":"http:\/\/posgraduacao.uea.edu.br\/dermatologia\/index.php?rest_route=%2Fwp%2Fv2%2Fcategories&post=3364"},{"taxonomy":"post_tag","embeddable":true,"href":"http:\/\/posgraduacao.uea.edu.br\/dermatologia\/index.php?rest_route=%2Fwp%2Fv2%2Ftags&post=3364"}],"curies":[{"name":"wp","href":"https:\/\/api.w.org\/{rel}","templated":true}]}}