{"id":3377,"date":"2025-06-03T09:58:48","date_gmt":"2025-06-03T13:58:48","guid":{"rendered":"http:\/\/posgraduacao.uea.edu.br\/dermatologia\/?p=3377"},"modified":"2026-02-12T11:31:35","modified_gmt":"2026-02-12T15:31:35","slug":"aula-de-qualificacao-de-mestrado-discente-catherine-bianca-oliveira-do-rego","status":"publish","type":"post","link":"http:\/\/posgraduacao.uea.edu.br\/dermatologia\/?p=3377","title":{"rendered":"Aula de Qualifica\u00e7\u00e3o de Mestrado &#8211; Discente Catherine Bianca Oliveira do Rego"},"content":{"rendered":"\n<div class=\"wp-block-stackable-image stk-block-image stk-block stk-f60dc06\" data-block-id=\"f60dc06\"><style>.stk-f60dc06 {min-height:0px !important;padding-top:0px !important;padding-right:0px !important;padding-bottom:0px !important;padding-left:0px !important;}.stk-f60dc06 .stk-img-wrapper{width:100% !important;}.stk-f60dc06 .stk-img-wrapper img{object-position:51% 49% !important;}<\/style><figure><span class=\"stk-img-wrapper stk-image--shape-stretch\"><img loading=\"lazy\" decoding=\"async\" class=\"stk-img wp-image-3388\" src=\"http:\/\/posgraduacao.uea.edu.br\/dermatologia\/wp-content\/uploads\/2025\/06\/Qualificacao-Catherine.png\" width=\"800\" height=\"600\" srcset=\"http:\/\/posgraduacao.uea.edu.br\/dermatologia\/wp-content\/uploads\/2025\/06\/Qualificacao-Catherine.png 800w, http:\/\/posgraduacao.uea.edu.br\/dermatologia\/wp-content\/uploads\/2025\/06\/Qualificacao-Catherine-300x225.png 300w, http:\/\/posgraduacao.uea.edu.br\/dermatologia\/wp-content\/uploads\/2025\/06\/Qualificacao-Catherine-768x576.png 768w\" sizes=\"auto, (max-width: 800px) 100vw, 800px\" \/><\/span><\/figure><\/div>\n\n\n\n<div class=\"wp-block-stackable-subtitle stk-block-subtitle stk-block stk-0da54fd\" data-block-id=\"0da54fd\"><p class=\"stk-block-subtitle__text stk-subtitle\">A Coordena\u00e7\u00e3o do Programa de P\u00f3s-gradua\u00e7\u00e3o em ci\u00eancias aplicadas \u00e0 dermatologia da Universidade do Estado do Amazonas, em conv\u00eanio com a Funda\u00e7\u00e3o Hospitalar Alfredo da Matta, tem a grata satisfa\u00e7\u00e3o de convid\u00e1-los (as) a prestigiarem a aula de qualifica\u00e7\u00e3o de mestrado conforme informa\u00e7\u00f5es abaixo:<\/p><\/div>\n\n\n\n<div class=\"wp-block-stackable-text stk-block-text stk-block stk-1ac3783\" data-block-id=\"1ac3783\"><p class=\"stk-block-text__text\">T\u00edtulo: <strong>&#8220;Avalia\u00e7\u00e3o de polimorfismos de gene TOLLIP com a suscetibilidade e resist\u00eancia \u00e0 hansen\u00edase, em pacientes com hansen\u00edase e controles, atendidos na Funda\u00e7\u00e3o Hospitalar Alfredo da Matta de dermatologia, Manaus, Amazonas.&#8221;<\/strong><\/p><\/div>\n\n\n\n<div class=\"wp-block-stackable-text stk-block-text stk-block stk-1a48fba\" data-block-id=\"1a48fba\"><p class=\"stk-block-text__text\">Mestranda: <strong>Catherine Bianca Oliveira do Rego.<\/strong><\/p><\/div>\n\n\n\n<p>Orientadora: Profa. Dra. Carolina Chrusciak Talhari Cortez (FUHAM\/AM).<\/p>\n\n\n\n<div class=\"wp-block-stackable-subtitle stk-block-subtitle stk-block stk-41007df\" data-block-id=\"41007df\"><style>.stk-41007df {margin-bottom:6px !important;}<\/style><p class=\"stk-block-subtitle__text stk-subtitle\"><strong>Membros Titulares:<\/strong><\/p><\/div>\n\n\n\n<div class=\"wp-block-stackable-text stk-block-text stk-block stk-566d55b\" data-block-id=\"566d55b\"><p class=\"stk-block-text__text\">Profa. Dra. Carolina Chrusciak Talhari Cortez (FUHAM\/AM).<br>Prof. Dr. Sin\u00e9sio Talhari (FUHAM\/AM).<br>Profa. Dra. Susan Smith Doria (UEA).<\/p><\/div>\n\n\n\n<div class=\"wp-block-stackable-subtitle stk-block-subtitle stk-block stk-bbe39e0\" data-block-id=\"bbe39e0\"><style>.stk-bbe39e0 {margin-bottom:3px !important;}<\/style><p class=\"stk-block-subtitle__text stk-subtitle\"><strong>Membros Suplentes:<\/strong><\/p><\/div>\n\n\n\n<div class=\"wp-block-stackable-text stk-block-text stk-block stk-12243ef\" data-block-id=\"12243ef\"><p class=\"stk-block-text__text\">Prof. Dr. Marcelo Mira (PUC\/PR).<br>Profa. Dra. Valderiza Louren\u00e7o Pedrosa (FUHAM\/AM).<\/p><\/div>\n\n\n\n<div class=\"wp-block-stackable-subtitle stk-block-subtitle stk-block stk-bbf9903\" data-block-id=\"bbf9903\"><p class=\"stk-block-subtitle__text stk-subtitle\"><strong>Data\/Hora:<\/strong> sexta-feira, 06 de Junho de 2025, \u00e0s 08:30 horas.<\/p><\/div>\n\n\n\n<div class=\"wp-block-stackable-subtitle stk-block-subtitle stk-block stk-cd4fded\" data-block-id=\"cd4fded\"><p class=\"stk-block-subtitle__text stk-subtitle\"><strong>Local:<\/strong> Mini-audit\u00f3rio &#8211; FUHAM.<br><\/p><\/div>\n","protected":false},"excerpt":{"rendered":"<p>A Coordena\u00e7\u00e3o do Programa de P\u00f3s-gradua\u00e7\u00e3o em ci\u00eancias aplicadas \u00e0 dermatologia da Universidade do Estado do Amazonas, em conv\u00eanio com a Funda\u00e7\u00e3o Hospitalar Alfredo da Matta, tem a grata satisfa\u00e7\u00e3o de convid\u00e1-los (as) a prestigiarem a aula de qualifica\u00e7\u00e3o de mestrado conforme informa\u00e7\u00f5es abaixo: T\u00edtulo: &#8220;Avalia\u00e7\u00e3o de polimorfismos de gene TOLLIP com a suscetibilidade e [&hellip;]<\/p>\n","protected":false},"author":2,"featured_media":3388,"comment_status":"closed","ping_status":"open","sticky":false,"template":"","format":"standard","meta":{"footnotes":""},"categories":[50,52,1],"tags":[],"class_list":["post-3377","post","type-post","status-publish","format-standard","has-post-thumbnail","hentry","category-aula-de-qualificacao","category-institucional","category-pesquisa"],"blocksy_meta":[],"aioseo_notices":[],"_links":{"self":[{"href":"http:\/\/posgraduacao.uea.edu.br\/dermatologia\/index.php?rest_route=\/wp\/v2\/posts\/3377","targetHints":{"allow":["GET"]}}],"collection":[{"href":"http:\/\/posgraduacao.uea.edu.br\/dermatologia\/index.php?rest_route=\/wp\/v2\/posts"}],"about":[{"href":"http:\/\/posgraduacao.uea.edu.br\/dermatologia\/index.php?rest_route=\/wp\/v2\/types\/post"}],"author":[{"embeddable":true,"href":"http:\/\/posgraduacao.uea.edu.br\/dermatologia\/index.php?rest_route=\/wp\/v2\/users\/2"}],"replies":[{"embeddable":true,"href":"http:\/\/posgraduacao.uea.edu.br\/dermatologia\/index.php?rest_route=%2Fwp%2Fv2%2Fcomments&post=3377"}],"version-history":[{"count":8,"href":"http:\/\/posgraduacao.uea.edu.br\/dermatologia\/index.php?rest_route=\/wp\/v2\/posts\/3377\/revisions"}],"predecessor-version":[{"id":3440,"href":"http:\/\/posgraduacao.uea.edu.br\/dermatologia\/index.php?rest_route=\/wp\/v2\/posts\/3377\/revisions\/3440"}],"wp:featuredmedia":[{"embeddable":true,"href":"http:\/\/posgraduacao.uea.edu.br\/dermatologia\/index.php?rest_route=\/wp\/v2\/media\/3388"}],"wp:attachment":[{"href":"http:\/\/posgraduacao.uea.edu.br\/dermatologia\/index.php?rest_route=%2Fwp%2Fv2%2Fmedia&parent=3377"}],"wp:term":[{"taxonomy":"category","embeddable":true,"href":"http:\/\/posgraduacao.uea.edu.br\/dermatologia\/index.php?rest_route=%2Fwp%2Fv2%2Fcategories&post=3377"},{"taxonomy":"post_tag","embeddable":true,"href":"http:\/\/posgraduacao.uea.edu.br\/dermatologia\/index.php?rest_route=%2Fwp%2Fv2%2Ftags&post=3377"}],"curies":[{"name":"wp","href":"https:\/\/api.w.org\/{rel}","templated":true}]}}