{"id":3419,"date":"2025-06-05T13:58:44","date_gmt":"2025-06-05T17:58:44","guid":{"rendered":"http:\/\/posgraduacao.uea.edu.br\/dermatologia\/?p=3419"},"modified":"2026-02-12T11:31:35","modified_gmt":"2026-02-12T15:31:35","slug":"aula-de-qualificacao-de-mestrado-discente-antonio-cloves-carvalho-de-moura","status":"publish","type":"post","link":"http:\/\/posgraduacao.uea.edu.br\/dermatologia\/?p=3419","title":{"rendered":"Aula de Qualifica\u00e7\u00e3o de Mestrado &#8211; Discente Ant\u00f4nio Cloves Carvalho de Moura"},"content":{"rendered":"\n<div class=\"wp-block-stackable-image stk-block-image stk-block stk-f60dc06\" data-block-id=\"f60dc06\"><style>.stk-f60dc06 {margin-bottom:30px !important;}.stk-f60dc06 .stk-img-wrapper{width:100% !important;}<\/style><figure><span class=\"stk-img-wrapper stk-image--shape-stretch\"><img loading=\"lazy\" decoding=\"async\" class=\"stk-img wp-image-3424\" src=\"http:\/\/posgraduacao.uea.edu.br\/dermatologia\/wp-content\/uploads\/2025\/06\/Qualificacao-Antonio-Clovis-1.png\" width=\"800\" height=\"600\" srcset=\"http:\/\/posgraduacao.uea.edu.br\/dermatologia\/wp-content\/uploads\/2025\/06\/Qualificacao-Antonio-Clovis-1.png 800w, http:\/\/posgraduacao.uea.edu.br\/dermatologia\/wp-content\/uploads\/2025\/06\/Qualificacao-Antonio-Clovis-1-300x225.png 300w, http:\/\/posgraduacao.uea.edu.br\/dermatologia\/wp-content\/uploads\/2025\/06\/Qualificacao-Antonio-Clovis-1-768x576.png 768w\" sizes=\"auto, (max-width: 800px) 100vw, 800px\" \/><\/span><\/figure><\/div>\n\n\n\n<div class=\"wp-block-stackable-subtitle stk-block-subtitle stk-block stk-0da54fd\" data-block-id=\"0da54fd\"><p class=\"stk-block-subtitle__text stk-subtitle\">A Coordena\u00e7\u00e3o do Programa de P\u00f3s-gradua\u00e7\u00e3o em ci\u00eancias aplicadas \u00e0 dermatologia da Universidade do Estado do Amazonas, em conv\u00eanio com a Funda\u00e7\u00e3o Hospitalar Alfredo da Matta, tem a grata satisfa\u00e7\u00e3o de convid\u00e1-los (as) a prestigiarem a aula de qualifica\u00e7\u00e3o de mestrado conforme informa\u00e7\u00f5es abaixo:<\/p><\/div>\n\n\n\n<div class=\"wp-block-stackable-text stk-block-text stk-block stk-1ac3783\" data-block-id=\"1ac3783\"><p class=\"stk-block-text__text\">T\u00edtulo: <strong>\u201cCrit\u00e9rios usados na mudan\u00e7a de esquema terap\u00eautico no tratamento de hansen\u00edase em centro de refer\u00eancia em Manaus &#8211; Amazonas\u201d.<\/strong><\/p><\/div>\n\n\n\n<div class=\"wp-block-stackable-text stk-block-text stk-block stk-1a48fba\" data-block-id=\"1a48fba\"><p class=\"stk-block-text__text\">Mestrando: <strong>Ant\u00f4nio Cloves Carvalho de Moura.<\/strong><\/p><\/div>\n\n\n\n<p>Orientadora: <strong>Profa. Dra. Rossilene Concei\u00e7\u00e3o da Silva Cruz.<\/strong><\/p>\n\n\n\n<div class=\"wp-block-stackable-subtitle stk-block-subtitle stk-block stk-41007df\" data-block-id=\"41007df\"><style>.stk-41007df {margin-bottom:6px !important;}<\/style><p class=\"stk-block-subtitle__text stk-subtitle\"><strong>Membros Titulares:<\/strong><\/p><\/div>\n\n\n\n<div class=\"wp-block-stackable-text stk-block-text stk-block stk-566d55b\" data-block-id=\"566d55b\"><p class=\"stk-block-text__text\">Profa. Dra. Rossilene Concei\u00e7\u00e3o da Silva Cruz (FUHAM);<br>Prof. Dr. Sin\u00e9sio Talhari (FUHAM\/AM);<br>Prof. Dr. Luiz Carlos de Lima Ferreira (FMT).<\/p><\/div>\n\n\n\n<div class=\"wp-block-stackable-subtitle stk-block-subtitle stk-block stk-bbe39e0\" data-block-id=\"bbe39e0\"><style>.stk-bbe39e0 {margin-bottom:3px !important;}<\/style><p class=\"stk-block-subtitle__text stk-subtitle\"><strong>Membros Suplentes:<\/strong><\/p><\/div>\n\n\n\n<div class=\"wp-block-stackable-text stk-block-text stk-block stk-12243ef\" data-block-id=\"12243ef\"><p class=\"stk-block-text__text\">Prof. Dr. Andr\u00e9 Luiz Leturiondo (FUHAM);<br>Profa. Dra. Susan Smith Doria (UEA).<\/p><\/div>\n\n\n\n<div class=\"wp-block-stackable-subtitle stk-block-subtitle stk-block stk-bbf9903\" data-block-id=\"bbf9903\"><p class=\"stk-block-subtitle__text stk-subtitle\"><strong>Data\/Hora:<\/strong> ter\u00e7a-feira,17 de junho de 2025, \u00e0s 09:00 horas.<\/p><\/div>\n\n\n\n<div class=\"wp-block-stackable-subtitle stk-block-subtitle stk-block stk-cd4fded\" data-block-id=\"cd4fded\"><p class=\"stk-block-subtitle__text stk-subtitle\"><strong>Local:<\/strong> Mini-audit\u00f3rio &#8211; FUHAM.<br><\/p><\/div>\n","protected":false},"excerpt":{"rendered":"<p>A Coordena\u00e7\u00e3o do Programa de P\u00f3s-gradua\u00e7\u00e3o em ci\u00eancias aplicadas \u00e0 dermatologia da Universidade do Estado do Amazonas, em conv\u00eanio com a Funda\u00e7\u00e3o Hospitalar Alfredo da Matta, tem a grata satisfa\u00e7\u00e3o de convid\u00e1-los (as) a prestigiarem a aula de qualifica\u00e7\u00e3o de mestrado conforme informa\u00e7\u00f5es abaixo: T\u00edtulo: \u201cCrit\u00e9rios usados na mudan\u00e7a de esquema terap\u00eautico no tratamento de [&hellip;]<\/p>\n","protected":false},"author":2,"featured_media":3424,"comment_status":"closed","ping_status":"open","sticky":false,"template":"","format":"standard","meta":{"footnotes":""},"categories":[50,52,1],"tags":[],"class_list":["post-3419","post","type-post","status-publish","format-standard","has-post-thumbnail","hentry","category-aula-de-qualificacao","category-institucional","category-pesquisa"],"blocksy_meta":[],"aioseo_notices":[],"_links":{"self":[{"href":"http:\/\/posgraduacao.uea.edu.br\/dermatologia\/index.php?rest_route=\/wp\/v2\/posts\/3419","targetHints":{"allow":["GET"]}}],"collection":[{"href":"http:\/\/posgraduacao.uea.edu.br\/dermatologia\/index.php?rest_route=\/wp\/v2\/posts"}],"about":[{"href":"http:\/\/posgraduacao.uea.edu.br\/dermatologia\/index.php?rest_route=\/wp\/v2\/types\/post"}],"author":[{"embeddable":true,"href":"http:\/\/posgraduacao.uea.edu.br\/dermatologia\/index.php?rest_route=\/wp\/v2\/users\/2"}],"replies":[{"embeddable":true,"href":"http:\/\/posgraduacao.uea.edu.br\/dermatologia\/index.php?rest_route=%2Fwp%2Fv2%2Fcomments&post=3419"}],"version-history":[{"count":4,"href":"http:\/\/posgraduacao.uea.edu.br\/dermatologia\/index.php?rest_route=\/wp\/v2\/posts\/3419\/revisions"}],"predecessor-version":[{"id":3441,"href":"http:\/\/posgraduacao.uea.edu.br\/dermatologia\/index.php?rest_route=\/wp\/v2\/posts\/3419\/revisions\/3441"}],"wp:featuredmedia":[{"embeddable":true,"href":"http:\/\/posgraduacao.uea.edu.br\/dermatologia\/index.php?rest_route=\/wp\/v2\/media\/3424"}],"wp:attachment":[{"href":"http:\/\/posgraduacao.uea.edu.br\/dermatologia\/index.php?rest_route=%2Fwp%2Fv2%2Fmedia&parent=3419"}],"wp:term":[{"taxonomy":"category","embeddable":true,"href":"http:\/\/posgraduacao.uea.edu.br\/dermatologia\/index.php?rest_route=%2Fwp%2Fv2%2Fcategories&post=3419"},{"taxonomy":"post_tag","embeddable":true,"href":"http:\/\/posgraduacao.uea.edu.br\/dermatologia\/index.php?rest_route=%2Fwp%2Fv2%2Ftags&post=3419"}],"curies":[{"name":"wp","href":"https:\/\/api.w.org\/{rel}","templated":true}]}}