{"id":3500,"date":"2025-06-17T15:26:54","date_gmt":"2025-06-17T19:26:54","guid":{"rendered":"http:\/\/posgraduacao.uea.edu.br\/dermatologia\/?p=3500"},"modified":"2026-02-12T11:31:34","modified_gmt":"2026-02-12T15:31:34","slug":"ppgcad-coordenacao-do-mestrado-em-dermatologia-da-fuham-e-homenageada-em-evento-na-uea","status":"publish","type":"post","link":"http:\/\/posgraduacao.uea.edu.br\/dermatologia\/?p=3500","title":{"rendered":"PPGCAD: Coordena\u00e7\u00e3o do Mestrado em Dermatologia da FUHAM \u00e9 homenageada em evento na UEA"},"content":{"rendered":"\n<div class=\"wp-block-stackable-image stk-block-image stk-block stk-b010582\" data-block-id=\"b010582\"><style>.stk-b010582 .stk-img-wrapper{width:734px !important;height:425px !important;}<\/style><figure><span class=\"stk-img-wrapper stk-image--shape-stretch\"><img loading=\"lazy\" decoding=\"async\" class=\"stk-img wp-image-3502\" src=\"http:\/\/posgraduacao.uea.edu.br\/dermatologia\/wp-content\/uploads\/2025\/06\/1-DSC_8036-1536x1024-UEA-638x425-1-1.jpg\" width=\"638\" height=\"425\" srcset=\"http:\/\/posgraduacao.uea.edu.br\/dermatologia\/wp-content\/uploads\/2025\/06\/1-DSC_8036-1536x1024-UEA-638x425-1-1.jpg 638w, http:\/\/posgraduacao.uea.edu.br\/dermatologia\/wp-content\/uploads\/2025\/06\/1-DSC_8036-1536x1024-UEA-638x425-1-1-300x200.jpg 300w\" sizes=\"auto, (max-width: 638px) 100vw, 638px\" \/><\/span><\/figure><\/div>\n\n\n\n<div class=\"wp-block-stackable-text stk-block-text stk-block stk-a3150b8\" data-block-id=\"a3150b8\"><p class=\"stk-block-text__text\">A coordena\u00e7\u00e3o do Programa de P\u00f3s-Gradua\u00e7\u00e3o em Ci\u00eancias Aplicadas \u00e0 Dermatologia (PPGCAD), curso mantido pela Universidade do Estado do Amazonas (UEA), em parceria com a Funda\u00e7\u00e3o Hospitalar Alfredo da Matta (FUHAM), foi uma das homenageadas pelo empenho no preenchimento da Plataforma Sucupira e participa\u00e7\u00e3o na avalia\u00e7\u00e3o quadrienal da Coordena\u00e7\u00e3o de Aperfei\u00e7oamento de Pessoal de N\u00edvel Superior (Capes) \u2013 2021-2024. O encontro foi realizado na sexta-feira (13\/06), na sede da Reitoria da UEA, e reuniu representantes dos programas de P\u00f3s-Gradua\u00e7\u00e3o<em>\u00a0Stricto Senso<\/em>\u00a0da Universidade.<\/p><\/div>\n\n\n\n<figure class=\"wp-block-image alignleft is-resized\"><a href=\"https:\/\/www.fuham.am.gov.br\/wp-content\/uploads\/2025\/06\/WhatsApp-Image-2025-06-16-at-13.05.01.jpeg\"><img decoding=\"async\" src=\"https:\/\/www.fuham.am.gov.br\/wp-content\/uploads\/2025\/06\/WhatsApp-Image-2025-06-16-at-13.05.01-169x300.jpeg\" alt=\"WhatsApp Image 2025-06-16 at 13.05.01\" class=\"wp-image-14000\" style=\"width:185px;height:auto\"\/><\/a><\/figure>\n\n\n\n<p>A\u00a0chefe do Departamento de Ensino e Pesquisa da FUHAM, doutora Cinthya Ferreira, representando a coordena\u00e7\u00e3o do PPGCAD, foi quem recebeu a honraria, uma medalha entregue para simbolizar o empenho e compromisso da coordena\u00e7\u00e3o e equipe administrativa do Programa, na cont\u00ednua busca pela excel\u00eancia do curso.<\/p>\n\n\n\n<p>A Plataforma Sucupira \u00e9 um sistema de informa\u00e7\u00e3o mantido pela Capes e re\u00fane dados sobre os Programas de P\u00f3s-Gradua\u00e7\u00e3o&nbsp;<em>Stricto Sensu<\/em>&nbsp;de todo Brasil. Trata-se de uma ferramenta importante para avaliar a qualidade dos programas e dar subs\u00eddios para tomada de decis\u00f5es e fomento de pol\u00edticas p\u00fablicas para o ensino de p\u00f3s-gradua\u00e7\u00e3o.<\/p>\n\n\n\n<p><strong>O curso na FUHAM<\/strong><\/p>\n\n\n\n<p>O curso de mestrado em Ci\u00eancias Aplicadas \u00e0 Dermatologia da UEA\/FUHAM tem aprova\u00e7\u00e3o da CAPES (Coordena\u00e7\u00e3o de Aperfei\u00e7oamento de Pessoal de N\u00edvel Superior) do Minist\u00e9rio da Educa\u00e7\u00e3o. Com dura\u00e7\u00e3o de 2 anos, o PPGCAD mant\u00e9m duas linhas de pesquisa: cl\u00ednica, epidemiologia e a\u00e7\u00f5es de controle das doen\u00e7as dermatol\u00f3gicas; e diagn\u00f3stico, servi\u00e7os e tecnologias aplicadas as doen\u00e7as dermatol\u00f3gicas.<\/p>\n\n\n\n<p>Atualmente, o programa \u00e9 coordenado pela m\u00e9dica dermatologista Dra. Carolina Chruciak Talhari e, na FUHAM, faz parte da Diretoria de Ensino e Pesquisa da institui\u00e7\u00e3o.<\/p>\n\n\n\n<p><strong>Confira a <a href=\"https:\/\/www.fuham.am.gov.br\/ppg-cad-coordenacao-do-mestrado-em-dermatologia-da-fuham-e-homenageada-em-evento-na-uea\/\" target=\"_blank\" rel=\"noopener\" title=\"mat\u00e9ria\">mat\u00e9ria<\/a> pelo site da FUHAM.<\/strong><\/p>\n\n\n\n<p><strong>Confira a <a href=\"https:\/\/www.uea.edu.br\/index.php\/2025\/06\/13\/uea-homenageia-coordenacoes-dos-programas-de-pos-graduacao-pelo-empenho-na-plataforma-sucupira\/\" target=\"_blank\" rel=\"noopener\" title=\"not\u00edcia\">mat\u00e9ria<\/a> de homenagem da UEA<\/strong>.<br><br><strong>Foto em destaque: Divulga\u00e7\u00e3o UEA<\/strong>.<\/p>\n","protected":false},"excerpt":{"rendered":"<p>A coordena\u00e7\u00e3o do Programa de P\u00f3s-Gradua\u00e7\u00e3o em Ci\u00eancias Aplicadas \u00e0 Dermatologia (PPGCAD), curso mantido pela Universidade do Estado do Amazonas (UEA), em parceria com a Funda\u00e7\u00e3o Hospitalar Alfredo da Matta (FUHAM), foi uma das homenageadas pelo empenho no preenchimento da Plataforma Sucupira e participa\u00e7\u00e3o na avalia\u00e7\u00e3o quadrienal da Coordena\u00e7\u00e3o de Aperfei\u00e7oamento de Pessoal de N\u00edvel [&hellip;]<\/p>\n","protected":false},"author":2,"featured_media":3501,"comment_status":"closed","ping_status":"open","sticky":false,"template":"","format":"standard","meta":{"footnotes":""},"categories":[52],"tags":[],"class_list":["post-3500","post","type-post","status-publish","format-standard","has-post-thumbnail","hentry","category-institucional"],"blocksy_meta":[],"aioseo_notices":[],"_links":{"self":[{"href":"http:\/\/posgraduacao.uea.edu.br\/dermatologia\/index.php?rest_route=\/wp\/v2\/posts\/3500","targetHints":{"allow":["GET"]}}],"collection":[{"href":"http:\/\/posgraduacao.uea.edu.br\/dermatologia\/index.php?rest_route=\/wp\/v2\/posts"}],"about":[{"href":"http:\/\/posgraduacao.uea.edu.br\/dermatologia\/index.php?rest_route=\/wp\/v2\/types\/post"}],"author":[{"embeddable":true,"href":"http:\/\/posgraduacao.uea.edu.br\/dermatologia\/index.php?rest_route=\/wp\/v2\/users\/2"}],"replies":[{"embeddable":true,"href":"http:\/\/posgraduacao.uea.edu.br\/dermatologia\/index.php?rest_route=%2Fwp%2Fv2%2Fcomments&post=3500"}],"version-history":[{"count":1,"href":"http:\/\/posgraduacao.uea.edu.br\/dermatologia\/index.php?rest_route=\/wp\/v2\/posts\/3500\/revisions"}],"predecessor-version":[{"id":3503,"href":"http:\/\/posgraduacao.uea.edu.br\/dermatologia\/index.php?rest_route=\/wp\/v2\/posts\/3500\/revisions\/3503"}],"wp:featuredmedia":[{"embeddable":true,"href":"http:\/\/posgraduacao.uea.edu.br\/dermatologia\/index.php?rest_route=\/wp\/v2\/media\/3501"}],"wp:attachment":[{"href":"http:\/\/posgraduacao.uea.edu.br\/dermatologia\/index.php?rest_route=%2Fwp%2Fv2%2Fmedia&parent=3500"}],"wp:term":[{"taxonomy":"category","embeddable":true,"href":"http:\/\/posgraduacao.uea.edu.br\/dermatologia\/index.php?rest_route=%2Fwp%2Fv2%2Fcategories&post=3500"},{"taxonomy":"post_tag","embeddable":true,"href":"http:\/\/posgraduacao.uea.edu.br\/dermatologia\/index.php?rest_route=%2Fwp%2Fv2%2Ftags&post=3500"}],"curies":[{"name":"wp","href":"https:\/\/api.w.org\/{rel}","templated":true}]}}