{"id":3504,"date":"2025-06-17T15:37:14","date_gmt":"2025-06-17T19:37:14","guid":{"rendered":"http:\/\/posgraduacao.uea.edu.br\/dermatologia\/?p=3504"},"modified":"2026-02-12T11:31:34","modified_gmt":"2026-02-12T15:31:34","slug":"ppgcad-mestrando-tem-projeto-sobre-esquema-terapeutico-da-hanseniase-aprovado-em-exame-de-qualificacao","status":"publish","type":"post","link":"http:\/\/posgraduacao.uea.edu.br\/dermatologia\/?p=3504","title":{"rendered":"PPGCAD: Mestrando tem projeto sobre esquema terap\u00eautico da hansen\u00edase aprovado em exame de qualifica\u00e7\u00e3o"},"content":{"rendered":"\n<div class=\"wp-block-stackable-image stk-block-image stk-block stk-6cad320\" data-block-id=\"6cad320\"><figure><span class=\"stk-img-wrapper stk-image--shape-stretch\"><img loading=\"lazy\" decoding=\"async\" class=\"stk-img wp-image-3506\" src=\"http:\/\/posgraduacao.uea.edu.br\/dermatologia\/wp-content\/uploads\/2025\/06\/Aula-de-qualificacao-Cloves-e1750188844254.jpg\" width=\"800\" height=\"600\"\/><\/span><\/figure><\/div>\n\n\n\n<div class=\"wp-block-stackable-text stk-block-text stk-block stk-f07e2b4\" data-block-id=\"f07e2b4\"><p class=\"stk-block-text__text\">O mestrando Ant\u00f4nio Cloves Carvalho de Moura apresentou na manh\u00e3 desta ter\u00e7a-feira (17\/06), no miniaudit\u00f3rio da Funda\u00e7\u00e3o Hospitalar Alfredo da Matta (FUHAM), sua aula para exame de qualifica\u00e7\u00e3o no Programa de P\u00f3s-Gradua\u00e7\u00e3o em Ci\u00eancias Aplicadas \u00e0 Dermatologia (PPGCAD). A banca foi composta pela orientadora, doutora Rosilene Concei\u00e7\u00e3o da Silva Cruz (FUHAM); pelo doutor Sin\u00e9sio Talhari (FUHAM) e o pelo doutor Luiz Carlos de Lima Ferreira (Funda\u00e7\u00e3o de Medicina Tropical Doutor Heitor Viera Dourado).<\/p><\/div>\n\n\n\n<p>Com o tema \u201cCrit\u00e9rios usados na mudan\u00e7a de esquema terap\u00eautico no tratamento de hansen\u00edase em Centro de Refer\u00eancia em Manaus \u2013 Amazonas\u201d, o mestrando teve seu projeto aprovado e segue para a conclus\u00e3o de sua pesquisa e do curso.<\/p>\n\n\n\n<figure class=\"wp-block-image alignleft\"><a href=\"https:\/\/www.fuham.am.gov.br\/wp-content\/uploads\/2025\/06\/WhatsApp-Image-2025-06-17-at-10.35.2910.jpeg\"><img decoding=\"async\" src=\"https:\/\/www.fuham.am.gov.br\/wp-content\/uploads\/2025\/06\/WhatsApp-Image-2025-06-17-at-10.35.2910-300x225.jpeg\" alt=\"WhatsApp Image 2025-06-17 at 10.35.29(10)\" class=\"wp-image-14010\"\/><\/a><\/figure>\n\n\n\n<p>\u201cO objetivo principal dessa nossa pesquisa \u00e9 identificar os crit\u00e9rios cl\u00ednicos e laboratoriais que levaram \u00e0 utiliza\u00e7\u00e3o da mudan\u00e7a do esquema terap\u00eautico de hansen\u00edase da PQT [poliquimioterapia] aqui na Funda\u00e7\u00e3o Hospital Alfredo da Mata, no per\u00edodo de 2001 a 2023\u201d, explica Cloves.<\/p>\n\n\n\n<p>Orientado pela m\u00e9dica dermatologista, doutora Rossilene Concei\u00e7\u00e3o da Silva Cruz e coorienta\u00e7\u00e3o da doutora Valderiza Pedrosa (FUHAM), Ant\u00f4nio Cloves explicou que sua pesquisa tamb\u00e9m deve apresentar o perfil cl\u00ednico epidemiol\u00f3gico dos pacientes que fizeram mudan\u00e7a no esquema terap\u00eautico, descrever o esquema alternativo utilizado, caracterizar os crit\u00e9rios adotados para a mudan\u00e7a do esquema terap\u00eautico e identificar quais foram as causas que justificaram a mudan\u00e7a de esquema.<\/p>\n\n\n\n<p>Com a qualifica\u00e7\u00e3o, o mestrando est\u00e1 apto para seguir para a etapa final do curso de mestrado.<br><br>Confira a <a href=\"https:\/\/www.fuham.am.gov.br\/ppgcad-mestrando-tem-projeto-sobre-esquema-terapeutico-da-hanseniase-aprovado-em-exame-de-qualificacao\/\" target=\"_blank\" rel=\"noopener\" title=\"not\u00edcia\">not\u00edcia<\/a> pelo site FUHAM.<\/p>\n","protected":false},"excerpt":{"rendered":"<p>O mestrando Ant\u00f4nio Cloves Carvalho de Moura apresentou na manh\u00e3 desta ter\u00e7a-feira (17\/06), no miniaudit\u00f3rio da Funda\u00e7\u00e3o Hospitalar Alfredo da Matta (FUHAM), sua aula para exame de qualifica\u00e7\u00e3o no Programa de P\u00f3s-Gradua\u00e7\u00e3o em Ci\u00eancias Aplicadas \u00e0 Dermatologia (PPGCAD). A banca foi composta pela orientadora, doutora Rosilene Concei\u00e7\u00e3o da Silva Cruz (FUHAM); pelo doutor Sin\u00e9sio Talhari [&hellip;]<\/p>\n","protected":false},"author":2,"featured_media":3506,"comment_status":"closed","ping_status":"open","sticky":false,"template":"","format":"standard","meta":{"footnotes":""},"categories":[50,52,1],"tags":[],"class_list":["post-3504","post","type-post","status-publish","format-standard","has-post-thumbnail","hentry","category-aula-de-qualificacao","category-institucional","category-pesquisa"],"blocksy_meta":[],"aioseo_notices":[],"_links":{"self":[{"href":"http:\/\/posgraduacao.uea.edu.br\/dermatologia\/index.php?rest_route=\/wp\/v2\/posts\/3504","targetHints":{"allow":["GET"]}}],"collection":[{"href":"http:\/\/posgraduacao.uea.edu.br\/dermatologia\/index.php?rest_route=\/wp\/v2\/posts"}],"about":[{"href":"http:\/\/posgraduacao.uea.edu.br\/dermatologia\/index.php?rest_route=\/wp\/v2\/types\/post"}],"author":[{"embeddable":true,"href":"http:\/\/posgraduacao.uea.edu.br\/dermatologia\/index.php?rest_route=\/wp\/v2\/users\/2"}],"replies":[{"embeddable":true,"href":"http:\/\/posgraduacao.uea.edu.br\/dermatologia\/index.php?rest_route=%2Fwp%2Fv2%2Fcomments&post=3504"}],"version-history":[{"count":1,"href":"http:\/\/posgraduacao.uea.edu.br\/dermatologia\/index.php?rest_route=\/wp\/v2\/posts\/3504\/revisions"}],"predecessor-version":[{"id":3507,"href":"http:\/\/posgraduacao.uea.edu.br\/dermatologia\/index.php?rest_route=\/wp\/v2\/posts\/3504\/revisions\/3507"}],"wp:featuredmedia":[{"embeddable":true,"href":"http:\/\/posgraduacao.uea.edu.br\/dermatologia\/index.php?rest_route=\/wp\/v2\/media\/3506"}],"wp:attachment":[{"href":"http:\/\/posgraduacao.uea.edu.br\/dermatologia\/index.php?rest_route=%2Fwp%2Fv2%2Fmedia&parent=3504"}],"wp:term":[{"taxonomy":"category","embeddable":true,"href":"http:\/\/posgraduacao.uea.edu.br\/dermatologia\/index.php?rest_route=%2Fwp%2Fv2%2Fcategories&post=3504"},{"taxonomy":"post_tag","embeddable":true,"href":"http:\/\/posgraduacao.uea.edu.br\/dermatologia\/index.php?rest_route=%2Fwp%2Fv2%2Ftags&post=3504"}],"curies":[{"name":"wp","href":"https:\/\/api.w.org\/{rel}","templated":true}]}}