{"id":3515,"date":"2025-06-25T10:44:28","date_gmt":"2025-06-25T14:44:28","guid":{"rendered":"http:\/\/posgraduacao.uea.edu.br\/dermatologia\/?p=3515"},"modified":"2026-02-12T11:31:34","modified_gmt":"2026-02-12T15:31:34","slug":"coordenadora-do-ppgcad-ministra-palestra-no-xiv-congresso-internacional-de-dermatologia-em-roma","status":"publish","type":"post","link":"http:\/\/posgraduacao.uea.edu.br\/dermatologia\/?p=3515","title":{"rendered":"Coordenadora do PPGCAD ministra palestra no XIV Congresso Internacional de Dermatologia em Roma"},"content":{"rendered":"\n<div class=\"wp-block-stackable-image stk-block-image stk-block stk-74dcf22\" data-block-id=\"74dcf22\"><figure><span class=\"stk-img-wrapper stk-image--shape-stretch\"><img loading=\"lazy\" decoding=\"async\" class=\"stk-img wp-image-3516\" src=\"http:\/\/posgraduacao.uea.edu.br\/dermatologia\/wp-content\/uploads\/2025\/06\/foto-com-corte-1.jpg\" width=\"800\" height=\"600\" srcset=\"http:\/\/posgraduacao.uea.edu.br\/dermatologia\/wp-content\/uploads\/2025\/06\/foto-com-corte-1.jpg 800w, http:\/\/posgraduacao.uea.edu.br\/dermatologia\/wp-content\/uploads\/2025\/06\/foto-com-corte-1-300x225.jpg 300w, http:\/\/posgraduacao.uea.edu.br\/dermatologia\/wp-content\/uploads\/2025\/06\/foto-com-corte-1-768x576.jpg 768w\" sizes=\"auto, (max-width: 800px) 100vw, 800px\" \/><\/span><\/figure><\/div>\n\n\n\n<p>A coordenadora do Programa PPGCAD, profa. Dra.\u202fCarolina Talhari, foi convidada a palestrar no XIV Congresso Internacional de Dermatologia (ICD 2025), realizado de 18 a 21 de junho no Centro de Congressos de Roma \u201cLa Nuvola\u201d. O evento, organizado pela International Society of Dermatology (ISD) junto \u00e0s sociedades italianas SIDeMaST, ADMG, ADOI e ADI, re\u00fane especialistas de todo o mundo e explora temas de ponta na \u00e1rea.<\/p>\n\n\n\n<p><strong>Palestra: Leprosy in the Tropics<\/strong><\/p>\n\n\n\n<p>Intitulada \u201cLeprosy in the Tropics\u201d, a palestra da profa. Dra.\u202fCarolina abordou a hansen\u00edase em regi\u00f5es tropicais, discutindo as particularidades cl\u00ednicas, os desafios na detec\u00e7\u00e3o e tratamento em popula\u00e7\u00f5es vulner\u00e1veis e estrat\u00e9gias de enfrentamento da doen\u00e7a. Destacou resultados e experi\u00eancias acumuladas a partir de trabalhos desenvolvidos no \u00e2mbito do programa de P\u00f3s-gradua\u00e7\u00e3o em Ci\u00eancias Aplicadas \u00e0 Dermatologia.<\/p>\n\n\n\n<div class=\"wp-block-group is-nowrap is-layout-flex wp-container-core-group-is-layout-6c531013 wp-block-group-is-layout-flex\">\n<div class=\"wp-block-stackable-image stk-block-image stk-block stk-15d3c71\" data-block-id=\"15d3c71\"><style>.stk-15d3c71 .stk-img-wrapper{width:100% !important;height:550px !important;}<\/style><figure><span class=\"stk-img-wrapper stk-image--shape-stretch\"><img loading=\"lazy\" decoding=\"async\" class=\"stk-img wp-image-3512\" src=\"http:\/\/posgraduacao.uea.edu.br\/dermatologia\/wp-content\/uploads\/2025\/06\/WhatsApp-Image-2025-06-24-at-10.18.38.jpeg\" width=\"1200\" height=\"1600\" srcset=\"http:\/\/posgraduacao.uea.edu.br\/dermatologia\/wp-content\/uploads\/2025\/06\/WhatsApp-Image-2025-06-24-at-10.18.38.jpeg 1200w, http:\/\/posgraduacao.uea.edu.br\/dermatologia\/wp-content\/uploads\/2025\/06\/WhatsApp-Image-2025-06-24-at-10.18.38-225x300.jpeg 225w, http:\/\/posgraduacao.uea.edu.br\/dermatologia\/wp-content\/uploads\/2025\/06\/WhatsApp-Image-2025-06-24-at-10.18.38-768x1024.jpeg 768w, http:\/\/posgraduacao.uea.edu.br\/dermatologia\/wp-content\/uploads\/2025\/06\/WhatsApp-Image-2025-06-24-at-10.18.38-1152x1536.jpeg 1152w\" sizes=\"auto, (max-width: 1200px) 100vw, 1200px\" \/><\/span><\/figure><\/div>\n\n\n\n<div class=\"wp-block-stackable-image stk-block-image stk-block stk-dcd8e7e\" data-block-id=\"dcd8e7e\"><style>.stk-dcd8e7e .stk-img-wrapper{width:100% !important;height:563px !important;}<\/style><figure><span class=\"stk-img-wrapper stk-image--shape-stretch\"><img loading=\"lazy\" decoding=\"async\" class=\"stk-img wp-image-3513\" src=\"http:\/\/posgraduacao.uea.edu.br\/dermatologia\/wp-content\/uploads\/2025\/06\/foto-editada.jpeg\" width=\"891\" height=\"1056\" srcset=\"http:\/\/posgraduacao.uea.edu.br\/dermatologia\/wp-content\/uploads\/2025\/06\/foto-editada.jpeg 891w, http:\/\/posgraduacao.uea.edu.br\/dermatologia\/wp-content\/uploads\/2025\/06\/foto-editada-253x300.jpeg 253w, http:\/\/posgraduacao.uea.edu.br\/dermatologia\/wp-content\/uploads\/2025\/06\/foto-editada-864x1024.jpeg 864w, http:\/\/posgraduacao.uea.edu.br\/dermatologia\/wp-content\/uploads\/2025\/06\/foto-editada-768x910.jpeg 768w\" sizes=\"auto, (max-width: 891px) 100vw, 891px\" \/><\/span><\/figure><\/div>\n<\/div>\n\n\n\n<p><strong>Relev\u00e2ncia do tema<\/strong><\/p>\n\n\n\n<p>A hansen\u00edase continua a ser um problema de sa\u00fade p\u00fablica em regi\u00f5es tropicais, exigindo uma abordagem integrada. Ao compartilhar suas viv\u00eancias em um encontro de relev\u00e2ncia internacional, a profa. Dra.\u202fCarolina Talhari contribuiu para refor\u00e7ar a import\u00e2ncia de um diagn\u00f3stico precoce juntamente com um acompanhamento rigoroso, interven\u00e7\u00f5es baseadas no contexto local e colabora\u00e7\u00f5es entre pa\u00edses afetados.<\/p>\n\n\n\n<p><strong>&nbsp;Sobre o ICD 2025<\/strong><\/p>\n\n\n\n<p>O congresso, que acontece pela 14\u00aa vez e retorna \u00e0 Europa ap\u00f3s 51 anos, traz um programa cient\u00edfico abrangente, com simp\u00f3sios, cursos e comunica\u00e7\u00f5es gratuitas. As discuss\u00f5es cobrem uma vasta gama de temas \u2014 incluindo dermatologia m\u00e9dica, cirurgia e oncologia, dermatopatologia, sa\u00fade global, intelig\u00eancia artificial, novas terapias, doen\u00e7as infecciosas e pele negra.<\/p>\n\n\n\n<p><strong>Fotos: ISD\/2025.<\/strong><\/p>\n\n\n\n<p><strong>Para saber mais sobre o evento, acesse o site oficial: <a href=\"https:\/\/www.icd2025rome.org\/\" target=\"_blank\" rel=\"noopener\" title=\"\">https:\/\/www.icd2025rome.org\/<\/a>.<\/strong><\/p>\n","protected":false},"excerpt":{"rendered":"<p>A coordenadora do Programa PPGCAD, profa. Dra.\u202fCarolina Talhari, foi convidada a palestrar no XIV Congresso Internacional de Dermatologia (ICD 2025), realizado de 18 a 21 de junho no Centro de Congressos de Roma \u201cLa Nuvola\u201d. O evento, organizado pela International Society of Dermatology (ISD) junto \u00e0s sociedades italianas SIDeMaST, ADMG, ADOI e ADI, re\u00fane especialistas [&hellip;]<\/p>\n","protected":false},"author":2,"featured_media":3516,"comment_status":"closed","ping_status":"open","sticky":false,"template":"","format":"standard","meta":{"footnotes":""},"categories":[28,39],"tags":[],"class_list":["post-3515","post","type-post","status-publish","format-standard","has-post-thumbnail","hentry","category-eventos-cientificos","category-ppgcad-na-comunidade"],"blocksy_meta":[],"aioseo_notices":[],"_links":{"self":[{"href":"http:\/\/posgraduacao.uea.edu.br\/dermatologia\/index.php?rest_route=\/wp\/v2\/posts\/3515","targetHints":{"allow":["GET"]}}],"collection":[{"href":"http:\/\/posgraduacao.uea.edu.br\/dermatologia\/index.php?rest_route=\/wp\/v2\/posts"}],"about":[{"href":"http:\/\/posgraduacao.uea.edu.br\/dermatologia\/index.php?rest_route=\/wp\/v2\/types\/post"}],"author":[{"embeddable":true,"href":"http:\/\/posgraduacao.uea.edu.br\/dermatologia\/index.php?rest_route=\/wp\/v2\/users\/2"}],"replies":[{"embeddable":true,"href":"http:\/\/posgraduacao.uea.edu.br\/dermatologia\/index.php?rest_route=%2Fwp%2Fv2%2Fcomments&post=3515"}],"version-history":[{"count":1,"href":"http:\/\/posgraduacao.uea.edu.br\/dermatologia\/index.php?rest_route=\/wp\/v2\/posts\/3515\/revisions"}],"predecessor-version":[{"id":3517,"href":"http:\/\/posgraduacao.uea.edu.br\/dermatologia\/index.php?rest_route=\/wp\/v2\/posts\/3515\/revisions\/3517"}],"wp:featuredmedia":[{"embeddable":true,"href":"http:\/\/posgraduacao.uea.edu.br\/dermatologia\/index.php?rest_route=\/wp\/v2\/media\/3516"}],"wp:attachment":[{"href":"http:\/\/posgraduacao.uea.edu.br\/dermatologia\/index.php?rest_route=%2Fwp%2Fv2%2Fmedia&parent=3515"}],"wp:term":[{"taxonomy":"category","embeddable":true,"href":"http:\/\/posgraduacao.uea.edu.br\/dermatologia\/index.php?rest_route=%2Fwp%2Fv2%2Fcategories&post=3515"},{"taxonomy":"post_tag","embeddable":true,"href":"http:\/\/posgraduacao.uea.edu.br\/dermatologia\/index.php?rest_route=%2Fwp%2Fv2%2Ftags&post=3515"}],"curies":[{"name":"wp","href":"https:\/\/api.w.org\/{rel}","templated":true}]}}