{"id":3525,"date":"2025-06-26T09:18:00","date_gmt":"2025-06-26T13:18:00","guid":{"rendered":"http:\/\/posgraduacao.uea.edu.br\/dermatologia\/?p=3525"},"modified":"2026-02-12T11:31:33","modified_gmt":"2026-02-12T15:31:33","slug":"1a-etapa-do-processo-seletivo-sera-realizada-dia-30-06-confira-orientacoes-importantes","status":"publish","type":"post","link":"http:\/\/posgraduacao.uea.edu.br\/dermatologia\/?p=3525","title":{"rendered":"1\u00aa Etapa do processo seletivo ser\u00e1 realizada dia 30\/06. Confira orienta\u00e7\u00f5es importantes"},"content":{"rendered":"\n<div class=\"wp-block-stackable-image stk-block-image stk-block stk-361af7b\" data-block-id=\"361af7b\"><figure><span class=\"stk-img-wrapper stk-image--shape-stretch\"><img loading=\"lazy\" decoding=\"async\" class=\"stk-img wp-image-3524\" src=\"http:\/\/posgraduacao.uea.edu.br\/dermatologia\/wp-content\/uploads\/2025\/06\/Aviso-1o-Etapa.png\" width=\"800\" height=\"600\" srcset=\"http:\/\/posgraduacao.uea.edu.br\/dermatologia\/wp-content\/uploads\/2025\/06\/Aviso-1o-Etapa.png 800w, http:\/\/posgraduacao.uea.edu.br\/dermatologia\/wp-content\/uploads\/2025\/06\/Aviso-1o-Etapa-300x225.png 300w, http:\/\/posgraduacao.uea.edu.br\/dermatologia\/wp-content\/uploads\/2025\/06\/Aviso-1o-Etapa-768x576.png 768w\" sizes=\"auto, (max-width: 800px) 100vw, 800px\" \/><\/span><\/figure><\/div>\n\n\n\n<p>A coordena\u00e7\u00e3o do Programa de P\u00f3s-Gradua\u00e7\u00e3o em Ci\u00eancias Aplicadas \u00e0 Dermatologia (PPGCAD) informa que a prova da 1\u00aa Etapa do processo seletivo para ingresso no Mestrado Profissional em Ci\u00eancias Aplicadas \u00e0 Dermatologia ser\u00e1 aplicada no <strong>dia 30\/06\/2025<\/strong>, com <strong>in\u00edcio \u00e0s 9h00<\/strong>.<\/p>\n\n\n\n<p><strong>Local da Prova:<\/strong> Audit\u00f3rio &#8211; 3\u00ba andar da Escola Superior de Ci\u00eancias da Sa\u00fade, da Universidade do Estado do Amazonas, situada na Av. Carvalho Leal, 1777, CEP 69065-001, bairro Cachoeirinha, Manaus, Amazonas.<\/p>\n\n\n\n<p>Os candidatos devem <strong>chegar com anteced\u00eancia m\u00ednima de 30 minutos<\/strong>, portando os seguintes itens obrigat\u00f3rios:<\/p>\n\n\n\n<ul class=\"wp-block-list\">\n<li>Documento oficial de identifica\u00e7\u00e3o com foto (original);<\/li>\n\n\n\n<li>Caneta esferogr\u00e1fica de tinta preta ou azul de material transparente.<\/li>\n<\/ul>\n\n\n\n<p>Recomenda-se que os participantes consultem o edital completo para se informar sobre todas as normas da sele\u00e7\u00e3o, incluindo os itens permitidos e proibidos durante a realiza\u00e7\u00e3o da prova.<\/p>\n\n\n\n<p>A equipe organizadora refor\u00e7a que o cumprimento rigoroso dos hor\u00e1rios e das orienta\u00e7\u00f5es \u00e9 essencial para garantir a participa\u00e7\u00e3o no processo. <\/p>\n\n\n\n<p><strong>Para mais informa\u00e7\u00f5es, confira: https:\/\/selecao1.uea.edu.br\/?dest=info&amp;selecao=11845<\/strong><\/p>\n","protected":false},"excerpt":{"rendered":"<p>A coordena\u00e7\u00e3o do Programa de P\u00f3s-Gradua\u00e7\u00e3o em Ci\u00eancias Aplicadas \u00e0 Dermatologia (PPGCAD) informa que a prova da 1\u00aa Etapa do processo seletivo para ingresso no Mestrado Profissional em Ci\u00eancias Aplicadas \u00e0 Dermatologia ser\u00e1 aplicada no dia 30\/06\/2025, com in\u00edcio \u00e0s 9h00. Local da Prova: Audit\u00f3rio &#8211; 3\u00ba andar da Escola Superior de Ci\u00eancias da Sa\u00fade, [&hellip;]<\/p>\n","protected":false},"author":2,"featured_media":3524,"comment_status":"closed","ping_status":"open","sticky":false,"template":"","format":"standard","meta":{"footnotes":""},"categories":[52],"tags":[],"class_list":["post-3525","post","type-post","status-publish","format-standard","has-post-thumbnail","hentry","category-institucional"],"blocksy_meta":[],"aioseo_notices":[],"_links":{"self":[{"href":"http:\/\/posgraduacao.uea.edu.br\/dermatologia\/index.php?rest_route=\/wp\/v2\/posts\/3525","targetHints":{"allow":["GET"]}}],"collection":[{"href":"http:\/\/posgraduacao.uea.edu.br\/dermatologia\/index.php?rest_route=\/wp\/v2\/posts"}],"about":[{"href":"http:\/\/posgraduacao.uea.edu.br\/dermatologia\/index.php?rest_route=\/wp\/v2\/types\/post"}],"author":[{"embeddable":true,"href":"http:\/\/posgraduacao.uea.edu.br\/dermatologia\/index.php?rest_route=\/wp\/v2\/users\/2"}],"replies":[{"embeddable":true,"href":"http:\/\/posgraduacao.uea.edu.br\/dermatologia\/index.php?rest_route=%2Fwp%2Fv2%2Fcomments&post=3525"}],"version-history":[{"count":1,"href":"http:\/\/posgraduacao.uea.edu.br\/dermatologia\/index.php?rest_route=\/wp\/v2\/posts\/3525\/revisions"}],"predecessor-version":[{"id":3526,"href":"http:\/\/posgraduacao.uea.edu.br\/dermatologia\/index.php?rest_route=\/wp\/v2\/posts\/3525\/revisions\/3526"}],"wp:featuredmedia":[{"embeddable":true,"href":"http:\/\/posgraduacao.uea.edu.br\/dermatologia\/index.php?rest_route=\/wp\/v2\/media\/3524"}],"wp:attachment":[{"href":"http:\/\/posgraduacao.uea.edu.br\/dermatologia\/index.php?rest_route=%2Fwp%2Fv2%2Fmedia&parent=3525"}],"wp:term":[{"taxonomy":"category","embeddable":true,"href":"http:\/\/posgraduacao.uea.edu.br\/dermatologia\/index.php?rest_route=%2Fwp%2Fv2%2Fcategories&post=3525"},{"taxonomy":"post_tag","embeddable":true,"href":"http:\/\/posgraduacao.uea.edu.br\/dermatologia\/index.php?rest_route=%2Fwp%2Fv2%2Ftags&post=3525"}],"curies":[{"name":"wp","href":"https:\/\/api.w.org\/{rel}","templated":true}]}}