{"id":3570,"date":"2025-07-09T10:48:15","date_gmt":"2025-07-09T14:48:15","guid":{"rendered":"http:\/\/posgraduacao.uea.edu.br\/dermatologia\/?p=3570"},"modified":"2026-02-12T11:31:33","modified_gmt":"2026-02-12T15:31:33","slug":"comissao-de-selecao-convoca-aprovados-para-entrevistas-da-segunda-fase","status":"publish","type":"post","link":"http:\/\/posgraduacao.uea.edu.br\/dermatologia\/?p=3570","title":{"rendered":"Comiss\u00e3o de Sele\u00e7\u00e3o convoca aprovados para entrevistas da segunda fase"},"content":{"rendered":"\n<div class=\"wp-block-stackable-image stk-block-image stk-block stk-62f7dd9\" data-block-id=\"62f7dd9\"><figure><span class=\"stk-img-wrapper stk-image--shape-stretch\"><img loading=\"lazy\" decoding=\"async\" class=\"stk-img wp-image-3569\" src=\"http:\/\/posgraduacao.uea.edu.br\/dermatologia\/wp-content\/uploads\/2025\/07\/2a-Etapa-do-Processo-seletivo-PPGCAD-2025-1.png\" width=\"800\" height=\"600\" srcset=\"http:\/\/posgraduacao.uea.edu.br\/dermatologia\/wp-content\/uploads\/2025\/07\/2a-Etapa-do-Processo-seletivo-PPGCAD-2025-1.png 800w, http:\/\/posgraduacao.uea.edu.br\/dermatologia\/wp-content\/uploads\/2025\/07\/2a-Etapa-do-Processo-seletivo-PPGCAD-2025-1-300x225.png 300w, http:\/\/posgraduacao.uea.edu.br\/dermatologia\/wp-content\/uploads\/2025\/07\/2a-Etapa-do-Processo-seletivo-PPGCAD-2025-1-768x576.png 768w\" sizes=\"auto, (max-width: 800px) 100vw, 800px\" \/><\/span><\/figure><\/div>\n\n\n\n<p>A Comiss\u00e3o de Sele\u00e7\u00e3o do processo seletivo para o Programa de P\u00f3s-Gradua\u00e7\u00e3o em Ci\u00eancias Aplicadas \u00e0 Dermatologia da Universidade do Estado do Amazonas (UEA) e FUHAM, <strong>convoca os candidatos aprovados na 1\u00aa fase, para a realiza\u00e7\u00e3o das entrevistas da 2\u00aa fase.<\/strong><\/p>\n\n\n\n<p>As entrevistas acontecem no dia<strong> 10 de julho<\/strong>, pr\u00f3xima quinta-feira. Nomes e hor\u00e1rios das entrevistas est\u00e3o no documento divulgado pela comiss\u00e3o.<\/p>\n\n\n\n<p>A entrevista ocorrer\u00e1 no <strong>mini-audit\u00f3rio da Funda\u00e7\u00e3o Hospitalar Alfredo da Matta (FUHAM)<\/strong>, localizada na Av. Codaj\u00e1s, n.\u00ba 24, bairro Cachoeirinha (zona centro-sul), em Manaus.<\/p>\n\n\n\n<p>O candidato deve comparecer com <strong>pontualidade<\/strong>, portando d<strong>ocumento de identifica\u00e7\u00e3o com foto e c\u00f3pia dos documentos informados no curr\u00edculo lattes<\/strong>.<\/p>\n\n\n\n<div class=\"wp-block-stackable-image stk-block-image stk-block stk-05202bd\" data-block-id=\"05202bd\"><style>.stk-05202bd .stk-img-wrapper{width:532px !important;}<\/style><figure><span class=\"stk-img-wrapper stk-image--shape-stretch\"><img loading=\"lazy\" decoding=\"async\" class=\"stk-img wp-image-3572\" src=\"http:\/\/posgraduacao.uea.edu.br\/dermatologia\/wp-content\/uploads\/2025\/07\/convocacao.png\" width=\"532\" height=\"754\" srcset=\"http:\/\/posgraduacao.uea.edu.br\/dermatologia\/wp-content\/uploads\/2025\/07\/convocacao.png 532w, http:\/\/posgraduacao.uea.edu.br\/dermatologia\/wp-content\/uploads\/2025\/07\/convocacao-212x300.png 212w\" sizes=\"auto, (max-width: 532px) 100vw, 532px\" \/><\/span><\/figure><\/div>\n\n\n\n<p>Para baixar a lista dos nomes e hor\u00e1rios ou acessar os documentos do processo seletivo 2025, visite o <a href=\"https:\/\/selecao1.uea.edu.br\/?dest=info&amp;selecao=11845\">portal UEA<\/a>.<\/p>\n","protected":false},"excerpt":{"rendered":"<p>A Comiss\u00e3o de Sele\u00e7\u00e3o do processo seletivo para o Programa de P\u00f3s-Gradua\u00e7\u00e3o em Ci\u00eancias Aplicadas \u00e0 Dermatologia da Universidade do Estado do Amazonas (UEA) e FUHAM, convoca os candidatos aprovados na 1\u00aa fase, para a realiza\u00e7\u00e3o das entrevistas da 2\u00aa fase. As entrevistas acontecem no dia 10 de julho, pr\u00f3xima quinta-feira. Nomes e hor\u00e1rios das [&hellip;]<\/p>\n","protected":false},"author":2,"featured_media":3569,"comment_status":"closed","ping_status":"open","sticky":false,"template":"","format":"standard","meta":{"footnotes":""},"categories":[52],"tags":[],"class_list":["post-3570","post","type-post","status-publish","format-standard","has-post-thumbnail","hentry","category-institucional"],"blocksy_meta":[],"aioseo_notices":[],"_links":{"self":[{"href":"http:\/\/posgraduacao.uea.edu.br\/dermatologia\/index.php?rest_route=\/wp\/v2\/posts\/3570","targetHints":{"allow":["GET"]}}],"collection":[{"href":"http:\/\/posgraduacao.uea.edu.br\/dermatologia\/index.php?rest_route=\/wp\/v2\/posts"}],"about":[{"href":"http:\/\/posgraduacao.uea.edu.br\/dermatologia\/index.php?rest_route=\/wp\/v2\/types\/post"}],"author":[{"embeddable":true,"href":"http:\/\/posgraduacao.uea.edu.br\/dermatologia\/index.php?rest_route=\/wp\/v2\/users\/2"}],"replies":[{"embeddable":true,"href":"http:\/\/posgraduacao.uea.edu.br\/dermatologia\/index.php?rest_route=%2Fwp%2Fv2%2Fcomments&post=3570"}],"version-history":[{"count":1,"href":"http:\/\/posgraduacao.uea.edu.br\/dermatologia\/index.php?rest_route=\/wp\/v2\/posts\/3570\/revisions"}],"predecessor-version":[{"id":3573,"href":"http:\/\/posgraduacao.uea.edu.br\/dermatologia\/index.php?rest_route=\/wp\/v2\/posts\/3570\/revisions\/3573"}],"wp:featuredmedia":[{"embeddable":true,"href":"http:\/\/posgraduacao.uea.edu.br\/dermatologia\/index.php?rest_route=\/wp\/v2\/media\/3569"}],"wp:attachment":[{"href":"http:\/\/posgraduacao.uea.edu.br\/dermatologia\/index.php?rest_route=%2Fwp%2Fv2%2Fmedia&parent=3570"}],"wp:term":[{"taxonomy":"category","embeddable":true,"href":"http:\/\/posgraduacao.uea.edu.br\/dermatologia\/index.php?rest_route=%2Fwp%2Fv2%2Fcategories&post=3570"},{"taxonomy":"post_tag","embeddable":true,"href":"http:\/\/posgraduacao.uea.edu.br\/dermatologia\/index.php?rest_route=%2Fwp%2Fv2%2Ftags&post=3570"}],"curies":[{"name":"wp","href":"https:\/\/api.w.org\/{rel}","templated":true}]}}