{"id":3578,"date":"2025-07-16T13:31:34","date_gmt":"2025-07-16T17:31:34","guid":{"rendered":"http:\/\/posgraduacao.uea.edu.br\/dermatologia\/?p=3578"},"modified":"2026-02-12T11:31:33","modified_gmt":"2026-02-12T15:31:33","slug":"divulgada-lista-de-aprovados-da-segunda-etapa-da-selecao","status":"publish","type":"post","link":"http:\/\/posgraduacao.uea.edu.br\/dermatologia\/?p=3578","title":{"rendered":"Comiss\u00e3o de Sele\u00e7\u00e3o divulga resultado da 2\u00aa etapa do Processo Seletivo n\u00ba057\/2025"},"content":{"rendered":"\n<p>A Coordena\u00e7\u00e3o do Programa de P\u00f3s\u2013Gradua\u00e7\u00e3o em Ci\u00eancias Aplicadas \u00e0 Dermatologia da Funda\u00e7\u00e3o Hospitalar Alfredo da Matta (FUHAM) divulga a lista de aprovados na segunda etapa da sele\u00e7\u00e3o para o Mestrado Profissional em Ci\u00eancias Aplicadas \u00e0 Dermatologia.<\/p>\n\n\n\n<p>Para interpor recurso, o candidato ter\u00e1 o prazo m\u00e1ximo de 24 (vinte e quatro) horas a partir da data de publica\u00e7\u00e3o do resultado. O pedido dever\u00e1 ser enviado exclusivamente por e-mail, para o endere\u00e7o eletr\u00f4nico: ppgdermatologia@fuham.am.gov.br, dirigido \u00e0 presidente da Comiss\u00e3o de Sele\u00e7\u00e3o.<\/p>\n\n\n\n<p>A<strong> lista final<\/strong> com os nomes dos candidatos aprovados ser\u00e1 divulgada no dia <strong>18 de julho de 2025.<\/strong><\/p>\n\n\n\n<p>Ser\u00e3o disponibilizadas oito vagas para o curso de mestrado profissional em Ci\u00eancias Aplicadas \u00e0 Dermatologia e dessas, duas vagas reservadas para Pessoas Com Defici\u00eancia (PCD).<\/p>\n\n\n\n<p>Os candidatos aprovados dever\u00e3o efetuar a <strong>matr\u00edcula no per\u00edodo de 28 e 29 de julho de 2025<\/strong>, no hor\u00e1rio das <strong>07h00 \u00e0s 13h00<\/strong>, na <strong>Sala da secretaria do Programa de P\u00f3s-Gradua\u00e7\u00e3o<\/strong> em Ci\u00eancias Aplicadas \u00e0 Dermatologia (PPGCAD), localizada na <strong>Funda\u00e7\u00e3o Hospitalar Alfredo da Matta<\/strong>, situada na Rua Codaj\u00e1s, 24, Cachoeirinha.<\/p>\n\n\n\n<p>Confira a lista:<\/p>\n\n\n\n<figure class=\"wp-block-image size-full is-resized\"><img loading=\"lazy\" decoding=\"async\" width=\"394\" height=\"559\" src=\"http:\/\/posgraduacao.uea.edu.br\/dermatologia\/wp-content\/uploads\/2025\/07\/aprovados-etapa-2-2.png\" alt=\"\" class=\"wp-image-3582\" style=\"width:585px;height:auto\" srcset=\"http:\/\/posgraduacao.uea.edu.br\/dermatologia\/wp-content\/uploads\/2025\/07\/aprovados-etapa-2-2.png 394w, http:\/\/posgraduacao.uea.edu.br\/dermatologia\/wp-content\/uploads\/2025\/07\/aprovados-etapa-2-2-211x300.png 211w\" sizes=\"auto, (max-width: 394px) 100vw, 394px\" \/><\/figure>\n\n\n\n<p><\/p>\n\n\n\n<p>Para acessar os documentos do processo seletivo 2025, visite o <a href=\"https:\/\/selecao1.uea.edu.br\/?dest=info&amp;selecao=11845\">portal UEA<\/a>.<\/p>\n","protected":false},"excerpt":{"rendered":"<p>A Coordena\u00e7\u00e3o do Programa de P\u00f3s\u2013Gradua\u00e7\u00e3o em Ci\u00eancias Aplicadas \u00e0 Dermatologia da Funda\u00e7\u00e3o Hospitalar Alfredo da Matta (FUHAM) divulga a lista de aprovados na segunda etapa da sele\u00e7\u00e3o para o Mestrado Profissional em Ci\u00eancias Aplicadas \u00e0 Dermatologia. Para interpor recurso, o candidato ter\u00e1 o prazo m\u00e1ximo de 24 (vinte e quatro) horas a partir da [&hellip;]<\/p>\n","protected":false},"author":2,"featured_media":3577,"comment_status":"closed","ping_status":"open","sticky":false,"template":"","format":"standard","meta":{"footnotes":""},"categories":[52],"tags":[],"class_list":["post-3578","post","type-post","status-publish","format-standard","has-post-thumbnail","hentry","category-institucional"],"blocksy_meta":[],"aioseo_notices":[],"_links":{"self":[{"href":"http:\/\/posgraduacao.uea.edu.br\/dermatologia\/index.php?rest_route=\/wp\/v2\/posts\/3578","targetHints":{"allow":["GET"]}}],"collection":[{"href":"http:\/\/posgraduacao.uea.edu.br\/dermatologia\/index.php?rest_route=\/wp\/v2\/posts"}],"about":[{"href":"http:\/\/posgraduacao.uea.edu.br\/dermatologia\/index.php?rest_route=\/wp\/v2\/types\/post"}],"author":[{"embeddable":true,"href":"http:\/\/posgraduacao.uea.edu.br\/dermatologia\/index.php?rest_route=\/wp\/v2\/users\/2"}],"replies":[{"embeddable":true,"href":"http:\/\/posgraduacao.uea.edu.br\/dermatologia\/index.php?rest_route=%2Fwp%2Fv2%2Fcomments&post=3578"}],"version-history":[{"count":4,"href":"http:\/\/posgraduacao.uea.edu.br\/dermatologia\/index.php?rest_route=\/wp\/v2\/posts\/3578\/revisions"}],"predecessor-version":[{"id":3583,"href":"http:\/\/posgraduacao.uea.edu.br\/dermatologia\/index.php?rest_route=\/wp\/v2\/posts\/3578\/revisions\/3583"}],"wp:featuredmedia":[{"embeddable":true,"href":"http:\/\/posgraduacao.uea.edu.br\/dermatologia\/index.php?rest_route=\/wp\/v2\/media\/3577"}],"wp:attachment":[{"href":"http:\/\/posgraduacao.uea.edu.br\/dermatologia\/index.php?rest_route=%2Fwp%2Fv2%2Fmedia&parent=3578"}],"wp:term":[{"taxonomy":"category","embeddable":true,"href":"http:\/\/posgraduacao.uea.edu.br\/dermatologia\/index.php?rest_route=%2Fwp%2Fv2%2Fcategories&post=3578"},{"taxonomy":"post_tag","embeddable":true,"href":"http:\/\/posgraduacao.uea.edu.br\/dermatologia\/index.php?rest_route=%2Fwp%2Fv2%2Ftags&post=3578"}],"curies":[{"name":"wp","href":"https:\/\/api.w.org\/{rel}","templated":true}]}}