{"id":3586,"date":"2025-07-17T08:48:07","date_gmt":"2025-07-17T12:48:07","guid":{"rendered":"http:\/\/posgraduacao.uea.edu.br\/dermatologia\/?p=3586"},"modified":"2026-02-12T11:31:33","modified_gmt":"2026-02-12T15:31:33","slug":"seminario-na-fuham-apresenta-resultados-parciais-de-projetos-desenvolvidos-pelo-proderm","status":"publish","type":"post","link":"http:\/\/posgraduacao.uea.edu.br\/dermatologia\/?p=3586","title":{"rendered":"Semin\u00e1rio na Fuham apresenta resultados parciais de projetos desenvolvidos pelo Proderm"},"content":{"rendered":"\n<div class=\"wp-block-stackable-image stk-block-image stk-block stk-baaef52\" data-block-id=\"baaef52\"><figure><span class=\"stk-img-wrapper stk-image--shape-stretch\"><img loading=\"lazy\" decoding=\"async\" class=\"stk-img wp-image-3584\" src=\"http:\/\/posgraduacao.uea.edu.br\/dermatologia\/wp-content\/uploads\/2025\/07\/PVNs_acts_2-scaled.jpg\" width=\"2560\" height=\"1920\" srcset=\"http:\/\/posgraduacao.uea.edu.br\/dermatologia\/wp-content\/uploads\/2025\/07\/PVNs_acts_2-scaled.jpg 2560w, http:\/\/posgraduacao.uea.edu.br\/dermatologia\/wp-content\/uploads\/2025\/07\/PVNs_acts_2-300x225.jpg 300w, http:\/\/posgraduacao.uea.edu.br\/dermatologia\/wp-content\/uploads\/2025\/07\/PVNs_acts_2-1024x768.jpg 1024w, http:\/\/posgraduacao.uea.edu.br\/dermatologia\/wp-content\/uploads\/2025\/07\/PVNs_acts_2-768x576.jpg 768w, http:\/\/posgraduacao.uea.edu.br\/dermatologia\/wp-content\/uploads\/2025\/07\/PVNs_acts_2-1536x1152.jpg 1536w, http:\/\/posgraduacao.uea.edu.br\/dermatologia\/wp-content\/uploads\/2025\/07\/PVNs_acts_2-2048x1536.jpg 2048w\" sizes=\"auto, (max-width: 2560px) 100vw, 2560px\" \/><\/span><\/figure><\/div>\n\n\n\n<p>Durante esta semana, pesquisadores e bolsistas do Programa de Apoio \u00e0 Forma\u00e7\u00e3o em Ci\u00eancias Dermatol\u00f3gicas (Proderm) re\u00fanem-se para uma agenda de atividades, com destaque ao Semin\u00e1rio de divulga\u00e7\u00e3o de resultados parciais.<\/p>\n\n\n\n<p>Como parte das atividades dedicadas nesta semana, ao Programa de Apoio \u00e0 Forma\u00e7\u00e3o em Ci\u00eancias Dermatol\u00f3gicas \u2013 Proderm\/RH da Funda\u00e7\u00e3o Hospitalar Alfredo da Matta (Fuham), foi realizado nos dias 15 e 16 de julho, no Audit\u00f3rio Dami\u00e3o Litaiff, sede da Fuham, o Semin\u00e1rio de Avalia\u00e7\u00e3o Parcial dos bolsistas do Proderm\/RH, evento que contou com a participa\u00e7\u00e3o dos seis Pesquisadores Visitantes Nacionais (PVNs) e quatro bolsistas de apoio t\u00e9cnico que atuam pelo Proderm, em diversos projetos e atividades de ensino e pesquisa na Fuham.<\/p>\n\n\n\n<p>O Proderm \u00e9 fruto de um acordo de coopera\u00e7\u00e3o t\u00e9cnica (ACT) entre Fuham e Funda\u00e7\u00e3o de Amparo \u00e0 Pesquisa do Estados do Amazonas (Fapeam), o qual viabiliza bolsas para pesquisadores e bolsistas. Nos dois dias de Semin\u00e1rio PVNs e bolsistas apresentaram os resultados parciais das atividades que cada um est\u00e1 envolvido; explanando os objetivos, os resultados obtidos at\u00e9 ent\u00e3o e as perspectivas de projetos que podem ser desenvolvidos.<\/p>\n\n\n\n<p>\u201cCada um deles [pesquisadores e bolsistas] tem alguns objetivos, que \u00e9 justamente dar apoio \u00e0 p\u00f3s-gradua\u00e7\u00e3o, o mestrado; dar suporte \u00e0 pesquisa na Fuham, nos seus diversos projetos, na elabora\u00e7\u00e3o de novos projetos, e eles se inserem nas atividades de ensino e pesquisa da institui\u00e7\u00e3o, dando esse suporte, viabilizando, por exemplo, treinamentos nas institui\u00e7\u00f5es onde eles atuam\u201d, explica a diretora de ensino e pesquisa da Fuham Maria das Gra\u00e7as Barbosa.<\/p>\n\n\n\n<p>A m\u00e9dica e doutora em sa\u00fade p\u00fablica Ang\u00e9lica Espinosa Barbosa Miranda \u00e9 uma das PVNs do Proderm. Segundo a especialista, o semin\u00e1rio foi uma importante oportunidade de interc\u00e2mbio entre os PVNs e profissionais da Fuham.<\/p>\n\n\n\n<p>\u201cEsse semin\u00e1rio parcial para presta\u00e7\u00e3o de contas foi super importante, porque deu visibilidade a todas as a\u00e7\u00f5es que est\u00e3o sendo feitas, porque \u00e0s vezes a gente est\u00e1 trabalhando nas \u2018caixinhas separadas\u2019 e n\u00e3o sabe o que o outro est\u00e1 fazendo. Ent\u00e3o, deu uma ideia geral de que podem surgir outras colabora\u00e7\u00f5es com outros pesquisadores, com outros profissionais aqui da Fuham e tamb\u00e9m avaliar se a gente est\u00e1 num rumo certo ou n\u00e3o; mas eu acho que muitas novas a\u00e7\u00f5es v\u00e3o surgir a partir desse momento. Foi muito bom e muito produtivo\u201d, ressalta.<\/p>\n\n\n\n<div class=\"wp-block-stackable-columns stk-block-columns stk-block stk-894d1b1\" data-block-id=\"894d1b1\"><style>.stk-894d1b1 {margin-bottom:0px !important;}<\/style><div class=\"stk-row stk-inner-blocks stk-block-content stk-content-align stk-894d1b1-column\">\n<div class=\"wp-block-stackable-column stk-block-column stk-column stk-block stk-9829111\" data-v=\"4\" data-block-id=\"9829111\"><style>@media screen and (min-width:690px){.stk-9829111 {flex:var(--stk-flex-grow, 1) 1 calc(36.69999999999999% - var(--stk-column-gap, 0px) * 1 \/ 2 ) !important;}}<\/style><div class=\"stk-column-wrapper stk-block-column__content stk-container stk-9829111-container stk--no-background stk--no-padding\"><div class=\"stk-block-content stk-inner-blocks stk-9829111-inner-blocks\">\n<figure class=\"wp-block-image size-large\"><img loading=\"lazy\" decoding=\"async\" width=\"768\" height=\"1024\" src=\"http:\/\/posgraduacao.uea.edu.br\/dermatologia\/wp-content\/uploads\/2025\/07\/WhatsApp-Image-2025-07-15-at-19.00.58-768x1024.jpeg\" alt=\"\" class=\"wp-image-3585\" srcset=\"http:\/\/posgraduacao.uea.edu.br\/dermatologia\/wp-content\/uploads\/2025\/07\/WhatsApp-Image-2025-07-15-at-19.00.58-768x1024.jpeg 768w, http:\/\/posgraduacao.uea.edu.br\/dermatologia\/wp-content\/uploads\/2025\/07\/WhatsApp-Image-2025-07-15-at-19.00.58-225x300.jpeg 225w, http:\/\/posgraduacao.uea.edu.br\/dermatologia\/wp-content\/uploads\/2025\/07\/WhatsApp-Image-2025-07-15-at-19.00.58-1152x1536.jpeg 1152w, http:\/\/posgraduacao.uea.edu.br\/dermatologia\/wp-content\/uploads\/2025\/07\/WhatsApp-Image-2025-07-15-at-19.00.58-1536x2048.jpeg 1536w, http:\/\/posgraduacao.uea.edu.br\/dermatologia\/wp-content\/uploads\/2025\/07\/WhatsApp-Image-2025-07-15-at-19.00.58-scaled.jpeg 1920w\" sizes=\"auto, (max-width: 768px) 100vw, 768px\" \/><\/figure>\n<\/div><\/div><\/div>\n\n\n\n<div class=\"wp-block-stackable-column stk-block-column stk-column stk-block stk-f18274d\" data-v=\"4\" data-block-id=\"f18274d\"><style>@media screen and (min-width:690px){.stk-f18274d {flex:var(--stk-flex-grow, 1) 1 calc(63.3% - var(--stk-column-gap, 0px) * 1 \/ 2 ) !important;}}<\/style><div class=\"stk-column-wrapper stk-block-column__content stk-container stk-f18274d-container stk--no-background stk--no-padding\"><div class=\"stk-block-content stk-inner-blocks stk-f18274d-inner-blocks\">\n<p>A diretora-presidente da Fapeam, M\u00e1rcia Perales Mendes da Silva, destacou a import\u00e2ncia da parceria com a Fuham por meio do Proderm e ressaltou com entusiasmo sobre o objetivo geral do Programa. \u201cNa \u00e1rea da sa\u00fade, com o Proderm, o objetivo \u00e9 a forma\u00e7\u00e3o de recursos humanos altamente qualificados e, consequentemente, o que n\u00f3s temos \u00e9 um servi\u00e7o mais aprimorado; isso \u00e9 fundamental, porque pessoas altamente qualificadas prestam um servi\u00e7o diferenciado para a popula\u00e7\u00e3o; e isso por meio da busca, da pesquisa, dos novos conhecimentos. \u00c9 uma parceria que nos d\u00e1 muito orgulho, porque aqui n\u00f3s temos profissionais de excelente n\u00edvel e que vem n\u00e3o s\u00f3 agora, mas ao longo de v\u00e1rios anos prestando um servi\u00e7o de excel\u00eancia\u201d, destaca.<\/p>\n<\/div><\/div><\/div>\n<\/div><\/div>\n\n\n\n<p>Com o t\u00e9rmino do semin\u00e1rio, a semana dedicada ao Proderm segue at\u00e9 a pr\u00f3xima sexta-feira (18\/07), com reuni\u00f5es de avalia\u00e7\u00e3o e alinhamento de a\u00e7\u00f5es, envolvendo os PVNs, bolsistas, e profissionais envolvidos em projetos de pesquisa da institui\u00e7\u00e3o.<\/p>\n\n\n\n<p><em>Texto e imagens: ASCOOM FUHAM.<\/em><\/p>\n\n\n\n<p><\/p>\n","protected":false},"excerpt":{"rendered":"<p>Durante esta semana, pesquisadores e bolsistas do Programa de Apoio \u00e0 Forma\u00e7\u00e3o em Ci\u00eancias Dermatol\u00f3gicas (Proderm) re\u00fanem-se para uma agenda de atividades, com destaque ao Semin\u00e1rio de divulga\u00e7\u00e3o de resultados parciais. Como parte das atividades dedicadas nesta semana, ao Programa de Apoio \u00e0 Forma\u00e7\u00e3o em Ci\u00eancias Dermatol\u00f3gicas \u2013 Proderm\/RH da Funda\u00e7\u00e3o Hospitalar Alfredo da Matta [&hellip;]<\/p>\n","protected":false},"author":2,"featured_media":3587,"comment_status":"closed","ping_status":"open","sticky":false,"template":"","format":"standard","meta":{"footnotes":""},"categories":[1],"tags":[],"class_list":["post-3586","post","type-post","status-publish","format-standard","has-post-thumbnail","hentry","category-pesquisa"],"blocksy_meta":[],"aioseo_notices":[],"_links":{"self":[{"href":"http:\/\/posgraduacao.uea.edu.br\/dermatologia\/index.php?rest_route=\/wp\/v2\/posts\/3586","targetHints":{"allow":["GET"]}}],"collection":[{"href":"http:\/\/posgraduacao.uea.edu.br\/dermatologia\/index.php?rest_route=\/wp\/v2\/posts"}],"about":[{"href":"http:\/\/posgraduacao.uea.edu.br\/dermatologia\/index.php?rest_route=\/wp\/v2\/types\/post"}],"author":[{"embeddable":true,"href":"http:\/\/posgraduacao.uea.edu.br\/dermatologia\/index.php?rest_route=\/wp\/v2\/users\/2"}],"replies":[{"embeddable":true,"href":"http:\/\/posgraduacao.uea.edu.br\/dermatologia\/index.php?rest_route=%2Fwp%2Fv2%2Fcomments&post=3586"}],"version-history":[{"count":4,"href":"http:\/\/posgraduacao.uea.edu.br\/dermatologia\/index.php?rest_route=\/wp\/v2\/posts\/3586\/revisions"}],"predecessor-version":[{"id":3603,"href":"http:\/\/posgraduacao.uea.edu.br\/dermatologia\/index.php?rest_route=\/wp\/v2\/posts\/3586\/revisions\/3603"}],"wp:featuredmedia":[{"embeddable":true,"href":"http:\/\/posgraduacao.uea.edu.br\/dermatologia\/index.php?rest_route=\/wp\/v2\/media\/3587"}],"wp:attachment":[{"href":"http:\/\/posgraduacao.uea.edu.br\/dermatologia\/index.php?rest_route=%2Fwp%2Fv2%2Fmedia&parent=3586"}],"wp:term":[{"taxonomy":"category","embeddable":true,"href":"http:\/\/posgraduacao.uea.edu.br\/dermatologia\/index.php?rest_route=%2Fwp%2Fv2%2Fcategories&post=3586"},{"taxonomy":"post_tag","embeddable":true,"href":"http:\/\/posgraduacao.uea.edu.br\/dermatologia\/index.php?rest_route=%2Fwp%2Fv2%2Ftags&post=3586"}],"curies":[{"name":"wp","href":"https:\/\/api.w.org\/{rel}","templated":true}]}}