{"id":3604,"date":"2025-07-28T11:44:52","date_gmt":"2025-07-28T15:44:52","guid":{"rendered":"http:\/\/posgraduacao.uea.edu.br\/dermatologia\/?p=3604"},"modified":"2026-02-12T11:31:33","modified_gmt":"2026-02-12T15:31:33","slug":"defesa-de-mestrado-discente-amanda-gabrielle-dos-santos-cordeiro","status":"publish","type":"post","link":"http:\/\/posgraduacao.uea.edu.br\/dermatologia\/?p=3604","title":{"rendered":"Defesa de Mestrado &#8211; Discente Amanda Gabrielle dos Santos Cordeiro"},"content":{"rendered":"\n<div class=\"wp-block-stackable-image stk-block-image stk-block stk-f892226\" data-block-id=\"f892226\"><figure><span class=\"stk-img-wrapper stk-image--shape-stretch\"><img loading=\"lazy\" decoding=\"async\" class=\"stk-img wp-image-3607\" src=\"http:\/\/posgraduacao.uea.edu.br\/dermatologia\/wp-content\/uploads\/2025\/07\/Post-de-defesa-Site.png\" width=\"800\" height=\"600\" srcset=\"http:\/\/posgraduacao.uea.edu.br\/dermatologia\/wp-content\/uploads\/2025\/07\/Post-de-defesa-Site.png 800w, http:\/\/posgraduacao.uea.edu.br\/dermatologia\/wp-content\/uploads\/2025\/07\/Post-de-defesa-Site-300x225.png 300w, http:\/\/posgraduacao.uea.edu.br\/dermatologia\/wp-content\/uploads\/2025\/07\/Post-de-defesa-Site-768x576.png 768w\" sizes=\"auto, (max-width: 800px) 100vw, 800px\" \/><\/span><\/figure><\/div>\n\n\n\n<p>A Coordena\u00e7\u00e3o do Programa de P\u00f3s-gradua\u00e7\u00e3o em ci\u00eancias aplicadas \u00e0 dermatologia da Universidade do Estado do Amazonas, em conv\u00eanio com a Funda\u00e7\u00e3o Hospitalar Alfredo da Matta, tem a grata satisfa\u00e7\u00e3o de convid\u00e1-los (as) a prestigiarem a defesa de mestrado conforme informa\u00e7\u00f5es abaixo:<\/p>\n\n\n\n<p>T\u00edtulo: <strong>&#8220;Avalia\u00e7\u00e3o termogr\u00e1fica de \u00falceras plantares decorrentes da hansen\u00edase&#8221;.<\/strong><\/p>\n\n\n\n<p>Mestranda: <strong>Amanda Gabrielle dos Santos Cordeiro.<\/strong><\/p>\n\n\n\n<p>Orientadora: <strong>Profa. Dra. Jacqueline de Almeida Gon\u00e7alves Sachett.<\/strong><\/p>\n\n\n\n<p><strong>Membros Titulares:<\/strong><\/p>\n\n\n\n<p>Profa. Dra. Jacqueline de Almeida Gon\u00e7alves Sachett (FUHAM); <br>Profa. Dra. Silmara Navarro Pennini (FUHAM);<br>Prof. Dr. Jos\u00e9 Nilson Ara\u00fajo Bezerra (UEA).<\/p>\n\n\n\n<p><strong>Membros Suplentes:<\/strong><\/p>\n\n\n\n<p>Profa. Dra. Cynthia de Oliveria Ferreira (FUHAM);<br>Prof. Dr. H\u00e9lio Amante Miot (Pesquisador Visitante FUHAM).<\/p>\n\n\n\n<p><strong>Data\/Hora:<\/strong> sexta-feira, 01 de agosto de 2025, \u00e0s 09:00 horas.<\/p>\n\n\n\n<p><strong>Local:<\/strong> Google Meet &#8211; <a href=\"https:\/\/meet.google.com\/jwf-yckg-twb\">https:\/\/meet.google.com\/jwf-yckg-twb<\/a><\/p>\n","protected":false},"excerpt":{"rendered":"<p>A Coordena\u00e7\u00e3o do Programa de P\u00f3s-gradua\u00e7\u00e3o em ci\u00eancias aplicadas \u00e0 dermatologia da Universidade do Estado do Amazonas, em conv\u00eanio com a Funda\u00e7\u00e3o Hospitalar Alfredo da Matta, tem a grata satisfa\u00e7\u00e3o de convid\u00e1-los (as) a prestigiarem a defesa de mestrado conforme informa\u00e7\u00f5es abaixo: T\u00edtulo: &#8220;Avalia\u00e7\u00e3o termogr\u00e1fica de \u00falceras plantares decorrentes da hansen\u00edase&#8221;. Mestranda: Amanda Gabrielle dos [&hellip;]<\/p>\n","protected":false},"author":2,"featured_media":3607,"comment_status":"closed","ping_status":"open","sticky":false,"template":"","format":"standard","meta":{"footnotes":""},"categories":[51,1],"tags":[],"class_list":["post-3604","post","type-post","status-publish","format-standard","has-post-thumbnail","hentry","category-defesa","category-pesquisa"],"blocksy_meta":[],"aioseo_notices":[],"_links":{"self":[{"href":"http:\/\/posgraduacao.uea.edu.br\/dermatologia\/index.php?rest_route=\/wp\/v2\/posts\/3604","targetHints":{"allow":["GET"]}}],"collection":[{"href":"http:\/\/posgraduacao.uea.edu.br\/dermatologia\/index.php?rest_route=\/wp\/v2\/posts"}],"about":[{"href":"http:\/\/posgraduacao.uea.edu.br\/dermatologia\/index.php?rest_route=\/wp\/v2\/types\/post"}],"author":[{"embeddable":true,"href":"http:\/\/posgraduacao.uea.edu.br\/dermatologia\/index.php?rest_route=\/wp\/v2\/users\/2"}],"replies":[{"embeddable":true,"href":"http:\/\/posgraduacao.uea.edu.br\/dermatologia\/index.php?rest_route=%2Fwp%2Fv2%2Fcomments&post=3604"}],"version-history":[{"count":2,"href":"http:\/\/posgraduacao.uea.edu.br\/dermatologia\/index.php?rest_route=\/wp\/v2\/posts\/3604\/revisions"}],"predecessor-version":[{"id":3608,"href":"http:\/\/posgraduacao.uea.edu.br\/dermatologia\/index.php?rest_route=\/wp\/v2\/posts\/3604\/revisions\/3608"}],"wp:featuredmedia":[{"embeddable":true,"href":"http:\/\/posgraduacao.uea.edu.br\/dermatologia\/index.php?rest_route=\/wp\/v2\/media\/3607"}],"wp:attachment":[{"href":"http:\/\/posgraduacao.uea.edu.br\/dermatologia\/index.php?rest_route=%2Fwp%2Fv2%2Fmedia&parent=3604"}],"wp:term":[{"taxonomy":"category","embeddable":true,"href":"http:\/\/posgraduacao.uea.edu.br\/dermatologia\/index.php?rest_route=%2Fwp%2Fv2%2Fcategories&post=3604"},{"taxonomy":"post_tag","embeddable":true,"href":"http:\/\/posgraduacao.uea.edu.br\/dermatologia\/index.php?rest_route=%2Fwp%2Fv2%2Ftags&post=3604"}],"curies":[{"name":"wp","href":"https:\/\/api.w.org\/{rel}","templated":true}]}}