{"id":3613,"date":"2025-07-29T14:50:30","date_gmt":"2025-07-29T18:50:30","guid":{"rendered":"http:\/\/posgraduacao.uea.edu.br\/dermatologia\/?p=3613"},"modified":"2026-02-12T11:31:32","modified_gmt":"2026-02-12T15:31:32","slug":"discentes-egressos-e-docentes-do-ppgcad-participam-de-evento-estadual-sobre-hanseniase-promovido-pela-fuham","status":"publish","type":"post","link":"http:\/\/posgraduacao.uea.edu.br\/dermatologia\/?p=3613","title":{"rendered":"Discentes, egressos e docentes do PPGCAD participam de evento estadual sobre hansen\u00edase promovido pela FUHAM"},"content":{"rendered":"\n<div class=\"wp-block-stackable-image stk-block-image stk-block stk-6e2b1bb\" data-block-id=\"6e2b1bb\"><figure><span class=\"stk-img-wrapper stk-image--shape-stretch\"><img loading=\"lazy\" decoding=\"async\" class=\"stk-img wp-image-3612\" src=\"http:\/\/posgraduacao.uea.edu.br\/dermatologia\/wp-content\/uploads\/2025\/07\/logo.png\" width=\"800\" height=\"600\" srcset=\"http:\/\/posgraduacao.uea.edu.br\/dermatologia\/wp-content\/uploads\/2025\/07\/logo.png 800w, http:\/\/posgraduacao.uea.edu.br\/dermatologia\/wp-content\/uploads\/2025\/07\/logo-300x225.png 300w, http:\/\/posgraduacao.uea.edu.br\/dermatologia\/wp-content\/uploads\/2025\/07\/logo-768x576.png 768w\" sizes=\"auto, (max-width: 800px) 100vw, 800px\" \/><\/span><\/figure><\/div>\n\n\n\n<p>Entre os dias 21 e 25 de julho, a Secretaria de Estado de Sa\u00fade do Amazonas (SES-AM), por meio da Funda\u00e7\u00e3o Hospitalar Alfredo da Matta (FUHAM), realizou o Encontro Estadual de Avalia\u00e7\u00e3o do Programa de Hansen\u00edase e Capacita\u00e7\u00e3o dos Profissionais. O evento, realizado no Audit\u00f3rio Senador Jo\u00e3o Bosco na Assembleia Legislativa do Estado do Amazonas em Manaus, reuniu profissionais da sa\u00fade, gestores municipais e pesquisadores para discutir avan\u00e7os, desafios e estrat\u00e9gias no enfrentamento da hansen\u00edase no estado. O Programa de P\u00f3s-Gradua\u00e7\u00e3o em Ci\u00eancias Aplicadas \u00e0 Dermatologia (PPGCAD) esteve presente com discentes, egressos e docentes que contribu\u00edram ativamente com experi\u00eancias, saberes e reflex\u00f5es qualificadas, fortalecendo os debates e ampliando as conex\u00f5es entre pesquisa acad\u00eamica e pr\u00e1tica em sa\u00fade p\u00fablica.<\/p>\n\n\n\n<p><strong>Participa\u00e7\u00e3o do PPGCAD<\/strong><\/p>\n\n\n\n<p>Os representantes do PPGCAD acompanharam ativamente a programa\u00e7\u00e3o do evento e participaram das rodas de conversa, mesas t\u00e9cnicas e discuss\u00f5es com gestores e profissionais de diversas regi\u00f5es do estado. A presen\u00e7a do programa no encontro refor\u00e7ou a import\u00e2ncia do di\u00e1logo entre ensino, pesquisa e servi\u00e7o, al\u00e9m de estreitar parcerias com as equipes envolvidas no combate \u00e0 hansen\u00edase.<\/p>\n\n\n\n<div class=\"wp-block-stackable-columns stk-block-columns stk-block stk-2c1c205\" data-block-id=\"2c1c205\"><style>.stk-2c1c205 {margin-bottom:8px !important;}<\/style><div class=\"stk-row stk-inner-blocks stk-block-content stk-content-align stk-2c1c205-column\">\n<div class=\"wp-block-stackable-column stk-block-column stk-column stk-block stk-05db45c\" data-v=\"4\" data-block-id=\"05db45c\"><div class=\"stk-column-wrapper stk-block-column__content stk-container stk-05db45c-container stk--no-background stk--no-padding\"><div class=\"stk-block-content stk-inner-blocks stk-05db45c-inner-blocks\">\n<div class=\"wp-block-stackable-image stk-block-image stk-block stk-da1a964\" data-block-id=\"da1a964\"><style>.stk-da1a964 .stk-img-wrapper{width:100% !important;height:460px !important;}<\/style><figure><span class=\"stk-img-wrapper stk-image--shape-stretch\"><img loading=\"lazy\" decoding=\"async\" class=\"stk-img wp-image-3611\" src=\"http:\/\/posgraduacao.uea.edu.br\/dermatologia\/wp-content\/uploads\/2025\/07\/Dra.-Valderiza-e-Dr.-Chirano.jpg\" width=\"900\" height=\"1600\" srcset=\"http:\/\/posgraduacao.uea.edu.br\/dermatologia\/wp-content\/uploads\/2025\/07\/Dra.-Valderiza-e-Dr.-Chirano.jpg 900w, http:\/\/posgraduacao.uea.edu.br\/dermatologia\/wp-content\/uploads\/2025\/07\/Dra.-Valderiza-e-Dr.-Chirano-169x300.jpg 169w, http:\/\/posgraduacao.uea.edu.br\/dermatologia\/wp-content\/uploads\/2025\/07\/Dra.-Valderiza-e-Dr.-Chirano-576x1024.jpg 576w, http:\/\/posgraduacao.uea.edu.br\/dermatologia\/wp-content\/uploads\/2025\/07\/Dra.-Valderiza-e-Dr.-Chirano-768x1365.jpg 768w, http:\/\/posgraduacao.uea.edu.br\/dermatologia\/wp-content\/uploads\/2025\/07\/Dra.-Valderiza-e-Dr.-Chirano-864x1536.jpg 864w\" sizes=\"auto, (max-width: 900px) 100vw, 900px\" \/><\/span><\/figure><\/div>\n<\/div><\/div><\/div>\n\n\n\n<div class=\"wp-block-stackable-column stk-block-column stk-column stk-block stk-27edca1\" data-v=\"4\" data-block-id=\"27edca1\"><div class=\"stk-column-wrapper stk-block-column__content stk-container stk-27edca1-container stk--no-background stk--no-padding\"><div class=\"stk-block-content stk-inner-blocks stk-27edca1-inner-blocks\">\n<p>Os representantes do PPGCAD acompanharam ativamente a programa\u00e7\u00e3o do evento e participaram das rodas de conversa, mesas t\u00e9cnicas e discuss\u00f5es com gestores e profissionais de diversas regi\u00f5es do estado. A presen\u00e7a do programa no encontro refor\u00e7ou a import\u00e2ncia do di\u00e1logo entre ensino, pesquisa e servi\u00e7o, al\u00e9m de estreitar parcerias com as equipes envolvidas no combate \u00e0 hansen\u00edase.<br><br>Al\u00e9m de suas atividades no \u00e2mbito acad\u00eamico, os docentes do PPGCAD, como o prof. Dr. Sin\u00e9sio Talhari, e as profas. dras. Valderiza Pedrosa e Silmara Pennini, tamb\u00e9m integram as equipes t\u00e9cnicas da FUHAM, atuando diretamente nas a\u00e7\u00f5es de vigil\u00e2ncia, diagn\u00f3stico, assist\u00eancia e formula\u00e7\u00e3o de estrat\u00e9gias para o controle da hansen\u00edase no estado.<\/p>\n<\/div><\/div><\/div>\n<\/div><\/div>\n\n\n\n<p><strong>Destaques da Programa\u00e7\u00e3o<\/strong><\/p>\n\n\n\n<p>A programa\u00e7\u00e3o do evento contou com palestras e oficinas conduzidas por especialistas, abordando temas centrais para a qualifica\u00e7\u00e3o da rede de aten\u00e7\u00e3o. Entre os destaques estiveram:<\/p>\n\n\n\n<ul class=\"wp-block-list\">\n<li>Hist\u00f3ria da Hansen\u00edase no Amazonas \u2013 Prof. Dr. Sin\u00e9sio Talhari (professor permanente do PPGCAD);<\/li>\n\n\n\n<li>Diagn\u00f3stico Diferencial \u2013 Profa. Dra. Silmara Pennini (professora permanete do PPGCAD);<\/li>\n\n\n\n<li>Baciloscopia em Hansen\u00edase \u2013 Dr. Jorge Ewerton (Egresso do PPGCAD);<\/li>\n\n\n\n<li>Atendimento da Enfermagem no Cuidado da Hansen\u00edase \u2013 Enfa. Raquel Serique e Enfa. Amanda Gabrielle (discentes do PPGCAD);<\/li>\n\n\n\n<li>Avalia\u00e7\u00e3o de Incapacidades (OMP) \u2013 MSc Alexandra Costa e Fisiot. Jaqueline Mendes (Egresso e discente do PPGCAD);<\/li>\n\n\n\n<li>Hansen\u00edase na Popula\u00e7\u00e3o Geral e Ind\u00edgena \u2013 Profa. Dra. Valderiza Pedrosa (Professora permanente);<\/li>\n\n\n\n<li>Caracteriza\u00e7\u00e3o das Incapacidades F\u00edsicas e Desafios e Perspectivas com Abordagens Integradas \u2013 Dra. Valderiza Pedrosa.<\/li>\n<\/ul>\n\n\n\n<p>Outros temas abordados inclu\u00edram fluxos de vigil\u00e2ncia, resist\u00eancia medicamentosa, uso de testes r\u00e1pidos, telessa\u00fade e apresenta\u00e7\u00f5es de experi\u00eancias bem-sucedidas nos munic\u00edpios.<\/p>\n\n\n\n<p><strong>Depoimentos e Experi\u00eancias<\/strong><\/p>\n\n\n\n<p>Discentes e egressos do PPGCAD relataram a relev\u00e2ncia da viv\u00eancia:<\/p>\n\n\n\n<div class=\"wp-block-stackable-columns stk-block-columns stk-block stk-201a5fe\" data-block-id=\"201a5fe\"><style>.stk-201a5fe {margin-bottom:0px !important;}<\/style><div class=\"stk-row stk-inner-blocks stk-block-content stk-content-align stk-201a5fe-column\">\n<div class=\"wp-block-stackable-column stk-block-column stk-column stk-block stk-94422c3\" data-v=\"4\" data-block-id=\"94422c3\"><style>@media screen and (min-width:690px){.stk-94422c3 {flex:var(--stk-flex-grow, 1) 1 calc(56.79999999999998% - var(--stk-column-gap, 0px) * 1 \/ 2 ) !important;}}<\/style><div class=\"stk-column-wrapper stk-block-column__content stk-container stk-94422c3-container stk--no-background stk--no-padding\"><div class=\"stk-block-content stk-inner-blocks stk-94422c3-inner-blocks\">\n<div class=\"wp-block-stackable-image stk-block-image stk-block stk-ed34c5a\" data-block-id=\"ed34c5a\"><style>.stk-ed34c5a .stk-img-wrapper{width:100% !important;height:450px !important;}<\/style><figure><span class=\"stk-img-wrapper stk-image--shape-stretch\"><img loading=\"lazy\" decoding=\"async\" class=\"stk-img wp-image-3610\" src=\"http:\/\/posgraduacao.uea.edu.br\/dermatologia\/wp-content\/uploads\/2025\/07\/Amanda-e-Raquel.jpeg\" width=\"789\" height=\"1052\" srcset=\"http:\/\/posgraduacao.uea.edu.br\/dermatologia\/wp-content\/uploads\/2025\/07\/Amanda-e-Raquel.jpeg 789w, http:\/\/posgraduacao.uea.edu.br\/dermatologia\/wp-content\/uploads\/2025\/07\/Amanda-e-Raquel-225x300.jpeg 225w, http:\/\/posgraduacao.uea.edu.br\/dermatologia\/wp-content\/uploads\/2025\/07\/Amanda-e-Raquel-768x1024.jpeg 768w\" sizes=\"auto, (max-width: 789px) 100vw, 789px\" \/><\/span><\/figure><\/div>\n<\/div><\/div><\/div>\n\n\n\n<div class=\"wp-block-stackable-column stk-block-column stk-column stk-block stk-1204bb0\" data-v=\"4\" data-block-id=\"1204bb0\"><style>@media screen and (min-width:690px){.stk-1204bb0 {flex:var(--stk-flex-grow, 1) 1 calc(43.2% - var(--stk-column-gap, 0px) * 1 \/ 2 ) !important;}}<\/style><div class=\"stk-column-wrapper stk-block-column__content stk-container stk-1204bb0-container stk--no-background stk--no-padding\"><div class=\"stk-block-content stk-inner-blocks stk-1204bb0-inner-blocks\">\n<p>&gt;<em> \u201cInseridas no contexto do mestrado, como enfermeiras que atuam na linha de pesquisa da hansen\u00edase, foi enriquecedor fazer parte desse Encontro Estadual de Avalia\u00e7\u00e3o do Programa de Hansen\u00edase e Capacita\u00e7\u00e3o dos Profissionais, onde pudemos compartilhar nossos conhecimentos com especialistas da \u00e1rea. Palestrar diante de uma audi\u00eancia qualificada nos desafiou a aprimorar nossa capacidade de transmitir ideias de maneira clara e envolvente. Al\u00e9m disso, a troca de conhecimentos e experi\u00eancias com outros profissionais da \u00e1rea ampliou nossa vis\u00e3o sobre o campo de estudo, enriquecendo nossa trajet\u00f3ria acad\u00eamica.\u201d<\/em> \u2014 Amanda Cordeiro e Raquel Serique, mestrandas do PPGCAD.<\/p>\n<\/div><\/div><\/div>\n<\/div><\/div>\n\n\n\n<p>&gt; <em>\u201cTivemos a honra de participar, como palestrantes, no Encontro Estadual de Avalia\u00e7\u00e3o do Programa de Hansen\u00edase e Capacita\u00e7\u00e3o dos Profissionais, realizado na Assembleia Legislativa. Receber esse convite foi motivo de grande satisfa\u00e7\u00e3o e responsabilidade. Compartilhar nossas experi\u00eancias com os profissionais da rede municipal, oriundos de diversos munic\u00edpios do Amazonas, foi uma oportunidade valiosa de contribuir para o fortalecimento da assist\u00eancia, promovendo um diagn\u00f3stico mais preciso e um cuidado mais qualificado \u00e0s pessoas acometidas pela hansen\u00edase. Agradecemos \u00e0 organiza\u00e7\u00e3o do evento pela confian\u00e7a e pela oportunidade de fazer parte dessa importante iniciativa em prol da sa\u00fade p\u00fablica no estado do Amazonas\u201d<\/em> \u2014 Alexandra Costa, egresso do PPGCAD, e Jaqueline Mendes, mestranda do PPGCAD.<\/p>\n\n\n\n<div class=\"wp-block-stackable-image stk-block-image stk-block stk-8199019\" data-block-id=\"8199019\"><figure><span class=\"stk-img-wrapper stk-image--shape-stretch\"><img loading=\"lazy\" decoding=\"async\" class=\"stk-img wp-image-3609\" src=\"http:\/\/posgraduacao.uea.edu.br\/dermatologia\/wp-content\/uploads\/2025\/07\/Alexandra-e-Jaqueline.jpeg\" width=\"1600\" height=\"912\" srcset=\"http:\/\/posgraduacao.uea.edu.br\/dermatologia\/wp-content\/uploads\/2025\/07\/Alexandra-e-Jaqueline.jpeg 1600w, http:\/\/posgraduacao.uea.edu.br\/dermatologia\/wp-content\/uploads\/2025\/07\/Alexandra-e-Jaqueline-300x171.jpeg 300w, http:\/\/posgraduacao.uea.edu.br\/dermatologia\/wp-content\/uploads\/2025\/07\/Alexandra-e-Jaqueline-1024x584.jpeg 1024w, http:\/\/posgraduacao.uea.edu.br\/dermatologia\/wp-content\/uploads\/2025\/07\/Alexandra-e-Jaqueline-768x438.jpeg 768w, http:\/\/posgraduacao.uea.edu.br\/dermatologia\/wp-content\/uploads\/2025\/07\/Alexandra-e-Jaqueline-1536x876.jpeg 1536w\" sizes=\"auto, (max-width: 1600px) 100vw, 1600px\" \/><\/span><\/figure><\/div>\n\n\n\n<p>A participa\u00e7\u00e3o do PPGCAD fortalece a integra\u00e7\u00e3o entre ci\u00eancia, forma\u00e7\u00e3o acad\u00eamica e gest\u00e3o em sa\u00fade p\u00fablica, contribuindo diretamente para o desenvolvimento de solu\u00e7\u00f5es para os desafios da regi\u00e3o amaz\u00f4nica.<\/p>\n\n\n\n<p>Confira a not\u00edcia sobre este evento no <a href=\"https:\/\/www.fuham.am.gov.br\/fuham-reune-gestores-dos-municipios-para-avaliacao-do-trabalho-de-combate-a-hanseniase-no-estado\/\">site da FUHAM<\/a>.<\/p>\n\n\n\n<p><em>Cr\u00e9ditos das imagens: egressos e discentes do PPGCAD e ASSCOM FUHAM.<\/em><\/p>\n","protected":false},"excerpt":{"rendered":"<p>Representantes do Programa de P\u00f3s-Gradua\u00e7\u00e3o em Ci\u00eancias Aplicadas \u00e0 Dermatologia contribu\u00edram com experi\u00eancias acad\u00eamicas e profissionais durante o Encontro Estadual de Avalia\u00e7\u00e3o do Programa de Hansen\u00edase, realizado de 21 a 25 de julho, em Manaus.<\/p>\n","protected":false},"author":2,"featured_media":3612,"comment_status":"closed","ping_status":"open","sticky":false,"template":"","format":"standard","meta":{"footnotes":""},"categories":[40,32,1],"tags":[],"class_list":["post-3613","post","type-post","status-publish","format-standard","has-post-thumbnail","hentry","category-acoes-de-extensao","category-depoimentos","category-pesquisa"],"blocksy_meta":[],"aioseo_notices":[],"_links":{"self":[{"href":"http:\/\/posgraduacao.uea.edu.br\/dermatologia\/index.php?rest_route=\/wp\/v2\/posts\/3613","targetHints":{"allow":["GET"]}}],"collection":[{"href":"http:\/\/posgraduacao.uea.edu.br\/dermatologia\/index.php?rest_route=\/wp\/v2\/posts"}],"about":[{"href":"http:\/\/posgraduacao.uea.edu.br\/dermatologia\/index.php?rest_route=\/wp\/v2\/types\/post"}],"author":[{"embeddable":true,"href":"http:\/\/posgraduacao.uea.edu.br\/dermatologia\/index.php?rest_route=\/wp\/v2\/users\/2"}],"replies":[{"embeddable":true,"href":"http:\/\/posgraduacao.uea.edu.br\/dermatologia\/index.php?rest_route=%2Fwp%2Fv2%2Fcomments&post=3613"}],"version-history":[{"count":1,"href":"http:\/\/posgraduacao.uea.edu.br\/dermatologia\/index.php?rest_route=\/wp\/v2\/posts\/3613\/revisions"}],"predecessor-version":[{"id":3614,"href":"http:\/\/posgraduacao.uea.edu.br\/dermatologia\/index.php?rest_route=\/wp\/v2\/posts\/3613\/revisions\/3614"}],"wp:featuredmedia":[{"embeddable":true,"href":"http:\/\/posgraduacao.uea.edu.br\/dermatologia\/index.php?rest_route=\/wp\/v2\/media\/3612"}],"wp:attachment":[{"href":"http:\/\/posgraduacao.uea.edu.br\/dermatologia\/index.php?rest_route=%2Fwp%2Fv2%2Fmedia&parent=3613"}],"wp:term":[{"taxonomy":"category","embeddable":true,"href":"http:\/\/posgraduacao.uea.edu.br\/dermatologia\/index.php?rest_route=%2Fwp%2Fv2%2Fcategories&post=3613"},{"taxonomy":"post_tag","embeddable":true,"href":"http:\/\/posgraduacao.uea.edu.br\/dermatologia\/index.php?rest_route=%2Fwp%2Fv2%2Ftags&post=3613"}],"curies":[{"name":"wp","href":"https:\/\/api.w.org\/{rel}","templated":true}]}}