{"id":3622,"date":"2025-07-31T08:47:32","date_gmt":"2025-07-31T12:47:32","guid":{"rendered":"http:\/\/posgraduacao.uea.edu.br\/dermatologia\/?p=3622"},"modified":"2026-02-12T11:31:32","modified_gmt":"2026-02-12T15:31:32","slug":"fuham-inicia-inscricoes-para-simposio-sobre-hanseniase-doencas-dermatologicas-negligenciadas-e-ists-no-amazonas","status":"publish","type":"post","link":"http:\/\/posgraduacao.uea.edu.br\/dermatologia\/?p=3622","title":{"rendered":"Fuham inicia inscri\u00e7\u00f5es para simp\u00f3sio sobre hansen\u00edase, Doen\u00e7as Dermatol\u00f3gicas Negligenciadas e ISTs no Amazonas"},"content":{"rendered":"\n<div class=\"wp-block-stackable-image stk-block-image stk-block stk-863c4ad\" data-block-id=\"863c4ad\"><figure><span class=\"stk-img-wrapper stk-image--shape-stretch\"><img loading=\"lazy\" decoding=\"async\" class=\"stk-img wp-image-3621\" src=\"http:\/\/posgraduacao.uea.edu.br\/dermatologia\/wp-content\/uploads\/2025\/07\/Simposio-pira-800x600-1.png\" width=\"800\" height=\"600\" srcset=\"http:\/\/posgraduacao.uea.edu.br\/dermatologia\/wp-content\/uploads\/2025\/07\/Simposio-pira-800x600-1.png 800w, http:\/\/posgraduacao.uea.edu.br\/dermatologia\/wp-content\/uploads\/2025\/07\/Simposio-pira-800x600-1-300x225.png 300w, http:\/\/posgraduacao.uea.edu.br\/dermatologia\/wp-content\/uploads\/2025\/07\/Simposio-pira-800x600-1-768x576.png 768w\" sizes=\"auto, (max-width: 800px) 100vw, 800px\" \/><\/span><\/figure><\/div>\n\n\n\n<div class=\"wp-block-stackable-text stk-block-text stk-block stk-696ac53\" data-block-id=\"696ac53\"><p class=\"stk-block-text__text\">A Funda\u00e7\u00e3o Hospitalar Alfredo da Matta (Fuham) abriu inscri\u00e7\u00f5es para o Simp\u00f3sio Pi\u2019ra 2025: Panorama e Desafios sobre Hansen\u00edase, Doen\u00e7as Dermatol\u00f3gicas Negligenciadas e Infec\u00e7\u00f5es Sexualmente Transmiss\u00edveis no Amazonas, que acontece nos dias 28 e 29 de agosto no Audit\u00f3rio da Escola Superior de Ci\u00eancias da Sa\u00fade da Universidade do Estado do Amazonas (ESA\/UEA), localizada no bairro da Cachoeirinha, zona Sul de Manaus.<\/p><\/div>\n\n\n\n<p>Os interessados j\u00e1 podem acessar o site https:\/\/www.piraamazonasfuham.com.br\/ para inscri\u00e7\u00f5es e todas as informa\u00e7\u00f5es relacionadas a este evento cient\u00edfico que faz parte da programa\u00e7\u00e3o dos 70 anos da Fuham.<\/p>\n\n\n\n<p>O Pi\u2019ra 2025 tem como objetivo apresentar um panorama e desafios relacionados \u00e0 hansen\u00edase, ISTs e doen\u00e7as dermatol\u00f3gicas negligenciadas no Estado do Amazonas, \u00e1reas em que a Fuham possui largo conhecimento cient\u00edfico, acumulado ao longo desses anos de atua\u00e7\u00e3o.<\/p>\n\n\n\n<p>Na programa\u00e7\u00e3o do Simp\u00f3sio, os participantes ter\u00e3o oportunidade de assistir a palestras com profissionais de renome no cen\u00e1rio nacional e internacional, abordando desde o panorama global da hansen\u00edase, a situa\u00e7\u00e3o desta endemia na Amaz\u00f4nia Legal e os desafios envolvendo a resist\u00eancia medicamentosa; al\u00e9m de temas importantes envolvendo c\u00e2ncer de pele, leishmaniose, esporotricose, Infec\u00e7\u00f5es Sexualmente Transmiss\u00edveis e o Programa Dermato Sa\u00fade Amazonas, experi\u00eancia de sucesso executada pelo Fuham em todo Estado.<\/p>\n\n\n\n<p>A programa\u00e7\u00e3o completa, com os temas e palestrantes, est\u00e1 dispon\u00edvel no site do evento, na sess\u00e3o \u201cPrograma\u00e7\u00e3o\u201d.<\/p>\n\n\n\n<p><strong>Inscri\u00e7\u00f5es<\/strong><\/p>\n\n\n\n<p>Para os interessados, as inscri\u00e7\u00f5es devem ser realizadas exclusivamente acessando o site do evento: https:\/\/www.piraamazonasfuham.com.br\/, com valores de R$ 50,00 para profissionais e R$ 25,00 para estudantes de gradua\u00e7\u00e3o, p\u00f3s-gradua\u00e7\u00e3o e residentes (que devem apresentar comprovante, conforme instru\u00e7\u00f5es no site).<\/p>\n\n\n\n<p>Servidores, colaboradores, estagi\u00e1rios, bolsistas e volunt\u00e1rios da Fuham s\u00e3o isentos do valor de inscri\u00e7\u00e3o (mediante comprova\u00e7\u00e3o de v\u00ednculo), mas tamb\u00e9m precisam efetiv\u00e1-la pelo site.<\/p>\n\n\n\n<p><strong>Submiss\u00e3o de trabalhos<\/strong><\/p>\n\n\n\n<p>O Simp\u00f3sio ter\u00e1 uma sess\u00e3o dedicada \u00e0 apresenta\u00e7\u00e3o de trabalhos cient\u00edficos. Os interessados podem submet\u00ea-los at\u00e9 o dia 15\/08, seguindo as orienta\u00e7\u00f5es que constam no site, sess\u00e3o \u201cTrabalhos\u201d. Para isso, devem encaminhar resumo e o trabalho, de acordo com modelo e instru\u00e7\u00f5es dispon\u00edveis no site.<\/p>\n\n\n\n<p>Os selecionados ser\u00e3o apresentados aos participantes do Simp\u00f3sio, no formato \u201ce-Poster\u201d, al\u00e9m de serem automaticamente aprovados para serrem publicados na revista cient\u00edfica da UEA, Ci\u00eancias da Sa\u00fade da Amaz\u00f4nia, a qual tem como objetivo divulgar artigos cient\u00edficos que contribuam para o conhecimento acad\u00eamico e profissional das \u00e1reas das ci\u00eancias da sa\u00fade.<\/p>\n\n\n\n<p><strong>Mas afinal, por que Pi\u2019ra?<\/strong><\/p>\n\n\n\n<p>O nome escolhido para o Simp\u00f3sio Pi\u2019ra 2025, se deve ao significado desta palavra. Em l\u00edngua geral ind\u00edgena, Pi\u2019ra, significa \u201cpele\u201d, e nada melhor que esta denomina\u00e7\u00e3o para dar nome a um evento t\u00e3o importante para a institui\u00e7\u00e3o que h\u00e1 70 anos cuida da pele e da sa\u00fade dos amazonenses e brasileiros.<\/p>\n\n\n\n<p>Al\u00e9m deste significado, a fonte, ou seja, o tipo de letra escolhido para a logomarca oficial do evento, tamb\u00e9m tem uma liga\u00e7\u00e3o com a cultura ind\u00edgena do nosso pa\u00eds. Da fam\u00edlia Ufes Sans, a fonte foi criada por um projeto da Universidade Federal do Esp\u00edrito Santo (Ufes), que dentre v\u00e1rias a\u00e7\u00f5es, expandiu o suporte a algumas l\u00ednguas ind\u00edgenas brasileiras (Guarani, Maxakali, Patx\u00f4h\u00e3 e Tupi antigo), considerando desafios tipogr\u00e1ficos espec\u00edficos dessas l\u00ednguas.<\/p>\n\n\n\n<p>Em tipografia e design, \u201csuporte\u201d para fontes refere-se \u00e0 capacidade de uma fonte exibir de forma correta os caracteres e s\u00edmbolos necess\u00e1rios para um determinado idioma ou sistema de escrita. Isso inclui letras com acentos, caracteres especiais, s\u00edmbolos e outros que podem variar entre idiomas e regi\u00f5es. Deste modo, a Ufes Sans permite que seja escrito em meios digitais, palavras e express\u00f5es particulares de l\u00ednguas ind\u00edgenas.<\/p>\n\n\n\n<p><em>Cr\u00e9ditos de texto e imagem: ASSCOM FUHAM.<\/em><\/p>\n","protected":false},"excerpt":{"rendered":"<p>A Funda\u00e7\u00e3o Hospitalar Alfredo da Matta (Fuham) abriu inscri\u00e7\u00f5es para o Simp\u00f3sio Pi\u2019ra 2025: Panorama e Desafios sobre Hansen\u00edase, Doen\u00e7as Dermatol\u00f3gicas Negligenciadas e Infec\u00e7\u00f5es Sexualmente Transmiss\u00edveis no Amazonas, que acontece nos dias 28 e 29 de agosto no Audit\u00f3rio da Escola Superior de Ci\u00eancias da Sa\u00fade da Universidade do Estado do Amazonas (ESA\/UEA), localizada no [&hellip;]<\/p>\n","protected":false},"author":2,"featured_media":3621,"comment_status":"closed","ping_status":"open","sticky":false,"template":"","format":"standard","meta":{"footnotes":""},"categories":[29,1],"tags":[],"class_list":["post-3622","post","type-post","status-publish","format-standard","has-post-thumbnail","hentry","category-educacao","category-pesquisa"],"blocksy_meta":[],"aioseo_notices":[],"_links":{"self":[{"href":"http:\/\/posgraduacao.uea.edu.br\/dermatologia\/index.php?rest_route=\/wp\/v2\/posts\/3622","targetHints":{"allow":["GET"]}}],"collection":[{"href":"http:\/\/posgraduacao.uea.edu.br\/dermatologia\/index.php?rest_route=\/wp\/v2\/posts"}],"about":[{"href":"http:\/\/posgraduacao.uea.edu.br\/dermatologia\/index.php?rest_route=\/wp\/v2\/types\/post"}],"author":[{"embeddable":true,"href":"http:\/\/posgraduacao.uea.edu.br\/dermatologia\/index.php?rest_route=\/wp\/v2\/users\/2"}],"replies":[{"embeddable":true,"href":"http:\/\/posgraduacao.uea.edu.br\/dermatologia\/index.php?rest_route=%2Fwp%2Fv2%2Fcomments&post=3622"}],"version-history":[{"count":1,"href":"http:\/\/posgraduacao.uea.edu.br\/dermatologia\/index.php?rest_route=\/wp\/v2\/posts\/3622\/revisions"}],"predecessor-version":[{"id":3623,"href":"http:\/\/posgraduacao.uea.edu.br\/dermatologia\/index.php?rest_route=\/wp\/v2\/posts\/3622\/revisions\/3623"}],"wp:featuredmedia":[{"embeddable":true,"href":"http:\/\/posgraduacao.uea.edu.br\/dermatologia\/index.php?rest_route=\/wp\/v2\/media\/3621"}],"wp:attachment":[{"href":"http:\/\/posgraduacao.uea.edu.br\/dermatologia\/index.php?rest_route=%2Fwp%2Fv2%2Fmedia&parent=3622"}],"wp:term":[{"taxonomy":"category","embeddable":true,"href":"http:\/\/posgraduacao.uea.edu.br\/dermatologia\/index.php?rest_route=%2Fwp%2Fv2%2Fcategories&post=3622"},{"taxonomy":"post_tag","embeddable":true,"href":"http:\/\/posgraduacao.uea.edu.br\/dermatologia\/index.php?rest_route=%2Fwp%2Fv2%2Ftags&post=3622"}],"curies":[{"name":"wp","href":"https:\/\/api.w.org\/{rel}","templated":true}]}}