{"id":3628,"date":"2025-08-04T08:24:12","date_gmt":"2025-08-04T12:24:12","guid":{"rendered":"http:\/\/posgraduacao.uea.edu.br\/dermatologia\/?p=3628"},"modified":"2026-02-12T11:31:32","modified_gmt":"2026-02-12T15:31:32","slug":"mestrado-em-dermatologia-aprova-enfermeira-da-fuham","status":"publish","type":"post","link":"http:\/\/posgraduacao.uea.edu.br\/dermatologia\/?p=3628","title":{"rendered":"Mestrado em Dermatologia aprova enfermeira da FUHAM"},"content":{"rendered":"\n<div class=\"wp-block-stackable-image stk-block-image stk-block stk-5cee6bc\" data-block-id=\"5cee6bc\"><figure><span class=\"stk-img-wrapper stk-image--shape-stretch\"><img loading=\"lazy\" decoding=\"async\" class=\"stk-img wp-image-3627\" src=\"http:\/\/posgraduacao.uea.edu.br\/dermatologia\/wp-content\/uploads\/2025\/08\/WhatsApp-Image-2025-08-01-at-10.58.08-corte-1.jpeg\" width=\"800\" height=\"600\" srcset=\"http:\/\/posgraduacao.uea.edu.br\/dermatologia\/wp-content\/uploads\/2025\/08\/WhatsApp-Image-2025-08-01-at-10.58.08-corte-1.jpeg 800w, http:\/\/posgraduacao.uea.edu.br\/dermatologia\/wp-content\/uploads\/2025\/08\/WhatsApp-Image-2025-08-01-at-10.58.08-corte-1-300x225.jpeg 300w, http:\/\/posgraduacao.uea.edu.br\/dermatologia\/wp-content\/uploads\/2025\/08\/WhatsApp-Image-2025-08-01-at-10.58.08-corte-1-768x576.jpeg 768w\" sizes=\"auto, (max-width: 800px) 100vw, 800px\" \/><\/span><\/figure><\/div>\n\n\n\n<div class=\"wp-block-stackable-text stk-block-text stk-block stk-799e429\" data-block-id=\"799e429\"><style>.stk-799e429 {margin-bottom:15px !important;}<\/style><p class=\"stk-block-text__text\">Com o tema \u201cAvalia\u00e7\u00e3o Termogr\u00e1fica de \u00falceras plantares decorrentes da hansen\u00edase\u201d, a mestranda Amanda Gabrielle dos Santos Cordeiro, da turma 2022 do curso de mestrado do Programa de P\u00f3s-Gradua\u00e7\u00e3o em Ci\u00eancias Aplicadas \u00e0 Dermatologia da Universidade do Estado do Amazonas (PPGCAD-UEA) e Funda\u00e7\u00e3o Hospitalar Alfredo da Matta (Fuham) apresentou, na manh\u00e3 desta sexta-feira (01\/08), a defesa de sua disserta\u00e7\u00e3o para obten\u00e7\u00e3o do t\u00edtulo de mestre no Programa. A defesa ocorreu por meio de teleconfer\u00eancia.<\/p><\/div>\n\n\n\n<p>Segundo Amanda, que \u00e9 enfermeira de forma\u00e7\u00e3o, o objetivo do trabalho foi avaliar a imagem termogr\u00e1fica das \u00falceras plantares decorrentes da hansen\u00edase. Al\u00e9m disso, a mestranda tamb\u00e9m teve como objetivos espec\u00edficos, descrever o perfil cl\u00ednico-epidemiol\u00f3gico dos pacientes com \u00falceras plantares, avaliar termograficamente as \u00falceras plantares desse grupo de pessoas e propor um protocolo sobre uso da termografia na avalia\u00e7\u00e3o das \u00falceras plantares decorrentes da hansen\u00edase. O estudo de pacientes foi realizado na Fuham.<\/p>\n\n\n\n<p>Para a mestranda, o uso da termografia cl\u00ednica seria uma valiosa contribui\u00e7\u00e3o para a avalia\u00e7\u00e3o das \u00falceras plantares, dentre v\u00e1rios fatores, por ser um exame n\u00e3o invasivo e n\u00e3o subjetivo. \u201c\u00c9 um exame n\u00e3o invasivo e n\u00e3o subjetivo como ferramenta de avalia\u00e7\u00e3o da atividade neurol\u00f3gica baseada em imagens t\u00e9rmicas, servindo como base de an\u00e1lise fisiol\u00f3gica ou patol\u00f3gica da temperatura corporal em \u00e1reas de comprometimento neural. Um plano para uma avalia\u00e7\u00e3o padronizada, planejamento de cuidados baseado em evid\u00eancia e sem procedimentos invasivos s\u00e3o benef\u00edcios que a termografia pode contribuir na dermatologia\u201d, explica em suas justificativas.<\/p>\n\n\n\n<p>Ao final das considera\u00e7\u00f5es e sugest\u00f5es apresentadas pela banca avaliadora, a mestranda foi aprovada, recebendo o t\u00edtulo de mestra.<\/p>\n\n\n\n<p>A banca foi composta pela orientadora professora doutora Jacqueline de Almeida Gon\u00e7alves Sachett, al\u00e9m da professora doutora Silmara Nacarro Pennini (Fuham) e professor doutor Jos\u00e9 Nilson Ara\u00fajo Bezerra (UEA).<\/p>\n\n\n\n<p>Parab\u00e9ns \u00e0 nova mestre!<br><br><em>Cr\u00e9ditos de texto: ASSCOM FUHAM.<\/em><\/p>\n","protected":false},"excerpt":{"rendered":"<p>Com o tema \u201cAvalia\u00e7\u00e3o Termogr\u00e1fica de \u00falceras plantares decorrentes da hansen\u00edase\u201d, a mestranda Amanda Gabrielle dos Santos Cordeiro, da turma 2022 do curso de mestrado do Programa de P\u00f3s-Gradua\u00e7\u00e3o em Ci\u00eancias Aplicadas \u00e0 Dermatologia da Universidade do Estado do Amazonas (PPGCAD-UEA) e Funda\u00e7\u00e3o Hospitalar Alfredo da Matta (Fuham) apresentou, na manh\u00e3 desta sexta-feira (01\/08), a [&hellip;]<\/p>\n","protected":false},"author":2,"featured_media":3627,"comment_status":"closed","ping_status":"open","sticky":false,"template":"","format":"standard","meta":{"footnotes":""},"categories":[51,52],"tags":[],"class_list":["post-3628","post","type-post","status-publish","format-standard","has-post-thumbnail","hentry","category-defesa","category-institucional"],"blocksy_meta":[],"aioseo_notices":[],"_links":{"self":[{"href":"http:\/\/posgraduacao.uea.edu.br\/dermatologia\/index.php?rest_route=\/wp\/v2\/posts\/3628","targetHints":{"allow":["GET"]}}],"collection":[{"href":"http:\/\/posgraduacao.uea.edu.br\/dermatologia\/index.php?rest_route=\/wp\/v2\/posts"}],"about":[{"href":"http:\/\/posgraduacao.uea.edu.br\/dermatologia\/index.php?rest_route=\/wp\/v2\/types\/post"}],"author":[{"embeddable":true,"href":"http:\/\/posgraduacao.uea.edu.br\/dermatologia\/index.php?rest_route=\/wp\/v2\/users\/2"}],"replies":[{"embeddable":true,"href":"http:\/\/posgraduacao.uea.edu.br\/dermatologia\/index.php?rest_route=%2Fwp%2Fv2%2Fcomments&post=3628"}],"version-history":[{"count":1,"href":"http:\/\/posgraduacao.uea.edu.br\/dermatologia\/index.php?rest_route=\/wp\/v2\/posts\/3628\/revisions"}],"predecessor-version":[{"id":3629,"href":"http:\/\/posgraduacao.uea.edu.br\/dermatologia\/index.php?rest_route=\/wp\/v2\/posts\/3628\/revisions\/3629"}],"wp:featuredmedia":[{"embeddable":true,"href":"http:\/\/posgraduacao.uea.edu.br\/dermatologia\/index.php?rest_route=\/wp\/v2\/media\/3627"}],"wp:attachment":[{"href":"http:\/\/posgraduacao.uea.edu.br\/dermatologia\/index.php?rest_route=%2Fwp%2Fv2%2Fmedia&parent=3628"}],"wp:term":[{"taxonomy":"category","embeddable":true,"href":"http:\/\/posgraduacao.uea.edu.br\/dermatologia\/index.php?rest_route=%2Fwp%2Fv2%2Fcategories&post=3628"},{"taxonomy":"post_tag","embeddable":true,"href":"http:\/\/posgraduacao.uea.edu.br\/dermatologia\/index.php?rest_route=%2Fwp%2Fv2%2Ftags&post=3628"}],"curies":[{"name":"wp","href":"https:\/\/api.w.org\/{rel}","templated":true}]}}