{"id":3633,"date":"2025-08-04T15:33:51","date_gmt":"2025-08-04T19:33:51","guid":{"rendered":"http:\/\/posgraduacao.uea.edu.br\/dermatologia\/?p=3633"},"modified":"2026-02-12T11:31:32","modified_gmt":"2026-02-12T15:31:32","slug":"uea-convida-comunidade-academica-para-o-4o-enaepe-com-programacao-presencial-no-centro-de-convencoes-vasco-vasques","status":"publish","type":"post","link":"http:\/\/posgraduacao.uea.edu.br\/dermatologia\/?p=3633","title":{"rendered":"UEA convida comunidade acad\u00eamica para o 4\u00ba ENAEPE, com programa\u00e7\u00e3o presencial no Centro de Conven\u00e7\u00f5es Vasco Vasques"},"content":{"rendered":"\n<div class=\"wp-block-stackable-image stk-block-image stk-block stk-fa1ee84\" data-block-id=\"fa1ee84\"><figure><span class=\"stk-img-wrapper stk-image--shape-stretch\"><img loading=\"lazy\" decoding=\"async\" class=\"stk-img wp-image-3632\" src=\"http:\/\/posgraduacao.uea.edu.br\/dermatologia\/wp-content\/uploads\/2025\/08\/SITE-3-800x600-1.png\" width=\"800\" height=\"600\" srcset=\"http:\/\/posgraduacao.uea.edu.br\/dermatologia\/wp-content\/uploads\/2025\/08\/SITE-3-800x600-1.png 800w, http:\/\/posgraduacao.uea.edu.br\/dermatologia\/wp-content\/uploads\/2025\/08\/SITE-3-800x600-1-300x225.png 300w, http:\/\/posgraduacao.uea.edu.br\/dermatologia\/wp-content\/uploads\/2025\/08\/SITE-3-800x600-1-768x576.png 768w\" sizes=\"auto, (max-width: 800px) 100vw, 800px\" \/><\/span><\/figure><\/div>\n\n\n\n<div class=\"wp-block-stackable-text stk-block-text stk-block stk-eb1152c\" data-block-id=\"eb1152c\"><style>.stk-eb1152c {margin-bottom:14px !important;}<\/style><p class=\"stk-block-text__text\">A Universidade do Estado do Amazonas (UEA) realizar\u00e1, entre os dias 4 e 6 de agosto de 2025, o 4\u00ba Encontro Anual de Ensino, Pesquisa, Extens\u00e3o e Inova\u00e7\u00e3o (ENAEPE). O evento, que marca o in\u00edcio do semestre letivo 2025\/2, busca fortalecer a integra\u00e7\u00e3o entre ensino, pesquisa, extens\u00e3o e inova\u00e7\u00e3o em toda a comunidade universit\u00e1ria.<\/p><\/div>\n\n\n\n<p>Voltado para estudantes, professores, t\u00e9cnicos administrativos e demais colaboradores da UEA, o ENAEPE ser\u00e1 sediado no Centro de Conven\u00e7\u00f5es Vasco Vasques, em Manaus, e contar\u00e1 com atividades das 8h \u00e0s 18h (hor\u00e1rio local). Durante o encontro, ser\u00e1 promovida a socializa\u00e7\u00e3o de experi\u00eancias e saberes produzidos nos diversos \u00e2mbitos da universidade, reafirmando seu compromisso com a forma\u00e7\u00e3o acad\u00eamica de excel\u00eancia e com o desenvolvimento cient\u00edfico regional.<\/p>\n\n\n\n<p>A abertura do evento acontece no dia 04\/08 com acolhimento e credenciamento dos discentes nas unidades acad\u00eamicas, onde tamb\u00e9m ser\u00e3o entregues os kits dos participantes inscritos. Nos dias 05 e 06\/08, todas as atividades acad\u00eamicas ser\u00e3o concentradas no local do evento, com registro de frequ\u00eancia na entrada dos espa\u00e7os.<\/p>\n\n\n\n<p>A exposi\u00e7\u00e3o de trabalhos cient\u00edficos ser\u00e1 feita em formato digital, com monitores dispostos no Piso Mogno. Os trabalhos estar\u00e3o organizados nas categorias Ensino, Pesquisa, Extens\u00e3o, GPA e Resid\u00eancia, com exibi\u00e7\u00e3o das 9h \u00e0s 12h e das 13h30 \u00e0s 18h. O cronograma pode ser consultado no site oficial: https:\/\/enaepe.com.br\/programacao\/.<\/p>\n\n\n\n<p>Entre os destaques da edi\u00e7\u00e3o de 2025, est\u00e3o a entrega de kits sustent\u00e1veis contendo caneca de fibra de bambu, sacola ecol\u00f3gica, bloco de notas, caneta e crach\u00e1 feito de papel semente. O uso do crach\u00e1 ser\u00e1 obrigat\u00f3rio para acesso ao evento.&nbsp;<\/p>\n\n\n\n<p>A programa\u00e7\u00e3o completa est\u00e1 dispon\u00edvel no site oficial: <a href=\"https:\/\/enaepe.com.br\">https:\/\/enaepe.com.br<\/a>.<\/p>\n","protected":false},"excerpt":{"rendered":"<p>A Universidade do Estado do Amazonas (UEA) realizar\u00e1, entre os dias 4 e 6 de agosto de 2025, o 4\u00ba Encontro Anual de Ensino, Pesquisa, Extens\u00e3o e Inova\u00e7\u00e3o (ENAEPE). O evento, que marca o in\u00edcio do semestre letivo 2025\/2, busca fortalecer a integra\u00e7\u00e3o entre ensino, pesquisa, extens\u00e3o e inova\u00e7\u00e3o em toda a comunidade universit\u00e1ria. Voltado [&hellip;]<\/p>\n","protected":false},"author":2,"featured_media":3632,"comment_status":"closed","ping_status":"open","sticky":false,"template":"","format":"standard","meta":{"footnotes":""},"categories":[28,52],"tags":[],"class_list":["post-3633","post","type-post","status-publish","format-standard","has-post-thumbnail","hentry","category-eventos-cientificos","category-institucional"],"blocksy_meta":[],"aioseo_notices":[],"_links":{"self":[{"href":"http:\/\/posgraduacao.uea.edu.br\/dermatologia\/index.php?rest_route=\/wp\/v2\/posts\/3633","targetHints":{"allow":["GET"]}}],"collection":[{"href":"http:\/\/posgraduacao.uea.edu.br\/dermatologia\/index.php?rest_route=\/wp\/v2\/posts"}],"about":[{"href":"http:\/\/posgraduacao.uea.edu.br\/dermatologia\/index.php?rest_route=\/wp\/v2\/types\/post"}],"author":[{"embeddable":true,"href":"http:\/\/posgraduacao.uea.edu.br\/dermatologia\/index.php?rest_route=\/wp\/v2\/users\/2"}],"replies":[{"embeddable":true,"href":"http:\/\/posgraduacao.uea.edu.br\/dermatologia\/index.php?rest_route=%2Fwp%2Fv2%2Fcomments&post=3633"}],"version-history":[{"count":1,"href":"http:\/\/posgraduacao.uea.edu.br\/dermatologia\/index.php?rest_route=\/wp\/v2\/posts\/3633\/revisions"}],"predecessor-version":[{"id":3634,"href":"http:\/\/posgraduacao.uea.edu.br\/dermatologia\/index.php?rest_route=\/wp\/v2\/posts\/3633\/revisions\/3634"}],"wp:featuredmedia":[{"embeddable":true,"href":"http:\/\/posgraduacao.uea.edu.br\/dermatologia\/index.php?rest_route=\/wp\/v2\/media\/3632"}],"wp:attachment":[{"href":"http:\/\/posgraduacao.uea.edu.br\/dermatologia\/index.php?rest_route=%2Fwp%2Fv2%2Fmedia&parent=3633"}],"wp:term":[{"taxonomy":"category","embeddable":true,"href":"http:\/\/posgraduacao.uea.edu.br\/dermatologia\/index.php?rest_route=%2Fwp%2Fv2%2Fcategories&post=3633"},{"taxonomy":"post_tag","embeddable":true,"href":"http:\/\/posgraduacao.uea.edu.br\/dermatologia\/index.php?rest_route=%2Fwp%2Fv2%2Ftags&post=3633"}],"curies":[{"name":"wp","href":"https:\/\/api.w.org\/{rel}","templated":true}]}}