{"id":3728,"date":"2025-08-19T12:32:52","date_gmt":"2025-08-19T16:32:52","guid":{"rendered":"http:\/\/posgraduacao.uea.edu.br\/dermatologia\/?p=3728"},"modified":"2026-02-12T11:31:32","modified_gmt":"2026-02-12T15:31:32","slug":"aula-de-qualificacao-de-mestrado-discente-jaqueline-da-silva-mendes","status":"publish","type":"post","link":"http:\/\/posgraduacao.uea.edu.br\/dermatologia\/?p=3728","title":{"rendered":"Aula de Qualifica\u00e7\u00e3o de Mestrado \u2013 Discente Jaqueline da Silva Mendes"},"content":{"rendered":"\n<div class=\"wp-block-stackable-image stk-block-image stk-block stk-16fb505\" data-block-id=\"16fb505\"><figure><span class=\"stk-img-wrapper stk-image--shape-stretch\"><img loading=\"lazy\" decoding=\"async\" class=\"stk-img wp-image-3727\" src=\"http:\/\/posgraduacao.uea.edu.br\/dermatologia\/wp-content\/uploads\/2025\/08\/Qualificacao-Jaqueline.png\" width=\"800\" height=\"600\" srcset=\"http:\/\/posgraduacao.uea.edu.br\/dermatologia\/wp-content\/uploads\/2025\/08\/Qualificacao-Jaqueline.png 800w, http:\/\/posgraduacao.uea.edu.br\/dermatologia\/wp-content\/uploads\/2025\/08\/Qualificacao-Jaqueline-300x225.png 300w, http:\/\/posgraduacao.uea.edu.br\/dermatologia\/wp-content\/uploads\/2025\/08\/Qualificacao-Jaqueline-768x576.png 768w\" sizes=\"auto, (max-width: 800px) 100vw, 800px\" \/><\/span><\/figure><\/div>\n\n\n\n<div class=\"wp-block-stackable-text stk-block-text stk-block stk-b64a245\" data-block-id=\"b64a245\"><p class=\"stk-block-text__text\">A Coordena\u00e7\u00e3o do Programa de P\u00f3s-gradua\u00e7\u00e3o em ci\u00eancias aplicadas \u00e0 dermatologia da Universidade do Estado do Amazonas, em conv\u00eanio com a Funda\u00e7\u00e3o Hospitalar Alfredo da Matta, tem a grata satisfa\u00e7\u00e3o de convid\u00e1-los (as) a prestigiarem a aula de qualifica\u00e7\u00e3o de mestrado conforme informa\u00e7\u00f5es abaixo:<\/p><\/div>\n\n\n\n<div class=\"wp-block-stackable-text stk-block-text stk-block stk-95ed818\" data-block-id=\"95ed818\"><p class=\"stk-block-text__text\">T\u00edtulo: <strong>&#8220;Desempenho diagn\u00f3stico da palpa\u00e7\u00e3o de nervos perif\u00e9ricos em compara\u00e7\u00e3o com a ultrassonografia na neuropatia da hansen\u00edase: avalia\u00e7\u00e3o prospectiva em ambiente cl\u00ednico do mundo real\u201d<\/strong>.<\/p><\/div>\n\n\n\n<div class=\"wp-block-stackable-text stk-block-text stk-block stk-93b0fa1\" data-block-id=\"93b0fa1\"><style>.stk-93b0fa1 {margin-bottom:23px !important;}<\/style><p class=\"stk-block-text__text\">Mestranda: <strong>Jaqueline da Silva Mendes.<\/strong><\/p><\/div>\n\n\n\n<div class=\"wp-block-stackable-text stk-block-text stk-block stk-9959969\" data-block-id=\"9959969\"><style>.stk-9959969 {margin-bottom:23px !important;}<\/style><p class=\"stk-block-text__text\">Orientador: <strong>Prof. Dr. Sin\u00e9sio Talhari (FUHAM\/AM)<\/strong>.<\/p><\/div>\n\n\n\n<div class=\"wp-block-stackable-text stk-block-text stk-block stk-3404db9\" data-block-id=\"3404db9\"><style>.stk-3404db9 {margin-bottom:25px !important;}<\/style><p class=\"stk-block-text__text\"><strong>Banca Examinadora<\/strong>:<br>Prof. Dr. Sin\u00e9sio Talhari (FUHAM\/AM);<br>Profa. Dra. Cynthia de Oliveira Ferreira (FUHAM);<br>Prof. Dr. Luiz Carlos de Lima Ferreira (FUHAM\/AM).<\/p><\/div>\n\n\n\n<div class=\"wp-block-stackable-text stk-block-text stk-block stk-a5dab5c\" data-block-id=\"a5dab5c\"><p class=\"stk-block-text__text\"><strong>Data\/Hora: <\/strong>quinta-feira, 21 de agosto de 2025, \u00e0s 8h30.<\/p><\/div>\n\n\n\n<div class=\"wp-block-stackable-text stk-block-text stk-block stk-4e4a1a4\" data-block-id=\"4e4a1a4\"><p class=\"stk-block-text__text\"><strong>Local:<\/strong> Mini-audit\u00f3rio &#8211; FUHAM.<\/p><\/div>\n","protected":false},"excerpt":{"rendered":"<p>A Coordena\u00e7\u00e3o do Programa de P\u00f3s-gradua\u00e7\u00e3o em ci\u00eancias aplicadas \u00e0 dermatologia da Universidade do Estado do Amazonas, em conv\u00eanio com a Funda\u00e7\u00e3o Hospitalar Alfredo da Matta, tem a grata satisfa\u00e7\u00e3o de convid\u00e1-los (as) a prestigiarem a aula de qualifica\u00e7\u00e3o de mestrado conforme informa\u00e7\u00f5es abaixo: T\u00edtulo: &#8220;Desempenho diagn\u00f3stico da palpa\u00e7\u00e3o de nervos perif\u00e9ricos em compara\u00e7\u00e3o com [&hellip;]<\/p>\n","protected":false},"author":2,"featured_media":3727,"comment_status":"closed","ping_status":"open","sticky":false,"template":"","format":"standard","meta":{"footnotes":""},"categories":[50,52,1],"tags":[],"class_list":["post-3728","post","type-post","status-publish","format-standard","has-post-thumbnail","hentry","category-aula-de-qualificacao","category-institucional","category-pesquisa"],"blocksy_meta":[],"aioseo_notices":[],"_links":{"self":[{"href":"http:\/\/posgraduacao.uea.edu.br\/dermatologia\/index.php?rest_route=\/wp\/v2\/posts\/3728","targetHints":{"allow":["GET"]}}],"collection":[{"href":"http:\/\/posgraduacao.uea.edu.br\/dermatologia\/index.php?rest_route=\/wp\/v2\/posts"}],"about":[{"href":"http:\/\/posgraduacao.uea.edu.br\/dermatologia\/index.php?rest_route=\/wp\/v2\/types\/post"}],"author":[{"embeddable":true,"href":"http:\/\/posgraduacao.uea.edu.br\/dermatologia\/index.php?rest_route=\/wp\/v2\/users\/2"}],"replies":[{"embeddable":true,"href":"http:\/\/posgraduacao.uea.edu.br\/dermatologia\/index.php?rest_route=%2Fwp%2Fv2%2Fcomments&post=3728"}],"version-history":[{"count":4,"href":"http:\/\/posgraduacao.uea.edu.br\/dermatologia\/index.php?rest_route=\/wp\/v2\/posts\/3728\/revisions"}],"predecessor-version":[{"id":3744,"href":"http:\/\/posgraduacao.uea.edu.br\/dermatologia\/index.php?rest_route=\/wp\/v2\/posts\/3728\/revisions\/3744"}],"wp:featuredmedia":[{"embeddable":true,"href":"http:\/\/posgraduacao.uea.edu.br\/dermatologia\/index.php?rest_route=\/wp\/v2\/media\/3727"}],"wp:attachment":[{"href":"http:\/\/posgraduacao.uea.edu.br\/dermatologia\/index.php?rest_route=%2Fwp%2Fv2%2Fmedia&parent=3728"}],"wp:term":[{"taxonomy":"category","embeddable":true,"href":"http:\/\/posgraduacao.uea.edu.br\/dermatologia\/index.php?rest_route=%2Fwp%2Fv2%2Fcategories&post=3728"},{"taxonomy":"post_tag","embeddable":true,"href":"http:\/\/posgraduacao.uea.edu.br\/dermatologia\/index.php?rest_route=%2Fwp%2Fv2%2Ftags&post=3728"}],"curies":[{"name":"wp","href":"https:\/\/api.w.org\/{rel}","templated":true}]}}