{"id":3755,"date":"2025-08-20T13:34:03","date_gmt":"2025-08-20T17:34:03","guid":{"rendered":"http:\/\/posgraduacao.uea.edu.br\/dermatologia\/?p=3755"},"modified":"2026-02-12T11:31:32","modified_gmt":"2026-02-12T15:31:32","slug":"aula-de-qualificacao-de-mestrado-discente-patricia-tavares-cruz","status":"publish","type":"post","link":"http:\/\/posgraduacao.uea.edu.br\/dermatologia\/?p=3755","title":{"rendered":"Aula de Qualifica\u00e7\u00e3o de Mestrado \u2013 Discente Patr\u00edcia Tavares Cruz"},"content":{"rendered":"\n<div class=\"wp-block-stackable-image stk-block-image stk-block stk-13cb975\" data-block-id=\"13cb975\"><figure><span class=\"stk-img-wrapper stk-image--shape-stretch\"><img loading=\"lazy\" decoding=\"async\" class=\"stk-img wp-image-3726\" src=\"http:\/\/posgraduacao.uea.edu.br\/dermatologia\/wp-content\/uploads\/2025\/08\/Qualificacao-Patricia.png\" width=\"800\" height=\"600\" srcset=\"http:\/\/posgraduacao.uea.edu.br\/dermatologia\/wp-content\/uploads\/2025\/08\/Qualificacao-Patricia.png 800w, http:\/\/posgraduacao.uea.edu.br\/dermatologia\/wp-content\/uploads\/2025\/08\/Qualificacao-Patricia-300x225.png 300w, http:\/\/posgraduacao.uea.edu.br\/dermatologia\/wp-content\/uploads\/2025\/08\/Qualificacao-Patricia-768x576.png 768w\" sizes=\"auto, (max-width: 800px) 100vw, 800px\" \/><\/span><\/figure><\/div>\n\n\n\n<div class=\"wp-block-stackable-text stk-block-text stk-block stk-62597f4\" data-block-id=\"62597f4\"><p class=\"stk-block-text__text\">A Coordena\u00e7\u00e3o do Programa de P\u00f3s-gradua\u00e7\u00e3o em ci\u00eancias aplicadas \u00e0 dermatologia da Universidade do Estado do Amazonas, em conv\u00eanio com a Funda\u00e7\u00e3o Hospitalar Alfredo da Matta, tem a grata satisfa\u00e7\u00e3o de convid\u00e1-los (as) a prestigiarem a aula de qualifica\u00e7\u00e3o de mestrado conforme informa\u00e7\u00f5es abaixo:<\/p><\/div>\n\n\n\n<div class=\"wp-block-stackable-text stk-block-text stk-block stk-0e3bb1c\" data-block-id=\"0e3bb1c\"><p class=\"stk-block-text__text\">T\u00edtulo: <strong>\u201cPercep\u00e7\u00e3o de estigma associado \u00e0 hansen\u00edase entre pacientes, contato e popula\u00e7\u00e3o n\u00e3o relacionada \u00e0 doen\u00e7a&#8221;<\/strong>.<\/p><\/div>\n\n\n\n<div class=\"wp-block-stackable-text stk-block-text stk-block stk-3ebc4bf\" data-block-id=\"3ebc4bf\"><p class=\"stk-block-text__text\">Mestranda: <strong>Patr\u00edcia Tavares Cruz.<\/strong><\/p><\/div>\n\n\n\n<div class=\"wp-block-stackable-text stk-block-text stk-block stk-1d88597\" data-block-id=\"1d88597\"><p class=\"stk-block-text__text\">Orientador: <strong>Prof. Dr. Sin\u00e9sio Talhari (FUHAM\/AM)<\/strong>.<\/p><\/div>\n\n\n\n<div class=\"wp-block-stackable-text stk-block-text stk-block stk-b8e2bb0\" data-block-id=\"b8e2bb0\"><p class=\"stk-block-text__text\"><strong>Banca Examinadora<\/strong>:<br>Prof. Dr. Sin\u00e9sio Talhari (FUHAM\/AM);<br>Profa. Dra. Silmara Navarro Pennini (FUHAM);<br>Prof. Dr. Luiz Carlos de Lima Ferreira (FUHAM\/AM).<\/p><\/div>\n\n\n\n<div class=\"wp-block-stackable-text stk-block-text stk-block stk-a300408\" data-block-id=\"a300408\"><p class=\"stk-block-text__text\"><strong>Data\/Hora: <\/strong>sexta-feira, 22 de agosto de 2025, \u00e0s 8h30.<\/p><\/div>\n\n\n\n<div class=\"wp-block-stackable-text stk-block-text stk-block stk-d7b232f\" data-block-id=\"d7b232f\"><p class=\"stk-block-text__text\"><strong>Local:<\/strong> Mini-audit\u00f3rio &#8211; FUHAM.<\/p><\/div>\n","protected":false},"excerpt":{"rendered":"<p>A Coordena\u00e7\u00e3o do Programa de P\u00f3s-gradua\u00e7\u00e3o em ci\u00eancias aplicadas \u00e0 dermatologia da Universidade do Estado do Amazonas, em conv\u00eanio com a Funda\u00e7\u00e3o Hospitalar Alfredo da Matta, tem a grata satisfa\u00e7\u00e3o de convid\u00e1-los (as) a prestigiarem a aula de qualifica\u00e7\u00e3o de mestrado conforme informa\u00e7\u00f5es abaixo: T\u00edtulo: \u201cPercep\u00e7\u00e3o de estigma associado \u00e0 hansen\u00edase entre pacientes, contato e [&hellip;]<\/p>\n","protected":false},"author":2,"featured_media":3726,"comment_status":"closed","ping_status":"open","sticky":false,"template":"","format":"standard","meta":{"footnotes":""},"categories":[50,52,1],"tags":[],"class_list":["post-3755","post","type-post","status-publish","format-standard","has-post-thumbnail","hentry","category-aula-de-qualificacao","category-institucional","category-pesquisa"],"blocksy_meta":[],"aioseo_notices":[],"_links":{"self":[{"href":"http:\/\/posgraduacao.uea.edu.br\/dermatologia\/index.php?rest_route=\/wp\/v2\/posts\/3755","targetHints":{"allow":["GET"]}}],"collection":[{"href":"http:\/\/posgraduacao.uea.edu.br\/dermatologia\/index.php?rest_route=\/wp\/v2\/posts"}],"about":[{"href":"http:\/\/posgraduacao.uea.edu.br\/dermatologia\/index.php?rest_route=\/wp\/v2\/types\/post"}],"author":[{"embeddable":true,"href":"http:\/\/posgraduacao.uea.edu.br\/dermatologia\/index.php?rest_route=\/wp\/v2\/users\/2"}],"replies":[{"embeddable":true,"href":"http:\/\/posgraduacao.uea.edu.br\/dermatologia\/index.php?rest_route=%2Fwp%2Fv2%2Fcomments&post=3755"}],"version-history":[{"count":1,"href":"http:\/\/posgraduacao.uea.edu.br\/dermatologia\/index.php?rest_route=\/wp\/v2\/posts\/3755\/revisions"}],"predecessor-version":[{"id":3756,"href":"http:\/\/posgraduacao.uea.edu.br\/dermatologia\/index.php?rest_route=\/wp\/v2\/posts\/3755\/revisions\/3756"}],"wp:featuredmedia":[{"embeddable":true,"href":"http:\/\/posgraduacao.uea.edu.br\/dermatologia\/index.php?rest_route=\/wp\/v2\/media\/3726"}],"wp:attachment":[{"href":"http:\/\/posgraduacao.uea.edu.br\/dermatologia\/index.php?rest_route=%2Fwp%2Fv2%2Fmedia&parent=3755"}],"wp:term":[{"taxonomy":"category","embeddable":true,"href":"http:\/\/posgraduacao.uea.edu.br\/dermatologia\/index.php?rest_route=%2Fwp%2Fv2%2Fcategories&post=3755"},{"taxonomy":"post_tag","embeddable":true,"href":"http:\/\/posgraduacao.uea.edu.br\/dermatologia\/index.php?rest_route=%2Fwp%2Fv2%2Ftags&post=3755"}],"curies":[{"name":"wp","href":"https:\/\/api.w.org\/{rel}","templated":true}]}}