{"id":3761,"date":"2025-08-21T12:46:45","date_gmt":"2025-08-21T16:46:45","guid":{"rendered":"http:\/\/posgraduacao.uea.edu.br\/dermatologia\/?p=3761"},"modified":"2026-02-12T11:31:31","modified_gmt":"2026-02-12T15:31:31","slug":"associacao-entre-exame-clinico-e-ultrassonografia-de-nervos-perifericos-no-diagnostico-da-hanseniase-e-tema-de-projeto-aprovado-em-exame-de-qualificacao","status":"publish","type":"post","link":"http:\/\/posgraduacao.uea.edu.br\/dermatologia\/?p=3761","title":{"rendered":"Fisioterapeuta da Fuham tem projeto aprovado em exame de qualifica\u00e7\u00e3o"},"content":{"rendered":"\n<div class=\"wp-block-stackable-image stk-block-image stk-block stk-854fbee\" data-block-id=\"854fbee\"><figure><span class=\"stk-img-wrapper stk-image--shape-stretch\"><img loading=\"lazy\" decoding=\"async\" class=\"stk-img wp-image-3760\" src=\"http:\/\/posgraduacao.uea.edu.br\/dermatologia\/wp-content\/uploads\/2025\/08\/WhatsApp-Image-2025-08-21-at-11.41.01-1-1.jpeg\" width=\"800\" height=\"600\" srcset=\"http:\/\/posgraduacao.uea.edu.br\/dermatologia\/wp-content\/uploads\/2025\/08\/WhatsApp-Image-2025-08-21-at-11.41.01-1-1.jpeg 800w, http:\/\/posgraduacao.uea.edu.br\/dermatologia\/wp-content\/uploads\/2025\/08\/WhatsApp-Image-2025-08-21-at-11.41.01-1-1-300x225.jpeg 300w, http:\/\/posgraduacao.uea.edu.br\/dermatologia\/wp-content\/uploads\/2025\/08\/WhatsApp-Image-2025-08-21-at-11.41.01-1-1-768x576.jpeg 768w\" sizes=\"auto, (max-width: 800px) 100vw, 800px\" \/><\/span><\/figure><\/div>\n\n\n\n<div class=\"wp-block-stackable-text stk-block-text stk-block stk-03edd4c\" data-block-id=\"03edd4c\"><p class=\"stk-block-text__text\">Na manh\u00e3 desta quinta-feira (21\/08), no Miniaudit\u00f3rio da Funda\u00e7\u00e3o Hospitalar Alfredo da Matta (Fuham), a mestranda Jaqueline Mendes apresentou sua aula para o exame de qualifica\u00e7\u00e3o no Programa de P\u00f3s-Gradua\u00e7\u00e3o em Ci\u00eancias Aplicadas \u00e0 Dermatologia (PPGCAD-Fuham\/UEA).<\/p><\/div>\n\n\n\n<div class=\"wp-block-stackable-text stk-block-text stk-block stk-ad42cd7\" data-block-id=\"ad42cd7\"><p class=\"stk-block-text__text\">A banca avaliadora foi composta pelo orientador, doutor Sin\u00e9sio Talhari (Fuham), pela doutora Cynthia Ferreira (Fuham) e pelo doutor Luiz Carlos de Lima Ferreira (Funda\u00e7\u00e3o de Medicina Tropical Doutor Heitor Viera Dourado), que deliberaram por aprovar a mestranda, tornando-a apta para prosseguir para a etapa final de sua forma\u00e7\u00e3o no Programa.<\/p><\/div>\n\n\n\n<div class=\"wp-block-stackable-text stk-block-text stk-block stk-aa34275\" data-block-id=\"aa34275\"><p class=\"stk-block-text__text\">Com o tema \u201cDesempenho diagn\u00f3stico da palpa\u00e7\u00e3o de nervos perif\u00e9ricos em compara\u00e7\u00e3o com a ultrassonografia na neuropatia da hansen\u00edase: avalia\u00e7\u00e3o prospectiva em ambiente cl\u00ednico do mundo real\u201d, o projeto tem como objetivo principal avaliar o grau de concord\u00e2ncia entre as t\u00e9cnicas de palpa\u00e7\u00e3o de nervos perif\u00e9ricos em pacientes com suspeita cl\u00ednica de hansen\u00edase e o exame de ultrassonografia.<\/p><\/div>\n\n\n\n<div class=\"wp-block-stackable-text stk-block-text stk-block stk-a265918\" data-block-id=\"a265918\"><p class=\"stk-block-text__text\">Investigar a concord\u00e2ncia entre tr\u00eas profissionais no exame de palpa\u00e7\u00e3o; avaliar a sensibilidade e especificidade deste m\u00e9todo (palpa\u00e7\u00e3o de nervos perif\u00e9ricos) atrav\u00e9s da ultrassonografia; e propor um fluxograma que contemple o emprego rotineiro do exame de ultrassom na avalia\u00e7\u00e3o de pacientes com suspeita de hansen\u00edase e espessamento de nervos perif\u00e9ricos \u00e0 palpa\u00e7\u00e3o, tamb\u00e9m s\u00e3o propostas que o projeto pretende alcan\u00e7ar.<\/p><\/div>\n\n\n\n<div class=\"wp-block-stackable-columns stk-block-columns stk-block stk-9d8fc22\" data-block-id=\"9d8fc22\"><style>.stk-9d8fc22 {margin-bottom:4px !important;}<\/style><div class=\"stk-row stk-inner-blocks stk-block-content stk-content-align stk-9d8fc22-column\">\n<div class=\"wp-block-stackable-column stk-block-column stk-column stk-block stk-2e3a641\" data-v=\"4\" data-block-id=\"2e3a641\"><style>@media screen and (min-width:690px){.stk-2e3a641 {flex:var(--stk-flex-grow, 1) 1 calc(50% - var(--stk-column-gap, 0px) * 1 \/ 2 ) !important;}}<\/style><div class=\"stk-column-wrapper stk-block-column__content stk-container stk-2e3a641-container stk--no-background stk--no-padding\"><div class=\"stk-block-content stk-inner-blocks stk-2e3a641-inner-blocks\">\n<div class=\"wp-block-stackable-image stk-block-image stk-block stk-de63ee3\" data-block-id=\"de63ee3\"><style>.stk-de63ee3 .stk-img-wrapper{width:100% !important;height:273px !important;}<\/style><figure><span class=\"stk-img-wrapper stk-image--shape-stretch\"><img loading=\"lazy\" decoding=\"async\" class=\"stk-img wp-image-3759\" src=\"http:\/\/posgraduacao.uea.edu.br\/dermatologia\/wp-content\/uploads\/2025\/08\/WhatsApp-Image-2025-08-21-at-11.41.00-1.jpeg\" width=\"1600\" height=\"1200\" srcset=\"http:\/\/posgraduacao.uea.edu.br\/dermatologia\/wp-content\/uploads\/2025\/08\/WhatsApp-Image-2025-08-21-at-11.41.00-1.jpeg 1600w, http:\/\/posgraduacao.uea.edu.br\/dermatologia\/wp-content\/uploads\/2025\/08\/WhatsApp-Image-2025-08-21-at-11.41.00-1-300x225.jpeg 300w, http:\/\/posgraduacao.uea.edu.br\/dermatologia\/wp-content\/uploads\/2025\/08\/WhatsApp-Image-2025-08-21-at-11.41.00-1-1024x768.jpeg 1024w, http:\/\/posgraduacao.uea.edu.br\/dermatologia\/wp-content\/uploads\/2025\/08\/WhatsApp-Image-2025-08-21-at-11.41.00-1-768x576.jpeg 768w, http:\/\/posgraduacao.uea.edu.br\/dermatologia\/wp-content\/uploads\/2025\/08\/WhatsApp-Image-2025-08-21-at-11.41.00-1-1536x1152.jpeg 1536w\" sizes=\"auto, (max-width: 1600px) 100vw, 1600px\" \/><\/span><\/figure><\/div>\n<\/div><\/div><\/div>\n\n\n\n<div class=\"wp-block-stackable-column stk-block-column stk-column stk-block stk-3498dfe\" data-v=\"4\" data-block-id=\"3498dfe\"><style>@media screen and (min-width:690px){.stk-3498dfe {flex:var(--stk-flex-grow, 1) 1 calc(50% - var(--stk-column-gap, 0px) * 1 \/ 2 ) !important;}}<\/style><div class=\"stk-column-wrapper stk-block-column__content stk-container stk-3498dfe-container stk--no-background stk--no-padding\"><div class=\"stk-block-content stk-inner-blocks stk-3498dfe-inner-blocks\">\n<p>\u201cO diagn\u00f3stico da hansen\u00edase baseado em crit\u00e9rios cl\u00ednicos, como palpa\u00e7\u00e3o de nervos \u00e9 subjetivo, a ultrassonografia de nervos perif\u00e9ricos n\u00e3o \u00e9 invasiva e permite identificar precocemente altera\u00e7\u00f5es neurais e acompanhar a evolu\u00e7\u00e3o da neuropatia; assim a associa\u00e7\u00e3o entre exame cl\u00ednico e ultrassom pode aumentar a precis\u00e3o diagn\u00f3stica e melhorar a conduta terap\u00eautica\u201d, afirma Jaqueline.<\/p>\n<\/div><\/div><\/div>\n<\/div><\/div>\n\n\n\n<p><strong>Proposta pode mudar fluxograma de atendimento<\/strong><\/p>\n\n\n\n<div class=\"wp-block-stackable-text stk-block-text stk-block stk-ccf7aac\" data-block-id=\"ccf7aac\"><p class=\"stk-block-text__text\">Como resultado pr\u00e1tico, a proposta \u00e9 sugerir uma altera\u00e7\u00e3o na rotina de atendimento (a inclus\u00e3o do exame de ultrassom em apoio ao diagn\u00f3stico da hansen\u00edase), algo at\u00e9 o momento n\u00e3o utilizado em nenhum servi\u00e7o de sa\u00fade.<\/p><\/div>\n\n\n\n<div class=\"wp-block-stackable-text stk-block-text stk-block stk-2f0220c\" data-block-id=\"2f0220c\"><p class=\"stk-block-text__text\">\u201cHoje, com o andamento da pesquisa eu tenho um novo olhar sobre isso, muitos pacientes podem se beneficiar com um diagn\u00f3stico mais preciso, ent\u00e3o, o uso da ultrassonografia pode estar na rotina para auxiliar nessa resposta\u201d, destaca a mestranda.<\/p><\/div>\n\n\n\n<div class=\"wp-block-stackable-text stk-block-text stk-block stk-cea31da\" data-block-id=\"cea31da\"><p class=\"stk-block-text__text\">Al\u00e9m do doutor Sin\u00e9sio Talhari como orientador, a mestranda conta com o apoio das coorientadoras, doutora Valderiza Pedrosa (Fuham) e doutora Carolina Talhari (Fuham) e dos pesquisadores visitantes nacionais (PVN) na Fuham, doutor Fl\u00e1vio Lara e doutor H\u00e9lio Miot.<\/p><\/div>\n\n\n\n<p><em>Cr\u00e9ditos de texto e imagem: ASSCOM FUHAM.<\/em><\/p>\n","protected":false},"excerpt":{"rendered":"<p>Na manh\u00e3 desta quinta-feira (21\/08), no Miniaudit\u00f3rio da Funda\u00e7\u00e3o Hospitalar Alfredo da Matta (Fuham), a mestranda Jaqueline Mendes apresentou sua aula para o exame de qualifica\u00e7\u00e3o no Programa de P\u00f3s-Gradua\u00e7\u00e3o em Ci\u00eancias Aplicadas \u00e0 Dermatologia (PPGCAD-Fuham\/UEA). A banca avaliadora foi composta pelo orientador, doutor Sin\u00e9sio Talhari (Fuham), pela doutora Cynthia Ferreira (Fuham) e pelo doutor [&hellip;]<\/p>\n","protected":false},"author":2,"featured_media":3760,"comment_status":"closed","ping_status":"open","sticky":false,"template":"","format":"standard","meta":{"footnotes":""},"categories":[50,52,1],"tags":[],"class_list":["post-3761","post","type-post","status-publish","format-standard","has-post-thumbnail","hentry","category-aula-de-qualificacao","category-institucional","category-pesquisa"],"blocksy_meta":[],"aioseo_notices":[],"_links":{"self":[{"href":"http:\/\/posgraduacao.uea.edu.br\/dermatologia\/index.php?rest_route=\/wp\/v2\/posts\/3761","targetHints":{"allow":["GET"]}}],"collection":[{"href":"http:\/\/posgraduacao.uea.edu.br\/dermatologia\/index.php?rest_route=\/wp\/v2\/posts"}],"about":[{"href":"http:\/\/posgraduacao.uea.edu.br\/dermatologia\/index.php?rest_route=\/wp\/v2\/types\/post"}],"author":[{"embeddable":true,"href":"http:\/\/posgraduacao.uea.edu.br\/dermatologia\/index.php?rest_route=\/wp\/v2\/users\/2"}],"replies":[{"embeddable":true,"href":"http:\/\/posgraduacao.uea.edu.br\/dermatologia\/index.php?rest_route=%2Fwp%2Fv2%2Fcomments&post=3761"}],"version-history":[{"count":7,"href":"http:\/\/posgraduacao.uea.edu.br\/dermatologia\/index.php?rest_route=\/wp\/v2\/posts\/3761\/revisions"}],"predecessor-version":[{"id":3769,"href":"http:\/\/posgraduacao.uea.edu.br\/dermatologia\/index.php?rest_route=\/wp\/v2\/posts\/3761\/revisions\/3769"}],"wp:featuredmedia":[{"embeddable":true,"href":"http:\/\/posgraduacao.uea.edu.br\/dermatologia\/index.php?rest_route=\/wp\/v2\/media\/3760"}],"wp:attachment":[{"href":"http:\/\/posgraduacao.uea.edu.br\/dermatologia\/index.php?rest_route=%2Fwp%2Fv2%2Fmedia&parent=3761"}],"wp:term":[{"taxonomy":"category","embeddable":true,"href":"http:\/\/posgraduacao.uea.edu.br\/dermatologia\/index.php?rest_route=%2Fwp%2Fv2%2Fcategories&post=3761"},{"taxonomy":"post_tag","embeddable":true,"href":"http:\/\/posgraduacao.uea.edu.br\/dermatologia\/index.php?rest_route=%2Fwp%2Fv2%2Ftags&post=3761"}],"curies":[{"name":"wp","href":"https:\/\/api.w.org\/{rel}","templated":true}]}}