{"id":3772,"date":"2025-08-22T11:46:38","date_gmt":"2025-08-22T15:46:38","guid":{"rendered":"http:\/\/posgraduacao.uea.edu.br\/dermatologia\/?p=3772"},"modified":"2026-02-12T11:31:31","modified_gmt":"2026-02-12T15:31:31","slug":"com-tema-sobre-percepcao-do-estigma-associado-a-hanseniase-mestranda-tem-projeto-qualificado","status":"publish","type":"post","link":"http:\/\/posgraduacao.uea.edu.br\/dermatologia\/?p=3772","title":{"rendered":"Pesquisa de mestrado analisa o estigma enfrentado pelo paciente de hansen\u00edase"},"content":{"rendered":"\n<div class=\"wp-block-stackable-image stk-block-image stk-block stk-4336838\" data-block-id=\"4336838\"><figure><span class=\"stk-img-wrapper stk-image--shape-stretch\"><img loading=\"lazy\" decoding=\"async\" class=\"stk-img wp-image-3771\" src=\"http:\/\/posgraduacao.uea.edu.br\/dermatologia\/wp-content\/uploads\/2025\/08\/c8d1a848-c21e-4bf8-92a7-266713fc1c97-e1755877277835.jpg\" width=\"1200\" height=\"900\" srcset=\"http:\/\/posgraduacao.uea.edu.br\/dermatologia\/wp-content\/uploads\/2025\/08\/c8d1a848-c21e-4bf8-92a7-266713fc1c97-e1755877277835.jpg 1200w, http:\/\/posgraduacao.uea.edu.br\/dermatologia\/wp-content\/uploads\/2025\/08\/c8d1a848-c21e-4bf8-92a7-266713fc1c97-e1755877277835-300x225.jpg 300w, http:\/\/posgraduacao.uea.edu.br\/dermatologia\/wp-content\/uploads\/2025\/08\/c8d1a848-c21e-4bf8-92a7-266713fc1c97-e1755877277835-1024x768.jpg 1024w, http:\/\/posgraduacao.uea.edu.br\/dermatologia\/wp-content\/uploads\/2025\/08\/c8d1a848-c21e-4bf8-92a7-266713fc1c97-e1755877277835-768x576.jpg 768w\" sizes=\"auto, (max-width: 1200px) 100vw, 1200px\" \/><\/span><\/figure><\/div>\n\n\n\n<p>A mestranda Patr\u00edcia Tavares Cruz apresentou na manh\u00e3 desta sexta-feira (22\/08), no Miniaudit\u00f3rio da Funda\u00e7\u00e3o Hospitalar Alfredo da Matta (Fuham) seu projeto de pesquisa no exame de qualifica\u00e7\u00e3o do Programa de P\u00f3s-Gradua\u00e7\u00e3o em Ci\u00eancias Aplicadas \u00e0 Dermatologia da Universidade do Estado do Amazonas (PPGCAD\/UEA-Fuham).<\/p>\n\n\n\n<p>Com o tema \u201cPercep\u00e7\u00e3o de estigma associado \u00e0 hansen\u00edase entre pacientes, contatos e popula\u00e7\u00e3o n\u00e3o relacionada \u00e0 doen\u00e7a\u201d, a mestranda foi aprovada no exame de qualifica\u00e7\u00e3o, apresentando os resultados parciais de seu projeto, o qual \u00e9 realizado sob orienta\u00e7\u00e3o do doutor Sin\u00e9sio Talhari.<\/p>\n\n\n\n<p>A pesquisa parte da hip\u00f3tese de que o estigma \u00e9 mais intenso na popula\u00e7\u00e3o n\u00e3o relacionada \u00e0 hansen\u00edase (pessoas que n\u00e3o possuem nem tem conv\u00edvio direto com pessoas que tenham a doen\u00e7a) devido ao desconhecimento sobre a mesma, o que por sua vez, favorece atitudes discriminat\u00f3rias, sob influ\u00eancia ainda de fatores educacionais e religiosos.<\/p>\n\n\n\n<p>\u201cApesar de tratamento eficaz e cura, o conhecimento sobre a hansen\u00edase n\u00e3o tem sido suficientemente difundido \u00e0 popula\u00e7\u00e3o nem mesmo familiares de pessoas acometidas. Avaliar a percep\u00e7\u00e3o atual do estigma em pacientes, familiares e comunidade podem subsidiar pol\u00edticas p\u00fablicas de enfrentamento\u201d, justifica Patr\u00edcia sobre a relev\u00e2ncia de se ter uma maior compreens\u00e3o sobre este tema.<\/p>\n\n\n\n<p>O objetivo, segundo a mestranda, \u00e9 investigar a dimens\u00e3o da percep\u00e7\u00e3o do estigma associado \u00e0 hansen\u00edase em pacientes, contatos e popula\u00e7\u00e3o n\u00e3o relacionada \u00e0 doen\u00e7a para identificar fatores associados ao estigma nestas popula\u00e7\u00f5es. Ao final do projeto, tamb\u00e9m devem ser apresentados como produto um programa de educa\u00e7\u00e3o em sa\u00fade relacionado ao tema, com propostas de material educativo e informativo.<\/p>\n\n\n\n<p>Al\u00e9m do orientador doutor Sin\u00e9sio Talhari, a banca de qualifica\u00e7\u00e3o foi composta pela doutora Silmara Navarro Pennini e pelo doutor Luiz Carlos de Lima Ferreira (Funda\u00e7\u00e3o de Medicina Tropical Doutor Heitor Viera Dourado).<\/p>\n\n\n\n<p><em>Cr\u00e9ditos de texto e imagem: ASSCOM FUHAM.<\/em><\/p>\n","protected":false},"excerpt":{"rendered":"<p>A mestranda Patr\u00edcia Tavares Cruz apresentou na manh\u00e3 desta sexta-feira (22\/08), no Miniaudit\u00f3rio da Funda\u00e7\u00e3o Hospitalar Alfredo da Matta (Fuham) seu projeto de pesquisa no exame de qualifica\u00e7\u00e3o do Programa de P\u00f3s-Gradua\u00e7\u00e3o em Ci\u00eancias Aplicadas \u00e0 Dermatologia da Universidade do Estado do Amazonas (PPGCAD\/UEA-Fuham). Com o tema \u201cPercep\u00e7\u00e3o de estigma associado \u00e0 hansen\u00edase entre pacientes, [&hellip;]<\/p>\n","protected":false},"author":2,"featured_media":3771,"comment_status":"closed","ping_status":"open","sticky":false,"template":"","format":"standard","meta":{"footnotes":""},"categories":[50,52,1],"tags":[],"class_list":["post-3772","post","type-post","status-publish","format-standard","has-post-thumbnail","hentry","category-aula-de-qualificacao","category-institucional","category-pesquisa"],"blocksy_meta":[],"aioseo_notices":[],"_links":{"self":[{"href":"http:\/\/posgraduacao.uea.edu.br\/dermatologia\/index.php?rest_route=\/wp\/v2\/posts\/3772","targetHints":{"allow":["GET"]}}],"collection":[{"href":"http:\/\/posgraduacao.uea.edu.br\/dermatologia\/index.php?rest_route=\/wp\/v2\/posts"}],"about":[{"href":"http:\/\/posgraduacao.uea.edu.br\/dermatologia\/index.php?rest_route=\/wp\/v2\/types\/post"}],"author":[{"embeddable":true,"href":"http:\/\/posgraduacao.uea.edu.br\/dermatologia\/index.php?rest_route=\/wp\/v2\/users\/2"}],"replies":[{"embeddable":true,"href":"http:\/\/posgraduacao.uea.edu.br\/dermatologia\/index.php?rest_route=%2Fwp%2Fv2%2Fcomments&post=3772"}],"version-history":[{"count":4,"href":"http:\/\/posgraduacao.uea.edu.br\/dermatologia\/index.php?rest_route=\/wp\/v2\/posts\/3772\/revisions"}],"predecessor-version":[{"id":3777,"href":"http:\/\/posgraduacao.uea.edu.br\/dermatologia\/index.php?rest_route=\/wp\/v2\/posts\/3772\/revisions\/3777"}],"wp:featuredmedia":[{"embeddable":true,"href":"http:\/\/posgraduacao.uea.edu.br\/dermatologia\/index.php?rest_route=\/wp\/v2\/media\/3771"}],"wp:attachment":[{"href":"http:\/\/posgraduacao.uea.edu.br\/dermatologia\/index.php?rest_route=%2Fwp%2Fv2%2Fmedia&parent=3772"}],"wp:term":[{"taxonomy":"category","embeddable":true,"href":"http:\/\/posgraduacao.uea.edu.br\/dermatologia\/index.php?rest_route=%2Fwp%2Fv2%2Fcategories&post=3772"},{"taxonomy":"post_tag","embeddable":true,"href":"http:\/\/posgraduacao.uea.edu.br\/dermatologia\/index.php?rest_route=%2Fwp%2Fv2%2Ftags&post=3772"}],"curies":[{"name":"wp","href":"https:\/\/api.w.org\/{rel}","templated":true}]}}