{"id":3784,"date":"2025-09-09T11:51:22","date_gmt":"2025-09-09T15:51:22","guid":{"rendered":"http:\/\/posgraduacao.uea.edu.br\/dermatologia\/?p=3784"},"modified":"2026-02-12T11:31:31","modified_gmt":"2026-02-12T15:31:31","slug":"fuham-encerra-programacao-dos-70-anos-com-premiacoes-a-apoiadores-estudantes-e-instituicoes-parceiras","status":"publish","type":"post","link":"http:\/\/posgraduacao.uea.edu.br\/dermatologia\/?p=3784","title":{"rendered":"FUHAM encerra programa\u00e7\u00e3o dos 70 anos com presen\u00e7a de apoiadores, estudantes e institui\u00e7\u00f5es parceiras"},"content":{"rendered":"\n<figure class=\"wp-block-image size-full\"><img loading=\"lazy\" decoding=\"async\" width=\"500\" height=\"350\" src=\"http:\/\/posgraduacao.uea.edu.br\/dermatologia\/wp-content\/uploads\/2025\/09\/image.png\" alt=\"\" class=\"wp-image-3785\" title=\"SIMPOSIO_70ANOS_PARTICIPANTES_foto Arnoldo Santos\" srcset=\"http:\/\/posgraduacao.uea.edu.br\/dermatologia\/wp-content\/uploads\/2025\/09\/image.png 500w, http:\/\/posgraduacao.uea.edu.br\/dermatologia\/wp-content\/uploads\/2025\/09\/image-300x210.png 300w\" sizes=\"auto, (max-width: 500px) 100vw, 500px\" \/><\/figure>\n\n\n\n<p><em>Simp\u00f3sio de doen\u00e7as negligenciadas reuniu profissionais e alunos das \u00e1reas de sa\u00fade de Manaus e outros lugares<\/em><\/p>\n\n\n\n<p>O Programa de P\u00f3s-Gradua\u00e7\u00e3o em Ci\u00eancias Aplicadas \u00e0 Dermatologia (PPGCAD) organizou o <strong>Simp\u00f3sio Pi&#8217;ra: Panorama e Desafios Sobre Hansen\u00edase, Doen\u00e7as Dermatol\u00f3gicas Negligenciadas e Infec\u00e7\u00f5es Sexualmente Transmiss\u00edveis no Amazonas, <\/strong>entre os dias 28 e 29 de agosto, encerrando a programa\u00e7\u00e3o dos 70 anos da Funda\u00e7\u00e3o Hospitalar Alfredo da Matta (Fuham). O evento aconteceu no Audit\u00f3rio da Escola Superior de Ci\u00eancias da Sa\u00fade (ESA\/UEA) e, reuniu autoridades e representantes de institui\u00e7\u00f5es parceiras.<\/p>\n\n\n\n<p>Em dois dias de simp\u00f3sio, assuntos ligados \u00e0 dermatologia geral e infec\u00e7\u00f5es sexualmente transmiss\u00edveis (ISTs), trouxeram nomes como o do representante da Organiza\u00e7\u00e3o Mundial de Sa\u00fade (OMS), Subbanna Jonnalagada, o qual falou sobre os desafios globais da hansen\u00edase. O m\u00e9dico Erwin Schurr, da Universidade McGill \u2013 Montreal, Canad\u00e1, que abordou a resist\u00eancia \u00e0 infec\u00e7\u00e3o por Mycobacterium tuberculosis, destacando importantes t\u00f3picos sobre o tema.<\/p>\n\n\n\n<p>A diretora de Ensino e Pesquisa da FUHAM, Profa. Dra. Gra\u00e7a Barbosa, disse que o simp\u00f3sio superou expectativas. \u201cSuperou porque a gente teve palestrantes externos, internacionais, assim como os nossos palestrantes brasileiros. Para al\u00e9m disso, a gente apresentou os trabalhos dos alunos de inicia\u00e7\u00e3o cient\u00edfica. A FUHAM, nesses 70 anos, tem feito trabalho de excel\u00eancia e isso foi um reflexo do que a gente viu aqui\u201d, afirmou Gra\u00e7a Barbosa.<\/p>\n\n\n\n<p>A Profa. Maria Luiza Bazzo, pesquisadora da Universidade Federal de Santa Catarina, palestrante que abordou a resist\u00eancia de medicamentos em infe\u00e7\u00f5es genitais, falou da import\u00e2ncia de se ter parceiros do porte da&nbsp; no Norte do pa\u00eds. \u201cEu vejo uma funda\u00e7\u00e3o (Alfredo da Matta) extremamente comprometida com sa\u00fade p\u00fablica, uma funda\u00e7\u00e3o que faz a diferen\u00e7a para esse p\u00fablico do estado do Amazonas. A gente pode observar que a grandeza do Alfredo da Mata est\u00e1 nas pessoas que aqui trabalham. Aqui, tem profissionais muito bem formados e comprometidos com sa\u00fade p\u00fablica\u201d, afirmou a professora Bazzo.<\/p>\n\n\n\n<p>O simp\u00f3sio pi\u00b4ra foi um espa\u00e7o de debate crucial, focado no enfrentamento da hansen\u00edase e de outras doen\u00e7as de pele e infec\u00e7\u00f5es sexualmente transmiss\u00edveis (ISTs) que ainda representam um desafio significativo na regi\u00e3o. O evento contou com a participa\u00e7\u00e3o de pesquisadores, <strong>docentes e mestrandos do Programa PPGCAD<\/strong>, al\u00e9m de especialistas reconhecidos nacionalmente nas \u00e1reas de dermatologia, infectologia e sa\u00fade p\u00fablica, que compartilharam conhecimentos, discutiram estrat\u00e9gias e fortaleceram a rede de colabora\u00e7\u00e3o para a sa\u00fade p\u00fablica no Amazonas.<\/p>\n\n\n\n<p>A iniciativa refor\u00e7a o compromisso do PPGCAD em integrar o conhecimento acad\u00eamico com as necessidades de sa\u00fade da popula\u00e7\u00e3o, promovendo a troca de experi\u00eancias e a busca por solu\u00e7\u00f5es eficazes para as doen\u00e7as negligenciadas na Amaz\u00f4nia.<\/p>\n\n\n\n<p><em>Cr\u00e9ditos de texto e imagem: ASSCOM FUHAM.<\/em><\/p>\n\n\n\n<p><\/p>\n","protected":false},"excerpt":{"rendered":"<p>Simp\u00f3sio de doen\u00e7as negligenciadas reuniu profissionais e alunos das \u00e1reas de sa\u00fade de Manaus e outros lugares O Programa de P\u00f3s-Gradua\u00e7\u00e3o em Ci\u00eancias Aplicadas \u00e0 Dermatologia (PPGCAD) organizou o Simp\u00f3sio Pi&#8217;ra: Panorama e Desafios Sobre Hansen\u00edase, Doen\u00e7as Dermatol\u00f3gicas Negligenciadas e Infec\u00e7\u00f5es Sexualmente Transmiss\u00edveis no Amazonas, entre os dias 28 e 29 de agosto, encerrando a [&hellip;]<\/p>\n","protected":false},"author":2,"featured_media":3785,"comment_status":"closed","ping_status":"open","sticky":false,"template":"","format":"standard","meta":{"footnotes":""},"categories":[52,1],"tags":[],"class_list":["post-3784","post","type-post","status-publish","format-standard","has-post-thumbnail","hentry","category-institucional","category-pesquisa"],"blocksy_meta":[],"aioseo_notices":[],"_links":{"self":[{"href":"http:\/\/posgraduacao.uea.edu.br\/dermatologia\/index.php?rest_route=\/wp\/v2\/posts\/3784","targetHints":{"allow":["GET"]}}],"collection":[{"href":"http:\/\/posgraduacao.uea.edu.br\/dermatologia\/index.php?rest_route=\/wp\/v2\/posts"}],"about":[{"href":"http:\/\/posgraduacao.uea.edu.br\/dermatologia\/index.php?rest_route=\/wp\/v2\/types\/post"}],"author":[{"embeddable":true,"href":"http:\/\/posgraduacao.uea.edu.br\/dermatologia\/index.php?rest_route=\/wp\/v2\/users\/2"}],"replies":[{"embeddable":true,"href":"http:\/\/posgraduacao.uea.edu.br\/dermatologia\/index.php?rest_route=%2Fwp%2Fv2%2Fcomments&post=3784"}],"version-history":[{"count":5,"href":"http:\/\/posgraduacao.uea.edu.br\/dermatologia\/index.php?rest_route=\/wp\/v2\/posts\/3784\/revisions"}],"predecessor-version":[{"id":3797,"href":"http:\/\/posgraduacao.uea.edu.br\/dermatologia\/index.php?rest_route=\/wp\/v2\/posts\/3784\/revisions\/3797"}],"wp:featuredmedia":[{"embeddable":true,"href":"http:\/\/posgraduacao.uea.edu.br\/dermatologia\/index.php?rest_route=\/wp\/v2\/media\/3785"}],"wp:attachment":[{"href":"http:\/\/posgraduacao.uea.edu.br\/dermatologia\/index.php?rest_route=%2Fwp%2Fv2%2Fmedia&parent=3784"}],"wp:term":[{"taxonomy":"category","embeddable":true,"href":"http:\/\/posgraduacao.uea.edu.br\/dermatologia\/index.php?rest_route=%2Fwp%2Fv2%2Fcategories&post=3784"},{"taxonomy":"post_tag","embeddable":true,"href":"http:\/\/posgraduacao.uea.edu.br\/dermatologia\/index.php?rest_route=%2Fwp%2Fv2%2Ftags&post=3784"}],"curies":[{"name":"wp","href":"https:\/\/api.w.org\/{rel}","templated":true}]}}