{"id":3791,"date":"2025-09-10T08:54:44","date_gmt":"2025-09-10T12:54:44","guid":{"rendered":"http:\/\/posgraduacao.uea.edu.br\/dermatologia\/?p=3791"},"modified":"2026-02-12T11:31:31","modified_gmt":"2026-02-12T15:31:31","slug":"defesa-de-mestrado-discente-catherine-bianca-de-oliveira-rego","status":"publish","type":"post","link":"http:\/\/posgraduacao.uea.edu.br\/dermatologia\/?p=3791","title":{"rendered":"Defesa de Mestrado \u2013 Discente Catherine Bianca Oliveira do Rego"},"content":{"rendered":"\n<div class=\"wp-block-stackable-image stk-block-image stk-block stk-7442b19\" data-block-id=\"7442b19\"><figure><span class=\"stk-img-wrapper stk-image--shape-stretch\"><img loading=\"lazy\" decoding=\"async\" class=\"stk-img wp-image-3789\" src=\"http:\/\/posgraduacao.uea.edu.br\/dermatologia\/wp-content\/uploads\/2025\/09\/Defesa-Catherine-1.png\" width=\"800\" height=\"600\" srcset=\"http:\/\/posgraduacao.uea.edu.br\/dermatologia\/wp-content\/uploads\/2025\/09\/Defesa-Catherine-1.png 800w, http:\/\/posgraduacao.uea.edu.br\/dermatologia\/wp-content\/uploads\/2025\/09\/Defesa-Catherine-1-300x225.png 300w, http:\/\/posgraduacao.uea.edu.br\/dermatologia\/wp-content\/uploads\/2025\/09\/Defesa-Catherine-1-768x576.png 768w\" sizes=\"auto, (max-width: 800px) 100vw, 800px\" \/><\/span><\/figure><\/div>\n\n\n\n<p>A Coordena\u00e7\u00e3o do Programa de P\u00f3s-gradua\u00e7\u00e3o em ci\u00eancias aplicadas \u00e0 dermatologia da Universidade do Estado do Amazonas, em conv\u00eanio com a Funda\u00e7\u00e3o Hospitalar Alfredo da Matta, tem a grata satisfa\u00e7\u00e3o de convid\u00e1-los (as) a prestigiarem a defesa de mestrado conforme informa\u00e7\u00f5es abaixo:<\/p>\n\n\n\n<p>T\u00edtulo: <strong>&#8220;AVALIA\u00c7\u00c3O DE POLIMORFISMOS DE GENE TOLLIP COM A SUSCETIBILIDADE E RESIST\u00caNCIA \u00c0 HANSEN\u00cdASE, EM PACIENTES COM HANSEN\u00cdASE E CONTROLES, ATENDIDOS NA FUNDA\u00c7\u00c3O HOSPITALAR ALFREDO DA MATTA DE DERMATOLOGIA, MANAUS, AMAZONAS&#8221;.<\/strong><\/p>\n\n\n\n<p>Mestranda: <strong>Catherine Bianca Oliveira do Rego<\/strong><strong>.<\/strong><\/p>\n\n\n\n<p>Orientador (a): <strong>Profa. Dra. <\/strong><strong>Carolina Chrusciak Talhari Cortez<\/strong><strong>.<\/strong><\/p>\n\n\n\n<p><strong>Membros Titulares:<\/strong><\/p>\n\n\n\n<p>Profa. Dra. Carolina Chrusciak Talhari Cortez. (FUHAM);<br>Profa. Dra. Debora Raysa Teixeira de Souza (FMT);<br>Prof. Dr. Luiz Carlos de Lima Ferreira (UFAM).<\/p>\n\n\n\n<p><strong>Membros Suplentes:<\/strong><\/p>\n\n\n\n<p>Profa. Dra. Valderiza Louren\u00e7o Pedrosa (FUHAM\/AM) (FUHAM);<br>Prof. Dr. Sin\u00e9sio Talhari (FUHAM\/AM).<\/p>\n\n\n\n<p><strong>Data\/Hora:<\/strong> quinta-feira, 25 de setembro de 2025, \u00e0s 08:30h.<\/p>\n\n\n\n<p><strong>Local:<\/strong> Audit\u00f3rio FUHAM<\/p>\n\n\n\n<p><\/p>\n\n\n\n<p><\/p>\n\n\n\n<p><\/p>\n","protected":false},"excerpt":{"rendered":"<p>A Coordena\u00e7\u00e3o do Programa de P\u00f3s-gradua\u00e7\u00e3o em ci\u00eancias aplicadas \u00e0 dermatologia da Universidade do Estado do Amazonas, em conv\u00eanio com a Funda\u00e7\u00e3o Hospitalar Alfredo da Matta, tem a grata satisfa\u00e7\u00e3o de convid\u00e1-los (as) a prestigiarem a defesa de mestrado conforme informa\u00e7\u00f5es abaixo: T\u00edtulo: &#8220;AVALIA\u00c7\u00c3O DE POLIMORFISMOS DE GENE TOLLIP COM A SUSCETIBILIDADE E RESIST\u00caNCIA \u00c0 [&hellip;]<\/p>\n","protected":false},"author":2,"featured_media":3789,"comment_status":"closed","ping_status":"open","sticky":false,"template":"","format":"standard","meta":{"footnotes":""},"categories":[51,1],"tags":[],"class_list":["post-3791","post","type-post","status-publish","format-standard","has-post-thumbnail","hentry","category-defesa","category-pesquisa"],"blocksy_meta":[],"aioseo_notices":[],"_links":{"self":[{"href":"http:\/\/posgraduacao.uea.edu.br\/dermatologia\/index.php?rest_route=\/wp\/v2\/posts\/3791","targetHints":{"allow":["GET"]}}],"collection":[{"href":"http:\/\/posgraduacao.uea.edu.br\/dermatologia\/index.php?rest_route=\/wp\/v2\/posts"}],"about":[{"href":"http:\/\/posgraduacao.uea.edu.br\/dermatologia\/index.php?rest_route=\/wp\/v2\/types\/post"}],"author":[{"embeddable":true,"href":"http:\/\/posgraduacao.uea.edu.br\/dermatologia\/index.php?rest_route=\/wp\/v2\/users\/2"}],"replies":[{"embeddable":true,"href":"http:\/\/posgraduacao.uea.edu.br\/dermatologia\/index.php?rest_route=%2Fwp%2Fv2%2Fcomments&post=3791"}],"version-history":[{"count":3,"href":"http:\/\/posgraduacao.uea.edu.br\/dermatologia\/index.php?rest_route=\/wp\/v2\/posts\/3791\/revisions"}],"predecessor-version":[{"id":3803,"href":"http:\/\/posgraduacao.uea.edu.br\/dermatologia\/index.php?rest_route=\/wp\/v2\/posts\/3791\/revisions\/3803"}],"wp:featuredmedia":[{"embeddable":true,"href":"http:\/\/posgraduacao.uea.edu.br\/dermatologia\/index.php?rest_route=\/wp\/v2\/media\/3789"}],"wp:attachment":[{"href":"http:\/\/posgraduacao.uea.edu.br\/dermatologia\/index.php?rest_route=%2Fwp%2Fv2%2Fmedia&parent=3791"}],"wp:term":[{"taxonomy":"category","embeddable":true,"href":"http:\/\/posgraduacao.uea.edu.br\/dermatologia\/index.php?rest_route=%2Fwp%2Fv2%2Fcategories&post=3791"},{"taxonomy":"post_tag","embeddable":true,"href":"http:\/\/posgraduacao.uea.edu.br\/dermatologia\/index.php?rest_route=%2Fwp%2Fv2%2Ftags&post=3791"}],"curies":[{"name":"wp","href":"https:\/\/api.w.org\/{rel}","templated":true}]}}