{"id":3820,"date":"2025-10-10T12:34:53","date_gmt":"2025-10-10T16:34:53","guid":{"rendered":"http:\/\/posgraduacao.uea.edu.br\/dermatologia\/?p=3820"},"modified":"2026-02-12T11:31:30","modified_gmt":"2026-02-12T15:31:30","slug":"ppgcad-mestranda-em-dermatologia-e-premiada-em-concurso-fotografico-sobre-saude-publica","status":"publish","type":"post","link":"http:\/\/posgraduacao.uea.edu.br\/dermatologia\/?p=3820","title":{"rendered":"PPGCAD: Mestranda em dermatologia \u00e9 premiada em concurso fotogr\u00e1fico sobre sa\u00fade p\u00fablica"},"content":{"rendered":"\n<figure class=\"wp-block-image size-large is-resized\"><img loading=\"lazy\" decoding=\"async\" width=\"617\" height=\"1024\" src=\"http:\/\/posgraduacao.uea.edu.br\/dermatologia\/wp-content\/uploads\/2025\/10\/image-617x1024.jpeg\" alt=\"\" class=\"wp-image-3821\" style=\"width:294px;height:auto\" srcset=\"http:\/\/posgraduacao.uea.edu.br\/dermatologia\/wp-content\/uploads\/2025\/10\/image-617x1024.jpeg 617w, http:\/\/posgraduacao.uea.edu.br\/dermatologia\/wp-content\/uploads\/2025\/10\/image-181x300.jpeg 181w, http:\/\/posgraduacao.uea.edu.br\/dermatologia\/wp-content\/uploads\/2025\/10\/image-768x1275.jpeg 768w, http:\/\/posgraduacao.uea.edu.br\/dermatologia\/wp-content\/uploads\/2025\/10\/image-925x1536.jpeg 925w, http:\/\/posgraduacao.uea.edu.br\/dermatologia\/wp-content\/uploads\/2025\/10\/image.jpeg 964w\" sizes=\"auto, (max-width: 617px) 100vw, 617px\" \/><\/figure>\n\n\n\n<p>A aluna do curso de mestrado em Ci\u00eancias Aplicadas \u00e0 Dermatologia da Fuham\/UEA (PPGCAD), Karen Cristina Pantoja Rezende, levou o 1\u00ba lugar do concurso de fotografia do 3\u00ba Semin\u00e1rio de Enfermagem em Sa\u00fade P\u00fablica do Amazonas, realizado nos dias 25 e 26 de setembro.<\/p>\n\n\n\n<p>A foto premiada na categoria preto e branco, teve como t\u00edtulo \u201cCampanha Dezembro Laranja que fomenta a conscientiza\u00e7\u00e3o sobre o c\u00e2ncer de pele\u201d.<\/p>\n\n\n\n<p>O concurso fotogr\u00e1fico valorizou registros sobre a pr\u00e1tica da enfermagem e o cuidado em sa\u00fade p\u00fablica no Amazonas, reunindo pesquisadores, docentes, discentes e profissionais.<br><br><br>Confira a not\u00edcia na <a href=\"https:\/\/www.instagram.com\/p\/DPhC7ndERlP\/?utm_source=ig_web_copy_link&amp;igsh=MzRlODBiNWFlZA==\" target=\"_blank\" rel=\"noopener\" title=\"\">p\u00e1gina da FUHAM\/PPGCAD no Instagram<\/a>.<\/p>\n","protected":false},"excerpt":{"rendered":"<p>A aluna do curso de mestrado em Ci\u00eancias Aplicadas \u00e0 Dermatologia da Fuham\/UEA (PPGCAD), Karen Cristina Pantoja Rezende, levou o 1\u00ba lugar do concurso de fotografia do 3\u00ba Semin\u00e1rio de Enfermagem em Sa\u00fade P\u00fablica do Amazonas, realizado nos dias 25 e 26 de setembro. A foto premiada na categoria preto e branco, teve como t\u00edtulo [&hellip;]<\/p>\n","protected":false},"author":2,"featured_media":3823,"comment_status":"closed","ping_status":"open","sticky":false,"template":"","format":"standard","meta":{"footnotes":""},"categories":[29,28,52,1,39],"tags":[],"class_list":["post-3820","post","type-post","status-publish","format-standard","has-post-thumbnail","hentry","category-educacao","category-eventos-cientificos","category-institucional","category-pesquisa","category-ppgcad-na-comunidade"],"blocksy_meta":[],"aioseo_notices":[],"_links":{"self":[{"href":"http:\/\/posgraduacao.uea.edu.br\/dermatologia\/index.php?rest_route=\/wp\/v2\/posts\/3820","targetHints":{"allow":["GET"]}}],"collection":[{"href":"http:\/\/posgraduacao.uea.edu.br\/dermatologia\/index.php?rest_route=\/wp\/v2\/posts"}],"about":[{"href":"http:\/\/posgraduacao.uea.edu.br\/dermatologia\/index.php?rest_route=\/wp\/v2\/types\/post"}],"author":[{"embeddable":true,"href":"http:\/\/posgraduacao.uea.edu.br\/dermatologia\/index.php?rest_route=\/wp\/v2\/users\/2"}],"replies":[{"embeddable":true,"href":"http:\/\/posgraduacao.uea.edu.br\/dermatologia\/index.php?rest_route=%2Fwp%2Fv2%2Fcomments&post=3820"}],"version-history":[{"count":5,"href":"http:\/\/posgraduacao.uea.edu.br\/dermatologia\/index.php?rest_route=\/wp\/v2\/posts\/3820\/revisions"}],"predecessor-version":[{"id":3829,"href":"http:\/\/posgraduacao.uea.edu.br\/dermatologia\/index.php?rest_route=\/wp\/v2\/posts\/3820\/revisions\/3829"}],"wp:featuredmedia":[{"embeddable":true,"href":"http:\/\/posgraduacao.uea.edu.br\/dermatologia\/index.php?rest_route=\/wp\/v2\/media\/3823"}],"wp:attachment":[{"href":"http:\/\/posgraduacao.uea.edu.br\/dermatologia\/index.php?rest_route=%2Fwp%2Fv2%2Fmedia&parent=3820"}],"wp:term":[{"taxonomy":"category","embeddable":true,"href":"http:\/\/posgraduacao.uea.edu.br\/dermatologia\/index.php?rest_route=%2Fwp%2Fv2%2Fcategories&post=3820"},{"taxonomy":"post_tag","embeddable":true,"href":"http:\/\/posgraduacao.uea.edu.br\/dermatologia\/index.php?rest_route=%2Fwp%2Fv2%2Ftags&post=3820"}],"curies":[{"name":"wp","href":"https:\/\/api.w.org\/{rel}","templated":true}]}}