{"id":3888,"date":"2025-11-12T13:14:55","date_gmt":"2025-11-12T17:14:55","guid":{"rendered":"http:\/\/posgraduacao.uea.edu.br\/dermatologia\/?p=3888"},"modified":"2026-02-12T11:31:30","modified_gmt":"2026-02-12T15:31:30","slug":"aula-de-qualificacao-de-mestrado-discente-heber-santos-de-souza","status":"publish","type":"post","link":"http:\/\/posgraduacao.uea.edu.br\/dermatologia\/?p=3888","title":{"rendered":"Aula de Qualifica\u00e7\u00e3o de Mestrado \u2013 Discente H\u00e9ber Santos de Souza"},"content":{"rendered":"\n<div class=\"wp-block-stackable-image stk-block-image stk-block stk-16fb505\" data-block-id=\"16fb505\"><figure><span class=\"stk-img-wrapper stk-image--shape-stretch\"><img loading=\"lazy\" decoding=\"async\" class=\"stk-img wp-image-3889\" src=\"http:\/\/posgraduacao.uea.edu.br\/dermatologia\/wp-content\/uploads\/2025\/11\/Post-de-aula-de-qualificacao-Site_HEBER-SANTOS-1.png\" width=\"800\" height=\"600\" srcset=\"http:\/\/posgraduacao.uea.edu.br\/dermatologia\/wp-content\/uploads\/2025\/11\/Post-de-aula-de-qualificacao-Site_HEBER-SANTOS-1.png 800w, http:\/\/posgraduacao.uea.edu.br\/dermatologia\/wp-content\/uploads\/2025\/11\/Post-de-aula-de-qualificacao-Site_HEBER-SANTOS-1-300x225.png 300w, http:\/\/posgraduacao.uea.edu.br\/dermatologia\/wp-content\/uploads\/2025\/11\/Post-de-aula-de-qualificacao-Site_HEBER-SANTOS-1-768x576.png 768w\" sizes=\"auto, (max-width: 800px) 100vw, 800px\" \/><\/span><\/figure><\/div>\n\n\n\n<div class=\"wp-block-stackable-text stk-block-text stk-block stk-b64a245\" data-block-id=\"b64a245\"><p class=\"stk-block-text__text\">A Coordena\u00e7\u00e3o do Programa de P\u00f3s-gradua\u00e7\u00e3o em ci\u00eancias aplicadas \u00e0 dermatologia da Universidade do Estado do Amazonas, em conv\u00eanio com a Funda\u00e7\u00e3o Hospitalar Alfredo da Matta, tem a grata satisfa\u00e7\u00e3o de convid\u00e1-los (as) a prestigiarem a aula de qualifica\u00e7\u00e3o de mestrado conforme informa\u00e7\u00f5es abaixo:<\/p><\/div>\n\n\n\n<div class=\"wp-block-stackable-text stk-block-text stk-block stk-95ed818\" data-block-id=\"95ed818\"><p class=\"stk-block-text__text\">T\u00edtulo: \u201cPREDI\u00c7\u00c3O INTELIGENTE DO GRAU DE INCAPACIDADE F\u00cdSICA EM PACIENTES COM HANSEN\u00cdASE<strong>\u201d<\/strong>.<\/p><\/div>\n\n\n\n<div class=\"wp-block-stackable-text stk-block-text stk-block stk-93b0fa1\" data-block-id=\"93b0fa1\"><style>.stk-93b0fa1 {margin-bottom:23px !important;}<\/style><p class=\"stk-block-text__text\">Mestrando: <strong>H\u00e9ber Santos de Souza.<\/strong><\/p><\/div>\n\n\n\n<div class=\"wp-block-stackable-text stk-block-text stk-block stk-9959969\" data-block-id=\"9959969\"><style>.stk-9959969 {margin-bottom:23px !important;}<\/style><p class=\"stk-block-text__text\">Orientador (a): <strong>Prof. Dra. Valderiza Louren\u00e7o Pedroza (FUHAM\/AM)<\/strong>.<\/p><\/div>\n\n\n\n<div class=\"wp-block-stackable-text stk-block-text stk-block stk-3404db9\" data-block-id=\"3404db9\"><style>.stk-3404db9 {margin-bottom:25px !important;}<\/style><p class=\"stk-block-text__text\"><strong>Banca Examinadora<\/strong>:<br>Profa. Dra. Valderiza Lourenco Pedrosa (FUHAM\/AM)<br>Profa. Dra. Raissa dos Santos Barcellos (Universidade do Estado do Rio de Janeiro\/UERJ\/RJ)<br>Profa. Dra. Rossilene Concei\u00e7\u00e3o da Silva Cruz (FUHAM\/AM)<\/p><\/div>\n\n\n\n<div class=\"wp-block-stackable-text stk-block-text stk-block stk-a5dab5c\" data-block-id=\"a5dab5c\"><p class=\"stk-block-text__text\"><strong>Data\/Hora: <\/strong>Quarta-feira, 26 de novembro de 2025, \u00e0s 09:00 horas<\/p><\/div>\n\n\n\n<div class=\"wp-block-stackable-text stk-block-text stk-block stk-4e4a1a4\" data-block-id=\"4e4a1a4\"><p class=\"stk-block-text__text\"><strong>Local:<\/strong> Mini-audit\u00f3rio &#8211; FUHAM.<\/p><\/div>\n","protected":false},"excerpt":{"rendered":"<p>A Coordena\u00e7\u00e3o do Programa de P\u00f3s-gradua\u00e7\u00e3o em ci\u00eancias aplicadas \u00e0 dermatologia da Universidade do Estado do Amazonas, em conv\u00eanio com a Funda\u00e7\u00e3o Hospitalar Alfredo da Matta, tem a grata satisfa\u00e7\u00e3o de convid\u00e1-los (as) a prestigiarem a aula de qualifica\u00e7\u00e3o de mestrado conforme informa\u00e7\u00f5es abaixo: T\u00edtulo: \u201cPREDI\u00c7\u00c3O INTELIGENTE DO GRAU DE INCAPACIDADE F\u00cdSICA EM PACIENTES COM [&hellip;]<\/p>\n","protected":false},"author":6,"featured_media":3889,"comment_status":"closed","ping_status":"open","sticky":false,"template":"","format":"standard","meta":{"footnotes":""},"categories":[50,52,1],"tags":[],"class_list":["post-3888","post","type-post","status-publish","format-standard","has-post-thumbnail","hentry","category-aula-de-qualificacao","category-institucional","category-pesquisa"],"blocksy_meta":[],"aioseo_notices":[],"_links":{"self":[{"href":"http:\/\/posgraduacao.uea.edu.br\/dermatologia\/index.php?rest_route=\/wp\/v2\/posts\/3888","targetHints":{"allow":["GET"]}}],"collection":[{"href":"http:\/\/posgraduacao.uea.edu.br\/dermatologia\/index.php?rest_route=\/wp\/v2\/posts"}],"about":[{"href":"http:\/\/posgraduacao.uea.edu.br\/dermatologia\/index.php?rest_route=\/wp\/v2\/types\/post"}],"author":[{"embeddable":true,"href":"http:\/\/posgraduacao.uea.edu.br\/dermatologia\/index.php?rest_route=\/wp\/v2\/users\/6"}],"replies":[{"embeddable":true,"href":"http:\/\/posgraduacao.uea.edu.br\/dermatologia\/index.php?rest_route=%2Fwp%2Fv2%2Fcomments&post=3888"}],"version-history":[{"count":1,"href":"http:\/\/posgraduacao.uea.edu.br\/dermatologia\/index.php?rest_route=\/wp\/v2\/posts\/3888\/revisions"}],"predecessor-version":[{"id":3890,"href":"http:\/\/posgraduacao.uea.edu.br\/dermatologia\/index.php?rest_route=\/wp\/v2\/posts\/3888\/revisions\/3890"}],"wp:featuredmedia":[{"embeddable":true,"href":"http:\/\/posgraduacao.uea.edu.br\/dermatologia\/index.php?rest_route=\/wp\/v2\/media\/3889"}],"wp:attachment":[{"href":"http:\/\/posgraduacao.uea.edu.br\/dermatologia\/index.php?rest_route=%2Fwp%2Fv2%2Fmedia&parent=3888"}],"wp:term":[{"taxonomy":"category","embeddable":true,"href":"http:\/\/posgraduacao.uea.edu.br\/dermatologia\/index.php?rest_route=%2Fwp%2Fv2%2Fcategories&post=3888"},{"taxonomy":"post_tag","embeddable":true,"href":"http:\/\/posgraduacao.uea.edu.br\/dermatologia\/index.php?rest_route=%2Fwp%2Fv2%2Ftags&post=3888"}],"curies":[{"name":"wp","href":"https:\/\/api.w.org\/{rel}","templated":true}]}}