{"id":3901,"date":"2025-12-29T08:31:35","date_gmt":"2025-12-29T12:31:35","guid":{"rendered":"http:\/\/posgraduacao.uea.edu.br\/dermatologia\/?p=3901"},"modified":"2026-02-12T11:31:30","modified_gmt":"2026-02-12T15:31:30","slug":"defesa-de-mestrado-discente-patricia-tavares-cruz","status":"publish","type":"post","link":"http:\/\/posgraduacao.uea.edu.br\/dermatologia\/?p=3901","title":{"rendered":"Defesa de Mestrado \u2013 Discente Patr\u00edcia Tavares Cruz"},"content":{"rendered":"\n<figure class=\"wp-block-image size-full\"><img loading=\"lazy\" decoding=\"async\" width=\"800\" height=\"600\" src=\"http:\/\/posgraduacao.uea.edu.br\/dermatologia\/wp-content\/uploads\/2025\/12\/Defesa-Patricia-1.jpg\" alt=\"\" class=\"wp-image-3902\" srcset=\"http:\/\/posgraduacao.uea.edu.br\/dermatologia\/wp-content\/uploads\/2025\/12\/Defesa-Patricia-1.jpg 800w, http:\/\/posgraduacao.uea.edu.br\/dermatologia\/wp-content\/uploads\/2025\/12\/Defesa-Patricia-1-300x225.jpg 300w, http:\/\/posgraduacao.uea.edu.br\/dermatologia\/wp-content\/uploads\/2025\/12\/Defesa-Patricia-1-768x576.jpg 768w\" sizes=\"auto, (max-width: 800px) 100vw, 800px\" \/><\/figure>\n\n\n\n<p>A Coordena\u00e7\u00e3o do Programa de P\u00f3s-gradua\u00e7\u00e3o em ci\u00eancias aplicadas \u00e0 dermatologia da Universidade do Estado do Amazonas, em conv\u00eanio com a Funda\u00e7\u00e3o Hospitalar Alfredo da Matta, tem a grata satisfa\u00e7\u00e3o de convid\u00e1-los (as) a prestigiarem a defesa de mestrado conforme informa\u00e7\u00f5es abaixo:<\/p>\n\n\n\n<p>T\u00edtulo: <strong>\u201cPercep\u00e7\u00e3o de estigma associado \u00e0 hansen\u00edase entre pacientes, contatos e popula\u00e7\u00e3o n\u00e3o relacionada \u00e0 doen\u00e7a\u201d.<\/strong><\/p>\n\n\n\n<p>Mestranda: <strong>Patr\u00edcia Tavares Cruz.<\/strong><\/p>\n\n\n\n<p>Orientador (a): <strong>Prof. Dr. Sin\u00e9sio Talhari<\/strong><br><br><strong>Membros Titulares:<\/strong><br><br>Prof. Dr. Sin\u00e9sio Talhari (FUHAM)<br>Profa. Dra. Silmara Navarro Pennini (FUHAM)<br>Prof. Dr. Luiz Carlos de Lima Ferreira (UFAM)<\/p>\n\n\n\n<p><strong>Membros Suplentes:<\/strong><\/p>\n\n\n\n<p>Profa. Dra. Susan Smith Doria (UEA)<br>Prof. Dr. Fl\u00e1vio Alves Lara (FIOCRUZ\/RJ).<\/p>\n\n\n\n<p><strong>Data\/Hora:<\/strong> quarta-feira, 29 de dezembro de 2025, \u00e0s 09:00h.<br><strong>Local:<\/strong> Audit\u00f3rio- FUHAM<\/p>\n\n\n\n<p><\/p>\n","protected":false},"excerpt":{"rendered":"<p>A Coordena\u00e7\u00e3o do Programa de P\u00f3s-gradua\u00e7\u00e3o em ci\u00eancias aplicadas \u00e0 dermatologia da Universidade do Estado do Amazonas, em conv\u00eanio com a Funda\u00e7\u00e3o Hospitalar Alfredo da Matta, tem a grata satisfa\u00e7\u00e3o de convid\u00e1-los (as) a prestigiarem a defesa de mestrado conforme informa\u00e7\u00f5es abaixo: T\u00edtulo: \u201cPercep\u00e7\u00e3o de estigma associado \u00e0 hansen\u00edase entre pacientes, contatos e popula\u00e7\u00e3o n\u00e3o [&hellip;]<\/p>\n","protected":false},"author":6,"featured_media":3902,"comment_status":"closed","ping_status":"open","sticky":false,"template":"","format":"standard","meta":{"footnotes":""},"categories":[51,1],"tags":[],"class_list":["post-3901","post","type-post","status-publish","format-standard","has-post-thumbnail","hentry","category-defesa","category-pesquisa"],"blocksy_meta":[],"aioseo_notices":[],"_links":{"self":[{"href":"http:\/\/posgraduacao.uea.edu.br\/dermatologia\/index.php?rest_route=\/wp\/v2\/posts\/3901","targetHints":{"allow":["GET"]}}],"collection":[{"href":"http:\/\/posgraduacao.uea.edu.br\/dermatologia\/index.php?rest_route=\/wp\/v2\/posts"}],"about":[{"href":"http:\/\/posgraduacao.uea.edu.br\/dermatologia\/index.php?rest_route=\/wp\/v2\/types\/post"}],"author":[{"embeddable":true,"href":"http:\/\/posgraduacao.uea.edu.br\/dermatologia\/index.php?rest_route=\/wp\/v2\/users\/6"}],"replies":[{"embeddable":true,"href":"http:\/\/posgraduacao.uea.edu.br\/dermatologia\/index.php?rest_route=%2Fwp%2Fv2%2Fcomments&post=3901"}],"version-history":[{"count":1,"href":"http:\/\/posgraduacao.uea.edu.br\/dermatologia\/index.php?rest_route=\/wp\/v2\/posts\/3901\/revisions"}],"predecessor-version":[{"id":3903,"href":"http:\/\/posgraduacao.uea.edu.br\/dermatologia\/index.php?rest_route=\/wp\/v2\/posts\/3901\/revisions\/3903"}],"wp:featuredmedia":[{"embeddable":true,"href":"http:\/\/posgraduacao.uea.edu.br\/dermatologia\/index.php?rest_route=\/wp\/v2\/media\/3902"}],"wp:attachment":[{"href":"http:\/\/posgraduacao.uea.edu.br\/dermatologia\/index.php?rest_route=%2Fwp%2Fv2%2Fmedia&parent=3901"}],"wp:term":[{"taxonomy":"category","embeddable":true,"href":"http:\/\/posgraduacao.uea.edu.br\/dermatologia\/index.php?rest_route=%2Fwp%2Fv2%2Fcategories&post=3901"},{"taxonomy":"post_tag","embeddable":true,"href":"http:\/\/posgraduacao.uea.edu.br\/dermatologia\/index.php?rest_route=%2Fwp%2Fv2%2Ftags&post=3901"}],"curies":[{"name":"wp","href":"https:\/\/api.w.org\/{rel}","templated":true}]}}