{"id":3912,"date":"2026-01-12T14:00:13","date_gmt":"2026-01-12T18:00:13","guid":{"rendered":"http:\/\/posgraduacao.uea.edu.br\/dermatologia\/?p=3912"},"modified":"2026-02-12T11:31:29","modified_gmt":"2026-02-12T15:31:29","slug":"defesa-de-mestrado-discente-karen-cristina-pantoja-rezende","status":"publish","type":"post","link":"http:\/\/posgraduacao.uea.edu.br\/dermatologia\/?p=3912","title":{"rendered":"Defesa de Mestrado \u2013 Discente Karen Cristina Pantoja Rezende"},"content":{"rendered":"\n<figure class=\"wp-block-image size-full\"><img loading=\"lazy\" decoding=\"async\" width=\"800\" height=\"600\" src=\"http:\/\/posgraduacao.uea.edu.br\/dermatologia\/wp-content\/uploads\/2026\/01\/Defesa-Amanda.png\" alt=\"\" class=\"wp-image-3913\" srcset=\"http:\/\/posgraduacao.uea.edu.br\/dermatologia\/wp-content\/uploads\/2026\/01\/Defesa-Amanda.png 800w, http:\/\/posgraduacao.uea.edu.br\/dermatologia\/wp-content\/uploads\/2026\/01\/Defesa-Amanda-300x225.png 300w, http:\/\/posgraduacao.uea.edu.br\/dermatologia\/wp-content\/uploads\/2026\/01\/Defesa-Amanda-768x576.png 768w\" sizes=\"auto, (max-width: 800px) 100vw, 800px\" \/><\/figure>\n\n\n\n<p>A Coordena\u00e7\u00e3o do Programa de P\u00f3s-gradua\u00e7\u00e3o em ci\u00eancias aplicadas \u00e0 dermatologia da Universidade do Estado do Amazonas, em conv\u00eanio com a Funda\u00e7\u00e3o Hospitalar Alfredo da Matta, tem a grata satisfa\u00e7\u00e3o de parabenizar a defesa de mestrado da discente Karen Rezende.<\/p>\n\n\n\n<p>T\u00edtulo: <strong>\u201cPOTENCIALIDADES E DIFICULDADES PARA A ENFERMAGEM NO CUIDADO DE PACIENTES COM \u00daLCERAS PLANTAR DECORRENTES DA HANSEN\u00cdASE ATENDIDOS NA FUNDA\u00c7\u00c3O HOSPITALAR ALFREDO DA MATTA &#8211; FUHAM\u201d.<\/strong><\/p>\n\n\n\n<p>Mestranda: <strong>Karen Cristina Pantoja Rezende<\/strong><\/p>\n\n\n\n<p>Orientador (a): <strong>Prof. Dra. Jacqueline de Almeida Goncalves Sachett<\/strong><br><br><strong>Membros Titulares:<\/strong><br><br>&#8211; Profa. Dra. Jacqueline de Almeida Goncalves Sachett (FUHAM)<br>&#8211; Profa. Dra. Valderiza Louren\u00e7o Pedrosa (FUHAM)<br>&#8211; Profa. Dra. Alexandra Brito de Souza (FMT-HVD)<\/p>\n\n\n\n<p><\/p>\n\n\n\n<p><strong>Data\/Hora:<\/strong> segunda-feira, 12 de janeiro de 2026, \u00e0s 09:00h.<br><strong>Local:<\/strong> Audit\u00f3rio- FUHAM<\/p>\n\n\n\n<p><\/p>\n","protected":false},"excerpt":{"rendered":"<p>A Coordena\u00e7\u00e3o do Programa de P\u00f3s-gradua\u00e7\u00e3o em ci\u00eancias aplicadas \u00e0 dermatologia da Universidade do Estado do Amazonas, em conv\u00eanio com a Funda\u00e7\u00e3o Hospitalar Alfredo da Matta, tem a grata satisfa\u00e7\u00e3o de parabenizar a defesa de mestrado da discente Karen Rezende. T\u00edtulo: \u201cPOTENCIALIDADES E DIFICULDADES PARA A ENFERMAGEM NO CUIDADO DE PACIENTES COM \u00daLCERAS PLANTAR DECORRENTES [&hellip;]<\/p>\n","protected":false},"author":6,"featured_media":3913,"comment_status":"closed","ping_status":"open","sticky":false,"template":"","format":"standard","meta":{"footnotes":""},"categories":[51,1],"tags":[],"class_list":["post-3912","post","type-post","status-publish","format-standard","has-post-thumbnail","hentry","category-defesa","category-pesquisa"],"blocksy_meta":[],"aioseo_notices":[],"_links":{"self":[{"href":"http:\/\/posgraduacao.uea.edu.br\/dermatologia\/index.php?rest_route=\/wp\/v2\/posts\/3912","targetHints":{"allow":["GET"]}}],"collection":[{"href":"http:\/\/posgraduacao.uea.edu.br\/dermatologia\/index.php?rest_route=\/wp\/v2\/posts"}],"about":[{"href":"http:\/\/posgraduacao.uea.edu.br\/dermatologia\/index.php?rest_route=\/wp\/v2\/types\/post"}],"author":[{"embeddable":true,"href":"http:\/\/posgraduacao.uea.edu.br\/dermatologia\/index.php?rest_route=\/wp\/v2\/users\/6"}],"replies":[{"embeddable":true,"href":"http:\/\/posgraduacao.uea.edu.br\/dermatologia\/index.php?rest_route=%2Fwp%2Fv2%2Fcomments&post=3912"}],"version-history":[{"count":1,"href":"http:\/\/posgraduacao.uea.edu.br\/dermatologia\/index.php?rest_route=\/wp\/v2\/posts\/3912\/revisions"}],"predecessor-version":[{"id":3914,"href":"http:\/\/posgraduacao.uea.edu.br\/dermatologia\/index.php?rest_route=\/wp\/v2\/posts\/3912\/revisions\/3914"}],"wp:featuredmedia":[{"embeddable":true,"href":"http:\/\/posgraduacao.uea.edu.br\/dermatologia\/index.php?rest_route=\/wp\/v2\/media\/3913"}],"wp:attachment":[{"href":"http:\/\/posgraduacao.uea.edu.br\/dermatologia\/index.php?rest_route=%2Fwp%2Fv2%2Fmedia&parent=3912"}],"wp:term":[{"taxonomy":"category","embeddable":true,"href":"http:\/\/posgraduacao.uea.edu.br\/dermatologia\/index.php?rest_route=%2Fwp%2Fv2%2Fcategories&post=3912"},{"taxonomy":"post_tag","embeddable":true,"href":"http:\/\/posgraduacao.uea.edu.br\/dermatologia\/index.php?rest_route=%2Fwp%2Fv2%2Ftags&post=3912"}],"curies":[{"name":"wp","href":"https:\/\/api.w.org\/{rel}","templated":true}]}}