{"id":3915,"date":"2026-01-12T14:08:56","date_gmt":"2026-01-12T18:08:56","guid":{"rendered":"http:\/\/posgraduacao.uea.edu.br\/dermatologia\/?p=3915"},"modified":"2026-02-12T11:31:29","modified_gmt":"2026-02-12T15:31:29","slug":"defesa-de-mestrado-discente-jaqueline-da-silva-mendes","status":"publish","type":"post","link":"http:\/\/posgraduacao.uea.edu.br\/dermatologia\/?p=3915","title":{"rendered":"Defesa de Mestrado \u2013 Discente Jaqueline da Silva Mendes"},"content":{"rendered":"\n<figure class=\"wp-block-image size-full\"><img loading=\"lazy\" decoding=\"async\" width=\"800\" height=\"600\" src=\"http:\/\/posgraduacao.uea.edu.br\/dermatologia\/wp-content\/uploads\/2026\/01\/Defesa-Jaqueline-1.jpg\" alt=\"\" class=\"wp-image-3917\" srcset=\"http:\/\/posgraduacao.uea.edu.br\/dermatologia\/wp-content\/uploads\/2026\/01\/Defesa-Jaqueline-1.jpg 800w, http:\/\/posgraduacao.uea.edu.br\/dermatologia\/wp-content\/uploads\/2026\/01\/Defesa-Jaqueline-1-300x225.jpg 300w, http:\/\/posgraduacao.uea.edu.br\/dermatologia\/wp-content\/uploads\/2026\/01\/Defesa-Jaqueline-1-768x576.jpg 768w\" sizes=\"auto, (max-width: 800px) 100vw, 800px\" \/><\/figure>\n\n\n\n<p>A Coordena\u00e7\u00e3o do Programa de P\u00f3s-gradua\u00e7\u00e3o em ci\u00eancias aplicadas \u00e0 dermatologia da Universidade do Estado do Amazonas, em conv\u00eanio com a Funda\u00e7\u00e3o Hospitalar Alfredo da Matta, tem a grata satisfa\u00e7\u00e3o de convid\u00e1-los (as) a prestigiarem a defesa de mestrado conforme informa\u00e7\u00f5es abaixo:<\/p>\n\n\n\n<p>T\u00edtulo: <strong>\u201cDESEMPENHO DIAGN\u00d3STICO DA PALPA\u00c7\u00c3O DE NERVOS PERIF\u00c9RICOS EM COMPARA\u00c7\u00c3O COM A ULTRASSONOGRAFIA NA NEUROPATIA DA HANSEN\u00cdASE: AVALIA\u00c7\u00c3O PROSPECTIVA EM AMBIENTE CL\u00cdNICO DO MUNDO REAL\u201d.<\/strong><\/p>\n\n\n\n<p>Mestranda: <strong>Jaqueline da Silva Mendes<\/strong><\/p>\n\n\n\n<p>Orientador (a): <strong>Prof. Dr. Sin\u00e9sio Talhari<\/strong><br><br><strong>Membros Titulares:<\/strong><br><br>Prof. Dr. Sin\u00e9sio Talhari (FUHAM)<br>Profa. Dra. Silmara Navarro Pennini (FUHAM)<br>Prof. Dr. Francisco Mateus Jo\u00e3o (UEA\/AM)<\/p>\n\n\n\n<p><strong>Membros Suplentes:<\/strong><\/p>\n\n\n\n<p>Profa. Dra. Susan Smith Doria (UEA)<br>Prof. Dr. Luiz Carlos de Lima Ferreira (UFAM).<\/p>\n\n\n\n<p><strong>Data\/Hora:<\/strong> sexta-feira, 16 de janeiro de 2026, \u00e0s 09:00h.<br><strong>Local:<\/strong> Audit\u00f3rio- FUHAM<\/p>\n\n\n\n<p><\/p>\n","protected":false},"excerpt":{"rendered":"<p>A Coordena\u00e7\u00e3o do Programa de P\u00f3s-gradua\u00e7\u00e3o em ci\u00eancias aplicadas \u00e0 dermatologia da Universidade do Estado do Amazonas, em conv\u00eanio com a Funda\u00e7\u00e3o Hospitalar Alfredo da Matta, tem a grata satisfa\u00e7\u00e3o de convid\u00e1-los (as) a prestigiarem a defesa de mestrado conforme informa\u00e7\u00f5es abaixo: T\u00edtulo: \u201cDESEMPENHO DIAGN\u00d3STICO DA PALPA\u00c7\u00c3O DE NERVOS PERIF\u00c9RICOS EM COMPARA\u00c7\u00c3O COM A ULTRASSONOGRAFIA [&hellip;]<\/p>\n","protected":false},"author":6,"featured_media":3917,"comment_status":"closed","ping_status":"open","sticky":false,"template":"","format":"standard","meta":{"footnotes":""},"categories":[51,1],"tags":[],"class_list":["post-3915","post","type-post","status-publish","format-standard","has-post-thumbnail","hentry","category-defesa","category-pesquisa"],"blocksy_meta":[],"aioseo_notices":[],"_links":{"self":[{"href":"http:\/\/posgraduacao.uea.edu.br\/dermatologia\/index.php?rest_route=\/wp\/v2\/posts\/3915","targetHints":{"allow":["GET"]}}],"collection":[{"href":"http:\/\/posgraduacao.uea.edu.br\/dermatologia\/index.php?rest_route=\/wp\/v2\/posts"}],"about":[{"href":"http:\/\/posgraduacao.uea.edu.br\/dermatologia\/index.php?rest_route=\/wp\/v2\/types\/post"}],"author":[{"embeddable":true,"href":"http:\/\/posgraduacao.uea.edu.br\/dermatologia\/index.php?rest_route=\/wp\/v2\/users\/6"}],"replies":[{"embeddable":true,"href":"http:\/\/posgraduacao.uea.edu.br\/dermatologia\/index.php?rest_route=%2Fwp%2Fv2%2Fcomments&post=3915"}],"version-history":[{"count":1,"href":"http:\/\/posgraduacao.uea.edu.br\/dermatologia\/index.php?rest_route=\/wp\/v2\/posts\/3915\/revisions"}],"predecessor-version":[{"id":3918,"href":"http:\/\/posgraduacao.uea.edu.br\/dermatologia\/index.php?rest_route=\/wp\/v2\/posts\/3915\/revisions\/3918"}],"wp:featuredmedia":[{"embeddable":true,"href":"http:\/\/posgraduacao.uea.edu.br\/dermatologia\/index.php?rest_route=\/wp\/v2\/media\/3917"}],"wp:attachment":[{"href":"http:\/\/posgraduacao.uea.edu.br\/dermatologia\/index.php?rest_route=%2Fwp%2Fv2%2Fmedia&parent=3915"}],"wp:term":[{"taxonomy":"category","embeddable":true,"href":"http:\/\/posgraduacao.uea.edu.br\/dermatologia\/index.php?rest_route=%2Fwp%2Fv2%2Fcategories&post=3915"},{"taxonomy":"post_tag","embeddable":true,"href":"http:\/\/posgraduacao.uea.edu.br\/dermatologia\/index.php?rest_route=%2Fwp%2Fv2%2Ftags&post=3915"}],"curies":[{"name":"wp","href":"https:\/\/api.w.org\/{rel}","templated":true}]}}