{"id":3995,"date":"2026-03-27T09:17:20","date_gmt":"2026-03-27T13:17:20","guid":{"rendered":"http:\/\/posgraduacao.uea.edu.br\/dermatologia\/?p=3995"},"modified":"2026-03-27T09:17:23","modified_gmt":"2026-03-27T13:17:23","slug":"defesa-de-mestrado-discente-antonio-cloves-carvalho-de-moura","status":"publish","type":"post","link":"http:\/\/posgraduacao.uea.edu.br\/dermatologia\/?p=3995","title":{"rendered":"Defesa de Mestrado \u2013 Discente Ant\u00f4nio Cloves Carvalho de Moura"},"content":{"rendered":"\n<figure class=\"wp-block-image size-full\"><img loading=\"lazy\" decoding=\"async\" width=\"800\" height=\"600\" src=\"http:\/\/posgraduacao.uea.edu.br\/dermatologia\/wp-content\/uploads\/2026\/03\/Defesa-Antonio-Cloves.jpg\" alt=\"\" class=\"wp-image-3994\" srcset=\"http:\/\/posgraduacao.uea.edu.br\/dermatologia\/wp-content\/uploads\/2026\/03\/Defesa-Antonio-Cloves.jpg 800w, http:\/\/posgraduacao.uea.edu.br\/dermatologia\/wp-content\/uploads\/2026\/03\/Defesa-Antonio-Cloves-300x225.jpg 300w, http:\/\/posgraduacao.uea.edu.br\/dermatologia\/wp-content\/uploads\/2026\/03\/Defesa-Antonio-Cloves-768x576.jpg 768w\" sizes=\"auto, (max-width: 800px) 100vw, 800px\" \/><\/figure>\n\n\n\n<p>A Coordena\u00e7\u00e3o do Programa de P\u00f3s-gradua\u00e7\u00e3o em Ci\u00eancias Aplicadas \u00e0 Dermatologia da Universidade do Estado do Amazonas, em conv\u00eanio com a Funda\u00e7\u00e3o Hospitalar Alfredo da Matta, tem a grata satisfa\u00e7\u00e3o de convid\u00e1-los (as) a prestigiarem a defesa de mestrado do discente Ant\u00f4nio Cloves Carvalho de Moura, conforme informa\u00e7\u00f5es abaixo:<\/p>\n\n\n\n<p>T\u00edtulo: <strong>\u201c<\/strong>CRIT\u00c9RIOS USADOS NA MUDAN\u00c7A DE ESQUEMA TERAP\u00caUTICO NO TRATAMENTO DE HANSEN\u00cdASE EM CENTRO DE REFER\u00caNCIA EM MANAUS\u2013 AMAZONAS<strong>\u201d.<\/strong><\/p>\n\n\n\n<p>Mestrando: <strong>Ant\u00f4nio Cloves Carvalho de Moura<\/strong><\/p>\n\n\n\n<p>Orientador (a): <strong>Prof. Dra. Rossilene Concei\u00e7\u00e3o da Silva Cruz<\/strong><br><br><strong>Membros Titulares:<\/strong><br>Profa. Dra. Rossilene Concei\u00e7\u00e3o da Silva Cruz (FUHAM)<br>Prof. Dr. Sin\u00e9sio Talhari (FUHAM)<br>Prof. Dr. Luiz Carlos de Lima Ferreira (UFAM)<\/p>\n\n\n\n<p><strong>Membros Suplentes:<\/strong><\/p>\n\n\n\n<p>Profa. Dra. Susan Smith Doria (UEA)<br>Profa. Dra. Silmara Navarro Pennini (FUHAM)<\/p>\n\n\n\n<p><\/p>\n\n\n\n<p><strong>Data\/Hora:<\/strong> 10 de abril de 2026 (Sexta-feira), \u00e0s 09:00h.<br><strong>Local:<\/strong> Audit\u00f3rio- FUHAM<\/p>\n\n\n\n<p><\/p>\n","protected":false},"excerpt":{"rendered":"<p>A Coordena\u00e7\u00e3o do Programa de P\u00f3s-gradua\u00e7\u00e3o em Ci\u00eancias Aplicadas \u00e0 Dermatologia da Universidade do Estado do Amazonas, em conv\u00eanio com a Funda\u00e7\u00e3o Hospitalar Alfredo da Matta, tem a grata satisfa\u00e7\u00e3o de convid\u00e1-los (as) a prestigiarem a defesa de mestrado do discente Ant\u00f4nio Cloves Carvalho de Moura, conforme informa\u00e7\u00f5es abaixo: T\u00edtulo: \u201cCRIT\u00c9RIOS USADOS NA MUDAN\u00c7A DE [&hellip;]<\/p>\n","protected":false},"author":6,"featured_media":3994,"comment_status":"closed","ping_status":"open","sticky":false,"template":"","format":"standard","meta":{"footnotes":""},"categories":[51,1],"tags":[],"class_list":["post-3995","post","type-post","status-publish","format-standard","has-post-thumbnail","hentry","category-defesa","category-pesquisa"],"blocksy_meta":[],"aioseo_notices":[],"_links":{"self":[{"href":"http:\/\/posgraduacao.uea.edu.br\/dermatologia\/index.php?rest_route=\/wp\/v2\/posts\/3995","targetHints":{"allow":["GET"]}}],"collection":[{"href":"http:\/\/posgraduacao.uea.edu.br\/dermatologia\/index.php?rest_route=\/wp\/v2\/posts"}],"about":[{"href":"http:\/\/posgraduacao.uea.edu.br\/dermatologia\/index.php?rest_route=\/wp\/v2\/types\/post"}],"author":[{"embeddable":true,"href":"http:\/\/posgraduacao.uea.edu.br\/dermatologia\/index.php?rest_route=\/wp\/v2\/users\/6"}],"replies":[{"embeddable":true,"href":"http:\/\/posgraduacao.uea.edu.br\/dermatologia\/index.php?rest_route=%2Fwp%2Fv2%2Fcomments&post=3995"}],"version-history":[{"count":1,"href":"http:\/\/posgraduacao.uea.edu.br\/dermatologia\/index.php?rest_route=\/wp\/v2\/posts\/3995\/revisions"}],"predecessor-version":[{"id":3996,"href":"http:\/\/posgraduacao.uea.edu.br\/dermatologia\/index.php?rest_route=\/wp\/v2\/posts\/3995\/revisions\/3996"}],"wp:featuredmedia":[{"embeddable":true,"href":"http:\/\/posgraduacao.uea.edu.br\/dermatologia\/index.php?rest_route=\/wp\/v2\/media\/3994"}],"wp:attachment":[{"href":"http:\/\/posgraduacao.uea.edu.br\/dermatologia\/index.php?rest_route=%2Fwp%2Fv2%2Fmedia&parent=3995"}],"wp:term":[{"taxonomy":"category","embeddable":true,"href":"http:\/\/posgraduacao.uea.edu.br\/dermatologia\/index.php?rest_route=%2Fwp%2Fv2%2Fcategories&post=3995"},{"taxonomy":"post_tag","embeddable":true,"href":"http:\/\/posgraduacao.uea.edu.br\/dermatologia\/index.php?rest_route=%2Fwp%2Fv2%2Ftags&post=3995"}],"curies":[{"name":"wp","href":"https:\/\/api.w.org\/{rel}","templated":true}]}}