{"id":4012,"date":"2026-04-17T07:00:00","date_gmt":"2026-04-17T11:00:00","guid":{"rendered":"http:\/\/posgraduacao.uea.edu.br\/dermatologia\/?p=4012"},"modified":"2026-04-15T11:31:32","modified_gmt":"2026-04-15T15:31:32","slug":"defesa-de-mestrado-discente-diogo-matos-dos-santos","status":"publish","type":"post","link":"http:\/\/posgraduacao.uea.edu.br\/dermatologia\/?p=4012","title":{"rendered":"Defesa de Mestrado \u2013 Discente Diogo Matos dos Santos"},"content":{"rendered":"\n<figure class=\"wp-block-image size-full\"><img loading=\"lazy\" decoding=\"async\" width=\"800\" height=\"600\" src=\"http:\/\/posgraduacao.uea.edu.br\/dermatologia\/wp-content\/uploads\/2026\/04\/Defesa-Diogo-Matos.jpg\" alt=\"\" class=\"wp-image-4008\" srcset=\"http:\/\/posgraduacao.uea.edu.br\/dermatologia\/wp-content\/uploads\/2026\/04\/Defesa-Diogo-Matos.jpg 800w, http:\/\/posgraduacao.uea.edu.br\/dermatologia\/wp-content\/uploads\/2026\/04\/Defesa-Diogo-Matos-300x225.jpg 300w, http:\/\/posgraduacao.uea.edu.br\/dermatologia\/wp-content\/uploads\/2026\/04\/Defesa-Diogo-Matos-768x576.jpg 768w\" sizes=\"auto, (max-width: 800px) 100vw, 800px\" \/><\/figure>\n\n\n\n<p>A Coordena\u00e7\u00e3o do Programa de P\u00f3s-gradua\u00e7\u00e3o em Ci\u00eancias Aplicadas \u00e0 Dermatologia da Universidade do Estado do Amazonas, em conv\u00eanio com a Funda\u00e7\u00e3o Hospitalar Alfredo da Matta, tem a grata satisfa\u00e7\u00e3o de convid\u00e1-los (as) a prestigiarem a defesa de mestrado do discente Diogo Matos dos Santos, conforme informa\u00e7\u00f5es abaixo:<\/p>\n\n\n\n<p>T\u00edtulo da disserta\u00e7\u00e3o: <strong>\u201c<\/strong>VALIDA\u00c7\u00c3O DE UM ENSAIO DE qPCR COM OS MARCADORES ITS1 E HSP70 PARA O DIAGN\u00d3STICO E IDENTIFICA\u00c7\u00c3O DE ESP\u00c9CIES DA LEISHMANIOSE TEGUMENTAR AMERICANA EM AMOSTRAS CL\u00cdNICAS, AMAZONAS, BRASIL&#8221;<\/p>\n\n\n\n<p>Mestrando: <strong>Diogo Matos dos Santos<\/strong><\/p>\n\n\n\n<p>Orientador (a): <strong>Prof. Dr. Andr\u00e9 Luiz Leturiondo<\/strong><br>Coorientador (a): <strong>Prof. Dr. Felipe Jules Santos<\/strong><\/p>\n\n\n\n<p><br><strong>Membros Titulares:<\/strong><br>Prof. Dr. Andre Luiz Leturiondo (FUHAM)<br>Prof. Dr. Jos\u00e9 do Esp\u00edrito Santo J\u00fanior (UniNilton Lins)<br>Profa. Dra. Carolina Chrusciak Talhari Cortez (FUHAM)<\/p>\n\n\n\n<p><strong>Membros Suplentes:<\/strong><\/p>\n\n\n\n<p>Prof. Dr. George Allan Villarouco da Silva (FHEMOAM)<br>Profa. Dra. Valderiza Louren\u00e7o Pedrosa (FUHAM).<\/p>\n\n\n\n<p><\/p>\n\n\n\n<p><strong>Data\/Hora:<\/strong> 29 de abril de 2026 (Quarta-feira), \u00e0s 10:00h.<br><strong>Local:<\/strong> Miniaudit\u00f3rio- FUHAM<\/p>\n\n\n\n<p><\/p>\n","protected":false},"excerpt":{"rendered":"<p>A Coordena\u00e7\u00e3o do Programa de P\u00f3s-gradua\u00e7\u00e3o em Ci\u00eancias Aplicadas \u00e0 Dermatologia da Universidade do Estado do Amazonas, em conv\u00eanio com a Funda\u00e7\u00e3o Hospitalar Alfredo da Matta, tem a grata satisfa\u00e7\u00e3o de convid\u00e1-los (as) a prestigiarem a defesa de mestrado do discente Diogo Matos dos Santos, conforme informa\u00e7\u00f5es abaixo: T\u00edtulo da disserta\u00e7\u00e3o: \u201cVALIDA\u00c7\u00c3O DE UM ENSAIO [&hellip;]<\/p>\n","protected":false},"author":6,"featured_media":4008,"comment_status":"closed","ping_status":"open","sticky":false,"template":"","format":"standard","meta":{"footnotes":""},"categories":[51,1],"tags":[],"class_list":["post-4012","post","type-post","status-publish","format-standard","has-post-thumbnail","hentry","category-defesa","category-pesquisa"],"blocksy_meta":[],"aioseo_notices":[],"_links":{"self":[{"href":"http:\/\/posgraduacao.uea.edu.br\/dermatologia\/index.php?rest_route=\/wp\/v2\/posts\/4012","targetHints":{"allow":["GET"]}}],"collection":[{"href":"http:\/\/posgraduacao.uea.edu.br\/dermatologia\/index.php?rest_route=\/wp\/v2\/posts"}],"about":[{"href":"http:\/\/posgraduacao.uea.edu.br\/dermatologia\/index.php?rest_route=\/wp\/v2\/types\/post"}],"author":[{"embeddable":true,"href":"http:\/\/posgraduacao.uea.edu.br\/dermatologia\/index.php?rest_route=\/wp\/v2\/users\/6"}],"replies":[{"embeddable":true,"href":"http:\/\/posgraduacao.uea.edu.br\/dermatologia\/index.php?rest_route=%2Fwp%2Fv2%2Fcomments&post=4012"}],"version-history":[{"count":1,"href":"http:\/\/posgraduacao.uea.edu.br\/dermatologia\/index.php?rest_route=\/wp\/v2\/posts\/4012\/revisions"}],"predecessor-version":[{"id":4013,"href":"http:\/\/posgraduacao.uea.edu.br\/dermatologia\/index.php?rest_route=\/wp\/v2\/posts\/4012\/revisions\/4013"}],"wp:featuredmedia":[{"embeddable":true,"href":"http:\/\/posgraduacao.uea.edu.br\/dermatologia\/index.php?rest_route=\/wp\/v2\/media\/4008"}],"wp:attachment":[{"href":"http:\/\/posgraduacao.uea.edu.br\/dermatologia\/index.php?rest_route=%2Fwp%2Fv2%2Fmedia&parent=4012"}],"wp:term":[{"taxonomy":"category","embeddable":true,"href":"http:\/\/posgraduacao.uea.edu.br\/dermatologia\/index.php?rest_route=%2Fwp%2Fv2%2Fcategories&post=4012"},{"taxonomy":"post_tag","embeddable":true,"href":"http:\/\/posgraduacao.uea.edu.br\/dermatologia\/index.php?rest_route=%2Fwp%2Fv2%2Ftags&post=4012"}],"curies":[{"name":"wp","href":"https:\/\/api.w.org\/{rel}","templated":true}]}}