{"id":4014,"date":"2026-04-17T15:00:00","date_gmt":"2026-04-17T19:00:00","guid":{"rendered":"http:\/\/posgraduacao.uea.edu.br\/dermatologia\/?p=4014"},"modified":"2026-04-15T11:39:53","modified_gmt":"2026-04-15T15:39:53","slug":"defesa-de-mestrado-discente-guilherme-caldas-de-souza","status":"publish","type":"post","link":"http:\/\/posgraduacao.uea.edu.br\/dermatologia\/?p=4014","title":{"rendered":"Defesa de Mestrado \u2013 Discente Guilherme Caldas de Souza"},"content":{"rendered":"\n<figure class=\"wp-block-image size-full\"><img loading=\"lazy\" decoding=\"async\" width=\"800\" height=\"600\" src=\"http:\/\/posgraduacao.uea.edu.br\/dermatologia\/wp-content\/uploads\/2026\/04\/Defesa-Guilherme-Caldas.jpg\" alt=\"\" class=\"wp-image-4015\" srcset=\"http:\/\/posgraduacao.uea.edu.br\/dermatologia\/wp-content\/uploads\/2026\/04\/Defesa-Guilherme-Caldas.jpg 800w, http:\/\/posgraduacao.uea.edu.br\/dermatologia\/wp-content\/uploads\/2026\/04\/Defesa-Guilherme-Caldas-300x225.jpg 300w, http:\/\/posgraduacao.uea.edu.br\/dermatologia\/wp-content\/uploads\/2026\/04\/Defesa-Guilherme-Caldas-768x576.jpg 768w\" sizes=\"auto, (max-width: 800px) 100vw, 800px\" \/><\/figure>\n\n\n\n<p>A Coordena\u00e7\u00e3o do Programa de P\u00f3s-gradua\u00e7\u00e3o em Ci\u00eancias Aplicadas \u00e0 Dermatologia da Universidade do Estado do Amazonas, em conv\u00eanio com a Funda\u00e7\u00e3o Hospitalar Alfredo da Matta, tem a grata satisfa\u00e7\u00e3o de convid\u00e1-los (as) a prestigiarem a defesa de mestrado do discente Guilherme Caldas de Souza, conforme informa\u00e7\u00f5es abaixo:<\/p>\n\n\n\n<p>T\u00edtulo da disserta\u00e7\u00e3o: <strong>\u201c<\/strong>FREQU\u00caNCIA DAS ESP\u00c9CIES DE <em>Sporothrix spp<\/em>. POR q-PCR EM UM CENTRO DE REFER\u00caNCIA EM DERMATOLOGIA NO AMAZONAS&#8221;<\/p>\n\n\n\n<p>Mestrando: <strong>Guilherme Caldas de Souza<\/strong><\/p>\n\n\n\n<p>Orientador (a): <strong>Prof. Dr. Andr\u00e9 Luiz Leturiondo<\/strong><br><br><strong>Membros Titulares:<\/strong><br>Prof. Dr. Andre Luiz Leturiondo (FUHAM)<br>rofa. Dra. D\u00e9bora Raysa Teixeira de Sousa (FMT-HVD)<br>Profa. Dra. Valderiza Louren\u00e7o Pedrosa (FUHAM)<\/p>\n\n\n\n<p><strong>Membros Suplentes:<\/strong><\/p>\n\n\n\n<p>Profa. Dra. Susan Smith Doria (UEA)<br>Prof. Dr. Jos\u00e9 do Esp\u00edrito Santo J\u00fanior (UniNilton Lins)<\/p>\n\n\n\n<p><\/p>\n\n\n\n<p><strong>Data\/Hora:<\/strong> 30 de abril de 2026 (Quinta-feira), \u00e0s 09:00h.<br><strong>Local:<\/strong> Miniaudit\u00f3rio- FUHAM<\/p>\n\n\n\n<p><\/p>\n","protected":false},"excerpt":{"rendered":"<p>A Coordena\u00e7\u00e3o do Programa de P\u00f3s-gradua\u00e7\u00e3o em Ci\u00eancias Aplicadas \u00e0 Dermatologia da Universidade do Estado do Amazonas, em conv\u00eanio com a Funda\u00e7\u00e3o Hospitalar Alfredo da Matta, tem a grata satisfa\u00e7\u00e3o de convid\u00e1-los (as) a prestigiarem a defesa de mestrado do discente Guilherme Caldas de Souza, conforme informa\u00e7\u00f5es abaixo: T\u00edtulo da disserta\u00e7\u00e3o: \u201cFREQU\u00caNCIA DAS ESP\u00c9CIES DE [&hellip;]<\/p>\n","protected":false},"author":6,"featured_media":4015,"comment_status":"closed","ping_status":"open","sticky":false,"template":"","format":"standard","meta":{"footnotes":""},"categories":[51,1],"tags":[],"class_list":["post-4014","post","type-post","status-publish","format-standard","has-post-thumbnail","hentry","category-defesa","category-pesquisa"],"blocksy_meta":[],"aioseo_notices":[],"_links":{"self":[{"href":"http:\/\/posgraduacao.uea.edu.br\/dermatologia\/index.php?rest_route=\/wp\/v2\/posts\/4014","targetHints":{"allow":["GET"]}}],"collection":[{"href":"http:\/\/posgraduacao.uea.edu.br\/dermatologia\/index.php?rest_route=\/wp\/v2\/posts"}],"about":[{"href":"http:\/\/posgraduacao.uea.edu.br\/dermatologia\/index.php?rest_route=\/wp\/v2\/types\/post"}],"author":[{"embeddable":true,"href":"http:\/\/posgraduacao.uea.edu.br\/dermatologia\/index.php?rest_route=\/wp\/v2\/users\/6"}],"replies":[{"embeddable":true,"href":"http:\/\/posgraduacao.uea.edu.br\/dermatologia\/index.php?rest_route=%2Fwp%2Fv2%2Fcomments&post=4014"}],"version-history":[{"count":1,"href":"http:\/\/posgraduacao.uea.edu.br\/dermatologia\/index.php?rest_route=\/wp\/v2\/posts\/4014\/revisions"}],"predecessor-version":[{"id":4016,"href":"http:\/\/posgraduacao.uea.edu.br\/dermatologia\/index.php?rest_route=\/wp\/v2\/posts\/4014\/revisions\/4016"}],"wp:featuredmedia":[{"embeddable":true,"href":"http:\/\/posgraduacao.uea.edu.br\/dermatologia\/index.php?rest_route=\/wp\/v2\/media\/4015"}],"wp:attachment":[{"href":"http:\/\/posgraduacao.uea.edu.br\/dermatologia\/index.php?rest_route=%2Fwp%2Fv2%2Fmedia&parent=4014"}],"wp:term":[{"taxonomy":"category","embeddable":true,"href":"http:\/\/posgraduacao.uea.edu.br\/dermatologia\/index.php?rest_route=%2Fwp%2Fv2%2Fcategories&post=4014"},{"taxonomy":"post_tag","embeddable":true,"href":"http:\/\/posgraduacao.uea.edu.br\/dermatologia\/index.php?rest_route=%2Fwp%2Fv2%2Ftags&post=4014"}],"curies":[{"name":"wp","href":"https:\/\/api.w.org\/{rel}","templated":true}]}}