{"id":1145,"date":"2025-08-20T16:52:19","date_gmt":"2025-08-20T19:52:19","guid":{"rendered":"http:\/\/posgraduacao.uea.edu.br\/direitoambiental\/?p=1145"},"modified":"2025-09-26T16:38:35","modified_gmt":"2025-09-26T19:38:35","slug":"mestrado-em-direito-ambientalppgda-divulga-link-do-drive-com-anexos-editaveismestrado-em-direito-ambiental","status":"publish","type":"post","link":"http:\/\/posgraduacao.uea.edu.br\/direitoambiental\/index.php\/2025\/08\/20\/mestrado-em-direito-ambientalppgda-divulga-link-do-drive-com-anexos-editaveismestrado-em-direito-ambiental\/","title":{"rendered":"PPGDA\/UEA abre inscri\u00e7\u00f5es para o Mestrado em Direito Ambiental, Turma 2026"},"content":{"rendered":"\n<p>O Programa de P\u00f3s-Gradua\u00e7\u00e3o em Direito Ambiental da Universidade do Estado do Amazonas (PPGDA\/UEA) informa que est\u00e3o abertas as inscri\u00e7\u00f5es para o processo seletivo do Mestrado em Direito Ambiental Turma 2026, conforme Edital n\u00ba 094\/2025.<\/p>\n\n\n\n<p class=\"has-large-font-size\">Vagas<\/p>\n\n\n\n<p>S\u00e3o ofertadas 20 vagas, distribu\u00eddas em:<\/p>\n\n\n\n<p>13 vagas de ampla concorr\u00eancia;<\/p>\n\n\n\n<p>1 vaga para candidato estrangeiro;<\/p>\n\n\n\n<p>6 vagas destinadas a a\u00e7\u00f5es afirmativas (pessoas com defici\u00eancia, negros, ind\u00edgenas e quilombolas).<\/p>\n\n\n\n<p class=\"has-large-font-size\">Inscri\u00e7\u00f5es<\/p>\n\n\n\n<p>Per\u00edodo: 12 de setembro a 15 de outubro de 2025<\/p>\n\n\n\n<p>Formato: Exclusivamente online pelo formul\u00e1rio: https:\/\/forms.gle\/q96DWzDvbhUVZWda6<\/p>\n\n\n\n<p>Taxa: R$ 200,00, com possibilidade de isen\u00e7\u00e3o para inscritos no Cad\u00danico.<\/p>\n\n\n\n<p class=\"has-large-font-size\">Etapas do Processo Seletivo<\/p>\n\n\n\n<p>Prova de Conhecimento Espec\u00edfico 31\/10\/2025<\/p>\n\n\n\n<p>Entrevista e Defesa do Pr\u00e9-Projeto de Pesquisa  01 a 05\/12\/2025<\/p>\n\n\n\n<p>Exame de T\u00edtulos, conforme crit\u00e9rios do edital.<\/p>\n\n\n\n<p class=\"has-large-font-size\">P\u00fablico-Alvo e Curso<\/p>\n\n\n\n<p>O mestrado \u00e9 voltado exclusivamente para bachar\u00e9is em Direito e possui \u00e1rea de concentra\u00e7\u00e3o em Direito Ambiental, com duas linhas de pesquisa:<\/p>\n\n\n\n<p>Conserva\u00e7\u00e3o dos Recursos Naturais e Desenvolvimento Sustent\u00e1vel<\/p>\n\n\n\n<p>Direitos da S\u00f3cio e Biodiversidade.<\/p>\n\n\n\n<details class=\"wp-block-details is-layout-flow wp-block-details-is-layout-flow\"><summary>ERRATA DE MESTRADO<\/summary>\n<div data-wp-interactive=\"core\/file\" class=\"wp-block-file\"><object data-wp-bind--hidden=\"!state.hasPdfPreview\" hidden class=\"wp-block-file__embed\" data=\"http:\/\/posgraduacao.uea.edu.br\/direitoambiental\/wp-content\/uploads\/2025\/08\/ERRATA-MESTRADO-2.pdf\" type=\"application\/pdf\" style=\"width:100%;height:200px\" aria-label=\"Incorporado de ERRATA MESTRADO.\"><\/object><a id=\"wp-block-file--media-4980817c-0997-44f5-95d8-c67f710ddcd0\" href=\"http:\/\/posgraduacao.uea.edu.br\/direitoambiental\/wp-content\/uploads\/2025\/08\/ERRATA-MESTRADO-2.pdf\">ERRATA MESTRADO<\/a><a href=\"http:\/\/posgraduacao.uea.edu.br\/direitoambiental\/wp-content\/uploads\/2025\/08\/ERRATA-MESTRADO-2.pdf\" class=\"wp-block-file__button wp-element-button\" download aria-describedby=\"wp-block-file--media-4980817c-0997-44f5-95d8-c67f710ddcd0\">Baixar<\/a><\/div>\n<\/details>\n\n\n\n<details class=\"wp-block-details is-layout-flow wp-block-details-is-layout-flow\"><summary>EDITAL DE MESTRADO<\/summary>\n<div data-wp-interactive=\"core\/file\" class=\"wp-block-file\"><object data-wp-bind--hidden=\"!state.hasPdfPreview\" hidden class=\"wp-block-file__embed\" data=\"http:\/\/posgraduacao.uea.edu.br\/direitoambiental\/wp-content\/uploads\/2025\/08\/Edital-PPGDA-2.pdf\" type=\"application\/pdf\" style=\"width:100%;height:200px\" aria-label=\"Incorporado de Edital PPGDA.\"><\/object><a id=\"wp-block-file--media-b9f0057c-0b84-431f-be76-fe78cc03c450\" href=\"http:\/\/posgraduacao.uea.edu.br\/direitoambiental\/wp-content\/uploads\/2025\/08\/Edital-PPGDA-2.pdf\">Edital PPGDA<\/a><a href=\"http:\/\/posgraduacao.uea.edu.br\/direitoambiental\/wp-content\/uploads\/2025\/08\/Edital-PPGDA-2.pdf\" class=\"wp-block-file__button wp-element-button\" download aria-describedby=\"wp-block-file--media-b9f0057c-0b84-431f-be76-fe78cc03c450\">Baixar<\/a><\/div>\n<\/details>\n\n\n\n<p>As atividades ser\u00e3o presenciais, na sede do PPGDA, em Manaus. <\/p>\n\n\n\n<div class=\"wp-block-stackable-text stk-block-text stk-block stk-acf7bad\" data-block-id=\"acf7bad\"><style>.stk-acf7bad {margin-bottom:131px !important;}<\/style><p class=\"stk-block-text__text\"><\/p><\/div>\n\n\n\n<div class=\"wp-block-stackable-text stk-block-text stk-block stk-37acf42\" data-block-id=\"37acf42\"><p class=\"stk-block-text__text\"><\/p><\/div>\n\n\n\n<div class=\"wp-block-stackable-columns stk-block-columns stk-block stk-76aad5c\" data-block-id=\"76aad5c\"><div class=\"stk-row stk-inner-blocks stk-block-content stk-content-align stk-76aad5c-column\">\n<div class=\"wp-block-stackable-column stk-block-column stk-column stk-block stk-f446e67\" data-v=\"4\" data-block-id=\"f446e67\"><style>@media screen and (min-width:690px){.stk-f446e67 {flex:var(--stk-flex-grow, 1) 1 66.7% !important;}}<\/style><div class=\"stk-column-wrapper stk-block-column__content stk-container stk-f446e67-container stk--no-background stk--no-padding\"><div class=\"stk-block-content stk-inner-blocks stk-f446e67-inner-blocks\"><\/div><\/div><\/div>\n\n\n\n<div class=\"wp-block-stackable-column stk-block-column stk-column stk-block stk-a2cd87e\" data-v=\"4\" data-block-id=\"a2cd87e\"><style>@media screen and (min-width:690px){.stk-a2cd87e {flex:var(--stk-flex-grow, 1) 1 33.3% !important;}}<\/style><div class=\"stk-column-wrapper stk-block-column__content stk-container stk-a2cd87e-container stk--no-background stk--no-padding\"><div class=\"stk-block-content stk-inner-blocks stk-a2cd87e-inner-blocks\"><\/div><\/div><\/div>\n<\/div><\/div>\n\n\n\n<p>Confira a not\u00edcia pelo&nbsp;<a href=\"https:\/\/www.fuham.am.gov.br\/mestranda-em-dermatologia-recebe-premio-em-mostra-cientifica-no-amazonas\/\" target=\"_blank\" rel=\"noreferrer noopener\">site da FUHAM<\/a>.<\/p>\n\n\n\n<figure class=\"wp-block-embed is-type-video is-provider-youtube wp-block-embed-youtube wp-embed-aspect-16-9 wp-has-aspect-ratio\"><div class=\"wp-block-embed__wrapper\">\n<iframe loading=\"lazy\" title=\"Foi aprovado o curso de Doutorado em Direito Ambiental da Universidade do Estado do Amazonas.\" width=\"1290\" height=\"726\" src=\"https:\/\/www.youtube.com\/embed\/2DKZgoL_9ak?feature=oembed\" frameborder=\"0\" allow=\"accelerometer; autoplay; clipboard-write; encrypted-media; gyroscope; picture-in-picture; web-share\" referrerpolicy=\"strict-origin-when-cross-origin\" allowfullscreen><\/iframe>\n<\/div><\/figure>\n\n\n\n<p>Curso de Direito Ambiental UEA<\/p>\n\n\n\n<div class=\"wp-block-stackable-button-group stk-block-button-group stk-block stk-79fb273\" data-block-id=\"79fb273\"><style>.stk-79fb273 {margin-bottom:78px !important;}<\/style><div class=\"stk-row stk-inner-blocks stk-block-content stk-button-group\">\n<div class=\"wp-block-stackable-button stk-block-button stk-block stk-e70c282\" data-block-id=\"e70c282\"><a class=\"stk-link stk-button stk--hover-effect-darken\" href=\"https:\/\/www.fuham.am.gov.br\/mestranda-em-dermatologia-recebe-premio-em-mostra-cientifica-no-amazonas\/\" target=\"_blank\" rel=\"noreferrer noopener\"><span class=\"stk-button__inner-text\">Bot\u00e3o de link<\/span><\/a><\/div>\n<\/div><\/div>\n\n\n\n<p style=\"margin-top:0;margin-right:var(--wp--preset--spacing--20);margin-bottom:0;margin-left:var(--wp--preset--spacing--20)\"><\/p>\n\n\n\n<p><\/p>\n","protected":false},"excerpt":{"rendered":"<p>O Programa de P\u00f3s-Gradua\u00e7\u00e3o em Direito Ambiental da Universidade do Estado do Amazonas (PPGDA\/UEA) informa que est\u00e3o abertas as inscri\u00e7\u00f5es para o processo seletivo do Mestrado em Direito Ambiental Turma 2026, conforme Edital n\u00ba 094\/2025.<\/p>\n","protected":false},"author":7,"featured_media":1173,"comment_status":"closed","ping_status":"","sticky":false,"template":"","format":"standard","meta":{"footnotes":""},"categories":[2,1],"tags":[],"class_list":["post-1145","post","type-post","status-publish","format-standard","has-post-thumbnail","hentry","category-informe","category-ppgda"],"blocksy_meta":[],"_links":{"self":[{"href":"http:\/\/posgraduacao.uea.edu.br\/direitoambiental\/index.php\/wp-json\/wp\/v2\/posts\/1145","targetHints":{"allow":["GET"]}}],"collection":[{"href":"http:\/\/posgraduacao.uea.edu.br\/direitoambiental\/index.php\/wp-json\/wp\/v2\/posts"}],"about":[{"href":"http:\/\/posgraduacao.uea.edu.br\/direitoambiental\/index.php\/wp-json\/wp\/v2\/types\/post"}],"author":[{"embeddable":true,"href":"http:\/\/posgraduacao.uea.edu.br\/direitoambiental\/index.php\/wp-json\/wp\/v2\/users\/7"}],"replies":[{"embeddable":true,"href":"http:\/\/posgraduacao.uea.edu.br\/direitoambiental\/index.php\/wp-json\/wp\/v2\/comments?post=1145"}],"version-history":[{"count":4,"href":"http:\/\/posgraduacao.uea.edu.br\/direitoambiental\/index.php\/wp-json\/wp\/v2\/posts\/1145\/revisions"}],"predecessor-version":[{"id":1174,"href":"http:\/\/posgraduacao.uea.edu.br\/direitoambiental\/index.php\/wp-json\/wp\/v2\/posts\/1145\/revisions\/1174"}],"wp:featuredmedia":[{"embeddable":true,"href":"http:\/\/posgraduacao.uea.edu.br\/direitoambiental\/index.php\/wp-json\/wp\/v2\/media\/1173"}],"wp:attachment":[{"href":"http:\/\/posgraduacao.uea.edu.br\/direitoambiental\/index.php\/wp-json\/wp\/v2\/media?parent=1145"}],"wp:term":[{"taxonomy":"category","embeddable":true,"href":"http:\/\/posgraduacao.uea.edu.br\/direitoambiental\/index.php\/wp-json\/wp\/v2\/categories?post=1145"},{"taxonomy":"post_tag","embeddable":true,"href":"http:\/\/posgraduacao.uea.edu.br\/direitoambiental\/index.php\/wp-json\/wp\/v2\/tags?post=1145"}],"curies":[{"name":"wp","href":"https:\/\/api.w.org\/{rel}","templated":true}]}}