{"id":1547,"date":"2026-03-18T16:23:22","date_gmt":"2026-03-18T19:23:22","guid":{"rendered":"http:\/\/posgraduacao.uea.edu.br\/direitoambiental\/?p=1547"},"modified":"2026-03-18T16:23:22","modified_gmt":"2026-03-18T19:23:22","slug":"escola-judicial-divulga-agraciados-da-medalha-do-merito-academico-de-2025","status":"publish","type":"post","link":"http:\/\/posgraduacao.uea.edu.br\/direitoambiental\/index.php\/2026\/03\/18\/escola-judicial-divulga-agraciados-da-medalha-do-merito-academico-de-2025\/","title":{"rendered":"Escola Judicial divulga agraciados da Medalha do M\u00e9rito Acad\u00eamico de 2025"},"content":{"rendered":"\n<p>A Escola Judicial do Tribunal de Justi\u00e7a do Estado do Amazonas (Ejud\/TJAM) divulgou, na edi\u00e7\u00e3o da \u00faltima ter\u00e7a-feira (10\/2) do Di\u00e1rio da Justi\u00e7a Eletr\u00f4nico (DJE), a Portaria n.\u00ba 1\/2026, que apresenta a lista de agraciados da terceira edi\u00e7\u00e3o da Medalha do M\u00e9rito Acad\u00eamico da institui\u00e7\u00e3o.<\/p>\n\n\n\n<p>Nesta edi\u00e7\u00e3o, 26 personalidades foram laureadas, entre autoridades do sistema de justi\u00e7a, representantes de institui\u00e7\u00f5es parceiras e colaboradores que contribu\u00edram de forma relevante com as atividades da Escola ao longo de 2025.<\/p>\n\n\n\n<p>Entre os homenageados, destacam-se os docentes vinculados ao Programa de P\u00f3s-Gradua\u00e7\u00e3o em Direito Ambiental (PPGDA) V\u00e2nia Maria do Perp\u00e9tuo Socorro Marques Marinho, Jeibson dos Santos Justiniano e Alcian Pereira de Souza, cuja atua\u00e7\u00e3o reafirma o compromisso do programa com a excel\u00eancia acad\u00eamica e com o fortalecimento das atividades de ensino, pesquisa e extens\u00e3o no campo jur\u00eddico.<\/p>\n\n\n\n<p>A homenagem tamb\u00e9m contemplou profissionais de diferentes \u00e1reas e institui\u00e7\u00f5es, evidenciando o car\u00e1ter colaborativo e interinstitucional das a\u00e7\u00f5es desenvolvidas pela Escola Judicial.<\/p>\n\n\n\n<p>A cerim\u00f4nia de entrega da honraria foi realizada na manh\u00e3 do dia 13 de mar\u00e7o de 2026, no audit\u00f3rio desembargador Arthur Virg\u00edlio do Carmo Ribeiro, localizado no Centro Administrativo Desembargador Jos\u00e9 Jesus Ferreira Lopes, pr\u00e9dio anexo \u00e0 sede do Poder Judici\u00e1rio do Amazonas.<\/p>\n\n\n\n<p>Institu\u00edda em abril de 2023, por meio da Resolu\u00e7\u00e3o n.\u00ba 14\/2023, a Medalha do M\u00e9rito Acad\u00eamico da Ejud tem como objetivo reconhecer personalidades que contribu\u00edram de forma relevante para o ensino, a pesquisa, a extens\u00e3o ou a jurisdi\u00e7\u00e3o.<\/p>\n\n\n\n<p>De acordo com o diretor da Escola Judicial, desembargador Abraham Campos Peixoto Filho, a honraria foi criada para reconhecer, de forma institucional, aqueles que colaboram para o aprimoramento das atividades da Escola. Nesta terceira edi\u00e7\u00e3o, segundo o magistrado, a medalha representa o reconhecimento p\u00fablico das contribui\u00e7\u00f5es realizadas ao longo de 2025 e do compromisso com a qualifica\u00e7\u00e3o e o fortalecimento institucional.<\/p>\n\n\n\n<p>A lista completa de agraciados pode ser consultada na Portaria n.\u00ba 1\/2026, publicada no Di\u00e1rio da Justi\u00e7a Eletr\u00f4nico do Tribunal de Justi\u00e7a do Estado do Amazonas.<\/p>\n\n\n\n<p><\/p>\n\n\n\n<figure class=\"wp-block-image size-large is-resized\"><img loading=\"lazy\" decoding=\"async\" width=\"1024\" height=\"682\" src=\"http:\/\/posgraduacao.uea.edu.br\/direitoambiental\/wp-content\/uploads\/2026\/03\/image-3-1024x682.png\" alt=\"\" class=\"wp-image-1552\" style=\"aspect-ratio:1.5014796448852274;width:303px;height:auto\" srcset=\"http:\/\/posgraduacao.uea.edu.br\/direitoambiental\/wp-content\/uploads\/2026\/03\/image-3-1024x682.png 1024w, http:\/\/posgraduacao.uea.edu.br\/direitoambiental\/wp-content\/uploads\/2026\/03\/image-3-300x200.png 300w, http:\/\/posgraduacao.uea.edu.br\/direitoambiental\/wp-content\/uploads\/2026\/03\/image-3-768x512.png 768w, http:\/\/posgraduacao.uea.edu.br\/direitoambiental\/wp-content\/uploads\/2026\/03\/image-3-1536x1023.png 1536w, http:\/\/posgraduacao.uea.edu.br\/direitoambiental\/wp-content\/uploads\/2026\/03\/image-3.png 1600w\" sizes=\"auto, (max-width: 1024px) 100vw, 1024px\" \/><\/figure>\n\n\n\n<figure class=\"wp-block-image size-large is-resized\"><img loading=\"lazy\" decoding=\"async\" width=\"991\" height=\"1024\" src=\"http:\/\/posgraduacao.uea.edu.br\/direitoambiental\/wp-content\/uploads\/2026\/03\/WhatsApp-Image-2026-03-16-at-12.12.32-2-991x1024.jpeg\" alt=\"\" class=\"wp-image-1553\" style=\"aspect-ratio:0.9675058623444224;width:281px;height:auto\" srcset=\"http:\/\/posgraduacao.uea.edu.br\/direitoambiental\/wp-content\/uploads\/2026\/03\/WhatsApp-Image-2026-03-16-at-12.12.32-2-991x1024.jpeg 991w, http:\/\/posgraduacao.uea.edu.br\/direitoambiental\/wp-content\/uploads\/2026\/03\/WhatsApp-Image-2026-03-16-at-12.12.32-2-290x300.jpeg 290w, http:\/\/posgraduacao.uea.edu.br\/direitoambiental\/wp-content\/uploads\/2026\/03\/WhatsApp-Image-2026-03-16-at-12.12.32-2-768x794.jpeg 768w, http:\/\/posgraduacao.uea.edu.br\/direitoambiental\/wp-content\/uploads\/2026\/03\/WhatsApp-Image-2026-03-16-at-12.12.32-2-1486x1536.jpeg 1486w, http:\/\/posgraduacao.uea.edu.br\/direitoambiental\/wp-content\/uploads\/2026\/03\/WhatsApp-Image-2026-03-16-at-12.12.32-2.jpeg 1548w\" sizes=\"auto, (max-width: 991px) 100vw, 991px\" \/><\/figure>\n\n\n\n<figure class=\"wp-block-image size-large is-resized\"><img loading=\"lazy\" decoding=\"async\" width=\"1024\" height=\"682\" src=\"http:\/\/posgraduacao.uea.edu.br\/direitoambiental\/wp-content\/uploads\/2026\/03\/image-4-1024x682.png\" alt=\"\" class=\"wp-image-1554\" style=\"aspect-ratio:1.5014796448852274;width:348px;height:auto\" srcset=\"http:\/\/posgraduacao.uea.edu.br\/direitoambiental\/wp-content\/uploads\/2026\/03\/image-4-1024x682.png 1024w, http:\/\/posgraduacao.uea.edu.br\/direitoambiental\/wp-content\/uploads\/2026\/03\/image-4-300x200.png 300w, http:\/\/posgraduacao.uea.edu.br\/direitoambiental\/wp-content\/uploads\/2026\/03\/image-4-768x512.png 768w, http:\/\/posgraduacao.uea.edu.br\/direitoambiental\/wp-content\/uploads\/2026\/03\/image-4-1536x1023.png 1536w, http:\/\/posgraduacao.uea.edu.br\/direitoambiental\/wp-content\/uploads\/2026\/03\/image-4.png 1600w\" sizes=\"auto, (max-width: 1024px) 100vw, 1024px\" \/><\/figure>\n\n\n\n<figure class=\"wp-block-image size-large is-resized\"><img loading=\"lazy\" decoding=\"async\" width=\"1024\" height=\"684\" src=\"http:\/\/posgraduacao.uea.edu.br\/direitoambiental\/wp-content\/uploads\/2026\/03\/image-5-1024x684.png\" alt=\"\" class=\"wp-image-1555\" style=\"aspect-ratio:1.4981246508658528;width:357px;height:auto\" srcset=\"http:\/\/posgraduacao.uea.edu.br\/direitoambiental\/wp-content\/uploads\/2026\/03\/image-5-1024x684.png 1024w, http:\/\/posgraduacao.uea.edu.br\/direitoambiental\/wp-content\/uploads\/2026\/03\/image-5-300x200.png 300w, http:\/\/posgraduacao.uea.edu.br\/direitoambiental\/wp-content\/uploads\/2026\/03\/image-5-768x513.png 768w, http:\/\/posgraduacao.uea.edu.br\/direitoambiental\/wp-content\/uploads\/2026\/03\/image-5-1536x1025.png 1536w, http:\/\/posgraduacao.uea.edu.br\/direitoambiental\/wp-content\/uploads\/2026\/03\/image-5.png 1600w\" sizes=\"auto, (max-width: 1024px) 100vw, 1024px\" \/><\/figure>\n\n\n\n<p><\/p>\n","protected":false},"excerpt":{"rendered":"<p>A Escola Judicial do Tribunal de Justi\u00e7a do Estado do Amazonas (Ejud\/TJAM) divulgou, na edi\u00e7\u00e3o da \u00faltima ter\u00e7a-feira (10\/2) do Di\u00e1rio da Justi\u00e7a Eletr\u00f4nico (DJE), a Portaria n.\u00ba 1\/2026, que apresenta a lista de agraciados da terceira edi\u00e7\u00e3o da Medalha do M\u00e9rito Acad\u00eamico da institui\u00e7\u00e3o. Nesta edi\u00e7\u00e3o, 26 personalidades foram laureadas, entre autoridades do sistema [&hellip;]<\/p>\n","protected":false},"author":2,"featured_media":0,"comment_status":"closed","ping_status":"","sticky":false,"template":"","format":"standard","meta":{"footnotes":""},"categories":[1],"tags":[],"class_list":["post-1547","post","type-post","status-publish","format-standard","hentry","category-ppgda"],"blocksy_meta":[],"_links":{"self":[{"href":"http:\/\/posgraduacao.uea.edu.br\/direitoambiental\/index.php\/wp-json\/wp\/v2\/posts\/1547","targetHints":{"allow":["GET"]}}],"collection":[{"href":"http:\/\/posgraduacao.uea.edu.br\/direitoambiental\/index.php\/wp-json\/wp\/v2\/posts"}],"about":[{"href":"http:\/\/posgraduacao.uea.edu.br\/direitoambiental\/index.php\/wp-json\/wp\/v2\/types\/post"}],"author":[{"embeddable":true,"href":"http:\/\/posgraduacao.uea.edu.br\/direitoambiental\/index.php\/wp-json\/wp\/v2\/users\/2"}],"replies":[{"embeddable":true,"href":"http:\/\/posgraduacao.uea.edu.br\/direitoambiental\/index.php\/wp-json\/wp\/v2\/comments?post=1547"}],"version-history":[{"count":1,"href":"http:\/\/posgraduacao.uea.edu.br\/direitoambiental\/index.php\/wp-json\/wp\/v2\/posts\/1547\/revisions"}],"predecessor-version":[{"id":1556,"href":"http:\/\/posgraduacao.uea.edu.br\/direitoambiental\/index.php\/wp-json\/wp\/v2\/posts\/1547\/revisions\/1556"}],"wp:attachment":[{"href":"http:\/\/posgraduacao.uea.edu.br\/direitoambiental\/index.php\/wp-json\/wp\/v2\/media?parent=1547"}],"wp:term":[{"taxonomy":"category","embeddable":true,"href":"http:\/\/posgraduacao.uea.edu.br\/direitoambiental\/index.php\/wp-json\/wp\/v2\/categories?post=1547"},{"taxonomy":"post_tag","embeddable":true,"href":"http:\/\/posgraduacao.uea.edu.br\/direitoambiental\/index.php\/wp-json\/wp\/v2\/tags?post=1547"}],"curies":[{"name":"wp","href":"https:\/\/api.w.org\/{rel}","templated":true}]}}